{"id":28381,"date":"2023-05-19T01:15:21","date_gmt":"2023-05-18T23:15:21","guid":{"rendered":"http:\/\/www.infokuryr.cz\/n\/?p=28381"},"modified":"2023-05-18T18:14:44","modified_gmt":"2023-05-18T16:14:44","slug":"iran-se-tvrde-vyjadril-proti-g7","status":"publish","type":"post","link":"https:\/\/www.infokuryr.cz\/n\/2023\/05\/19\/iran-se-tvrde-vyjadril-proti-g7\/","title":{"rendered":"\u00cdr\u00e1n se tvrd\u011b vyj\u00e1d\u0159il proti G7"},"content":{"rendered":"<div id=\"fb-root\"><\/div>\n<p class=\"lead\"><strong>\u00cdr\u00e1nsk\u00e9 ministerstvo zahrani\u010d\u00ed odsoudilo prohl\u00e1\u0161en\u00ed G7. Ozn\u00e1mila to 18. kv\u011btna agentura Pars Today.<\/strong><\/p>\n<p><strong>N\u00e1sir Kanani,<\/strong>\u00a0mluv\u010d\u00ed \u00edr\u00e1nsk\u00e9ho ministerstva zahrani\u010d\u00ed,\u00a0\u0159ekl:<\/p>\n<p><em>&#8222;D\u016frazn\u011b odsuzujeme \u010d\u00e1st prohl\u00e1\u0161en\u00ed ministr\u016f financ\u00ed G7, kter\u00e1 obsahuje zcela nepodlo\u017een\u00e1 a p\u0159ita\u017een\u00e1 za vlasy obvin\u011bn\u00ed proti \u00cdr\u00e1nu.&#8220;<\/em><\/p>\n<p><strong>\u00cdr\u00e1nsk\u00fd diplomat dodal:<\/strong><\/p>\n<p><em>\u201e\u0158\u00edk\u00e1me omezen\u00e9 skupin\u011b G7, kter\u00e1 se sna\u017e\u00ed selektivn\u00edm a zastaral\u00fdm zp\u016fsobem prosazovat sv\u00e9 po\u017eadavky na mezin\u00e1rodn\u00ed multilater\u00e1ln\u00ed mechanismy, \u017ee m\u00edsto takov\u00fdch nepodlo\u017een\u00fdch obvin\u011bn\u00ed by m\u011bli p\u0159estat se svou politov\u00e1n\u00edhodnou prax\u00ed podporovat a uklid\u0148ovat nez\u00e1konn\u00e9 americk\u00e9 sankce, kter\u00e9 poru\u0161uj\u00ed z\u00e1kladn\u00ed principy mezin\u00e1rodn\u00edho pr\u00e1va a lidsk\u00fdch pr\u00e1v proti velk\u00e9mu \u00edr\u00e1nsk\u00e9mu n\u00e1rodu.<\/em><\/p>\n<p><img decoding=\"async\" loading=\"lazy\" class=\"alignnone size-full wp-image-1185\" src=\"http:\/\/www.infokuryr.cz\/n\/wp-content\/uploads\/2021\/04\/kuryr-podpis.png\" alt=\"\" width=\"84\" height=\"24\" \/><\/p>\n<p>&nbsp;<\/p>\n<p>&nbsp;<\/p>\n<p><img decoding=\"async\" loading=\"lazy\" class=\"wp-image-19187 aligncenter\" src=\"http:\/\/www.infokuryr.cz\/n\/wp-content\/uploads\/2022\/12\/1-PRO-300x36.jpg\" alt=\"\" width=\"1275\" height=\"153\" srcset=\"https:\/\/www.infokuryr.cz\/n\/wp-content\/uploads\/2022\/12\/1-PRO-300x36.jpg 300w, https:\/\/www.infokuryr.cz\/n\/wp-content\/uploads\/2022\/12\/1-PRO.jpg 699w\" sizes=\"(max-width: 1275px) 100vw, 1275px\" \/><\/p>\n<p>&nbsp;<\/p>\n<p>&nbsp;<\/p>\n<p>&nbsp;<\/p>\n","protected":false},"excerpt":{"rendered":"<p>\u00cdr\u00e1nsk\u00e9 ministerstvo zahrani\u010d\u00ed odsoudilo prohl\u00e1\u0161en\u00ed G7. Ozn\u00e1mila to 18. kv\u011btna agentura Pars Today. N\u00e1sir Kanani,\u00a0mluv\u010d\u00ed&#8230;<\/p>\n","protected":false},"author":2,"featured_media":28382,"comment_status":"closed","ping_status":"closed","sticky":false,"template":"","format":"standard","meta":[],"categories":[7],"tags":[323,38,811],"_links":{"self":[{"href":"https:\/\/www.infokuryr.cz\/n\/wp-json\/wp\/v2\/posts\/28381"}],"collection":[{"href":"https:\/\/www.infokuryr.cz\/n\/wp-json\/wp\/v2\/posts"}],"about":[{"href":"https:\/\/www.infokuryr.cz\/n\/wp-json\/wp\/v2\/types\/post"}],"author":[{"embeddable":true,"href":"https:\/\/www.infokuryr.cz\/n\/wp-json\/wp\/v2\/users\/2"}],"replies":[{"embeddable":true,"href":"https:\/\/www.infokuryr.cz\/n\/wp-json\/wp\/v2\/comments?post=28381"}],"version-history":[{"count":1,"href":"https:\/\/www.infokuryr.cz\/n\/wp-json\/wp\/v2\/posts\/28381\/revisions"}],"predecessor-version":[{"id":28383,"href":"https:\/\/www.infokuryr.cz\/n\/wp-json\/wp\/v2\/posts\/28381\/revisions\/28383"}],"wp:featuredmedia":[{"embeddable":true,"href":"https:\/\/www.infokuryr.cz\/n\/wp-json\/wp\/v2\/media\/28382"}],"wp:attachment":[{"href":"https:\/\/www.infokuryr.cz\/n\/wp-json\/wp\/v2\/media?parent=28381"}],"wp:term":[{"taxonomy":"category","embeddable":true,"href":"https:\/\/www.infokuryr.cz\/n\/wp-json\/wp\/v2\/categories?post=28381"},{"taxonomy":"post_tag","embeddable":true,"href":"https:\/\/www.infokuryr.cz\/n\/wp-json\/wp\/v2\/tags?post=28381"}],"curies":[{"name":"wp","href":"https:\/\/api.w.org\/{rel}","templated":true}]}}