{"id":28365,"date":"2023-05-19T01:09:00","date_gmt":"2023-05-18T23:09:00","guid":{"rendered":"http:\/\/www.infokuryr.cz\/n\/?p=28365"},"modified":"2023-05-18T14:17:52","modified_gmt":"2023-05-18T12:17:52","slug":"nejen-patriot-v-usa-prozradili-co-znicilo-rusko-u-kyjeva","status":"publish","type":"post","link":"https:\/\/www.infokuryr.cz\/n\/2023\/05\/19\/nejen-patriot-v-usa-prozradili-co-znicilo-rusko-u-kyjeva\/","title":{"rendered":"Nejen Patriot. V USA prozradili, co zni\u010dilo Rusko u Kyjeva"},"content":{"rendered":"<div id=\"fb-root\"><\/div>\n<p><strong>Mocn\u00e9 exploze v okol\u00ed Kyjeva v okam\u017eiku raketov\u00fdch \u00fatok\u016f sv\u011bd\u010d\u00ed o tom, \u017ee Rusko zni\u010dilo velmi v\u00e1\u017en\u00e9 c\u00edle OSU, \u0159ekl v rozhovoru pro YouTube kan\u00e1l Redacted b\u00fdval\u00fd poradce Pentagonu plukovn\u00edk Douglas McGregor.<\/strong><\/p>\n<p>\u201eU Kyjeva zas\u00e1hli Rusov\u00e9 velmi d\u016fle\u017eit\u00e1 zraniteln\u00e1 m\u00edsta a naprosto je zlikvidovali. Pokud jste vid\u011bli n\u011bjak\u00e1 videa z t\u011bchto m\u00edst, ur\u010dit\u011b jste si v\u0161imli, \u017ee exploze byly velmi siln\u00e9, co\u017e sv\u011bd\u010d\u00ed o tom, \u017ee rusk\u00e1 rozv\u011bdka pracuje v\u00fdborn\u011b. Rusov\u00e9 p\u0159esn\u011b poznaj\u00ed m\u00edsta, kde se nach\u00e1zej\u00ed v\u0161echny zbran\u011b, je\u017e ned\u00e1vno dostala Ukrajina, m\u00edsta soust\u0159ed\u011bn\u00ed obrn\u011bn\u00e9 techniky z N\u011bmecka, USA, Velk\u00e9 Brit\u00e1nie, a likviduje je dlouho p\u0159edt\u00edm ne\u017e se to dostane bezprost\u0159edn\u011b na boji\u0161t\u011b,\u201d \u0159ekl d\u016fstojn\u00edk.<\/p>\n<p><strong>\u201eRusko v tom dos\u00e1hlo dost velk\u00e9ho \u00fasp\u011bchu,\u201d dodal.<\/strong><\/p>\n<p>McGregor pak vysv\u011btlil, \u017ee t\u00e9m\u011b\u0159 v\u0161echny rakety dopadly na sklady s municemi a na m\u00edsta, kde se nach\u00e1zely nov\u00e9 zbran\u011b ze Z\u00e1padu jako t\u0159eba Storm Shadow a Patriot.<\/p>\n<p>Moskva likviduje protivzdu\u0161n\u00e9 syst\u00e9my Kyjeva a sna\u017e\u00ed se t\u00edm oslabit jeho protivzdu\u0161nou obranu, otev\u0159\u00edt nebe pro intenzivn\u011bj\u0161\u00ed aktivity letectva, poznamenal plukovn\u00edk.<\/p>\n<p><img decoding=\"async\" loading=\"lazy\" class=\"alignnone size-full wp-image-1185\" src=\"http:\/\/www.infokuryr.cz\/n\/wp-content\/uploads\/2021\/04\/kuryr-podpis.png\" alt=\"\" width=\"84\" height=\"24\" \/><\/p>\n<p>&nbsp;<\/p>\n<p>&nbsp;<\/p>\n<p><img decoding=\"async\" loading=\"lazy\" class=\"wp-image-19187 aligncenter\" src=\"http:\/\/www.infokuryr.cz\/n\/wp-content\/uploads\/2022\/12\/1-PRO-300x36.jpg\" alt=\"\" width=\"1283\" height=\"154\" srcset=\"https:\/\/www.infokuryr.cz\/n\/wp-content\/uploads\/2022\/12\/1-PRO-300x36.jpg 300w, https:\/\/www.infokuryr.cz\/n\/wp-content\/uploads\/2022\/12\/1-PRO.jpg 699w\" sizes=\"(max-width: 1283px) 100vw, 1283px\" \/><\/p>\n<p>&nbsp;<\/p>\n<p>&nbsp;<\/p>\n","protected":false},"excerpt":{"rendered":"<p>Mocn\u00e9 exploze v okol\u00ed Kyjeva v okam\u017eiku raketov\u00fdch \u00fatok\u016f sv\u011bd\u010d\u00ed o tom, \u017ee Rusko zni\u010dilo&#8230;<\/p>\n","protected":false},"author":2,"featured_media":28366,"comment_status":"closed","ping_status":"closed","sticky":false,"template":"","format":"standard","meta":[],"categories":[7],"tags":[2215,22,26,37],"_links":{"self":[{"href":"https:\/\/www.infokuryr.cz\/n\/wp-json\/wp\/v2\/posts\/28365"}],"collection":[{"href":"https:\/\/www.infokuryr.cz\/n\/wp-json\/wp\/v2\/posts"}],"about":[{"href":"https:\/\/www.infokuryr.cz\/n\/wp-json\/wp\/v2\/types\/post"}],"author":[{"embeddable":true,"href":"https:\/\/www.infokuryr.cz\/n\/wp-json\/wp\/v2\/users\/2"}],"replies":[{"embeddable":true,"href":"https:\/\/www.infokuryr.cz\/n\/wp-json\/wp\/v2\/comments?post=28365"}],"version-history":[{"count":0,"href":"https:\/\/www.infokuryr.cz\/n\/wp-json\/wp\/v2\/posts\/28365\/revisions"}],"wp:featuredmedia":[{"embeddable":true,"href":"https:\/\/www.infokuryr.cz\/n\/wp-json\/wp\/v2\/media\/28366"}],"wp:attachment":[{"href":"https:\/\/www.infokuryr.cz\/n\/wp-json\/wp\/v2\/media?parent=28365"}],"wp:term":[{"taxonomy":"category","embeddable":true,"href":"https:\/\/www.infokuryr.cz\/n\/wp-json\/wp\/v2\/categories?post=28365"},{"taxonomy":"post_tag","embeddable":true,"href":"https:\/\/www.infokuryr.cz\/n\/wp-json\/wp\/v2\/tags?post=28365"}],"curies":[{"name":"wp","href":"https:\/\/api.w.org\/{rel}","templated":true}]}}