{"id":2827,"date":"2021-06-26T05:50:30","date_gmt":"2021-06-26T03:50:30","guid":{"rendered":"http:\/\/www.infokuryr.cz\/n\/?p=2827"},"modified":"2021-06-26T05:50:30","modified_gmt":"2021-06-26T03:50:30","slug":"stala-se-ceska-republika-v-oblasti-brna-svedkem-nepovedene-aplikace-radiofrekvencni-modifikace-pocasi-za-pomoci-satelitu-na-stacionarni-draze","status":"publish","type":"post","link":"https:\/\/www.infokuryr.cz\/n\/2021\/06\/26\/stala-se-ceska-republika-v-oblasti-brna-svedkem-nepovedene-aplikace-radiofrekvencni-modifikace-pocasi-za-pomoci-satelitu-na-stacionarni-draze\/","title":{"rendered":"Stala se \u010cesk\u00e1 republika v oblasti Brna sv\u011bdkem nepoveden\u00e9 aplikace radiofrekven\u010dn\u00ed modifikace po\u010das\u00ed za pomoci satelitu na stacion\u00e1rn\u00ed dr\u00e1ze?"},"content":{"rendered":"<div id=\"fb-root\"><\/div>\n<h4>VIDEO: Stala se \u010cesk\u00e1 republika v oblasti Brna sv\u011bdkem nepoveden\u00e9 aplikace radiofrekven\u010dn\u00ed modifikace po\u010das\u00ed za pomoci satelitu na stacion\u00e1rn\u00ed dr\u00e1ze? Objedn\u00e1vka na v\u00edce de\u0161t\u011b skon\u010dila vznikem torn\u00e1da? Nad Brnem meteorologick\u00fd radar zachytil ost\u0159e ohrani\u010denou sr\u00e1\u017ekovou bari\u00e9ru s viditeln\u00fdm frekven\u010dn\u00edm vzorcem ve tvaru kruhov\u00fdch radiov\u00fdch vln soust\u0159ed\u011bn\u00fdch jako ter\u010d pro d\u011blo v kosmu, kter\u00fd zmizel po zah\u00e1jen\u00ed bou\u0159e a vzniku torn\u00e1da! Nad okol\u00edm Brna se v\u010dera tvo\u0159ila bublinov\u00e1 obla\u010dnost podobn\u00e1 radiofrekven\u010dn\u00edmu oh\u0159evu vzduchov\u00e9ho sloupce pomoc\u00ed technologie HAARP!<\/h4>\n<p>Ve \u010dtvrtek 24. \u010dervna 2021 v podve\u010der zas\u00e1hlo ji\u017en\u00ed Moravu ni\u010div\u00e9 torn\u00e1do, kter\u00e9 se vytvo\u0159ilo z bou\u0159kov\u00e9 a tlakov\u00e9 supercely nad prostorem Slavkova a okoln\u00edch obc\u00ed. Nejh\u016f\u0159e to odnesla obec Hru\u0161ky, kter\u00e1 byla t\u00e9m\u011b\u0159 z poloviny zni\u010dena a n\u011bkolik lid\u00ed p\u0159i\u0161lo o \u017eivot. Podobn\u00e9 \u00fakazy obvykle vid\u00edme p\u0159i z\u00e1b\u011brech ze st\u0159edoz\u00e1padu USA, ale na jihu Moravy je n\u011bco takov\u00e9ho nev\u00eddan\u00e9. Cel\u00e9 \u0159\u00e1d\u011bn\u00ed torn\u00e1da okam\u017eit\u011b vyu\u017eila Evropsk\u00e1 unie a politick\u00e9 n\u00e1tlakov\u00e9 organizace v cel\u00e9 EU, kter\u00e9 vyu\u017eily tohoto ne\u0161t\u011bst\u00ed k dal\u0161\u00edmu protla\u010dov\u00e1n\u00ed sv\u00e9 klimatick\u00e9 agendy.<\/p>\n<p>Toto je pr\u00fd d\u016fsledek klimatick\u00e9ho oteplov\u00e1n\u00ed a ji\u017en\u00ed Morava je pr\u00fd p\u0159\u00edkladem toho, jak klimatick\u00e9 zm\u011bny postupn\u011b m\u011bn\u00ed \u017eivotn\u00ed prost\u0159ed\u00ed.\u00a0<strong>Bylo jen ot\u00e1zkou n\u011bkolika hodin, kdy se ud\u00e1losti na Morav\u011b chop\u00ed klimatick\u00e1 lobby a bude kout \u017eelezo, dokud je \u017ehav\u00e9, a to s c\u00edlem prosazen\u00ed agendy Green Deal, rychlej\u0161\u00edho politick\u00e9ho kon\u00e1n\u00ed s c\u00edlem z\u00e1kazu spalovac\u00edch aut, p\u0159i\u010dem\u017e proti t\u011bmto agend\u00e1m je v zem\u00edch V4 pom\u011brn\u011b velk\u00fd odpor.<\/strong>\u00a0Torn\u00e1do tak v \u010cR p\u0159i\u0161lo globalist\u016fm jako na zavolanou, takov\u00e1 n\u00e1hoda\u2026 anebo ne?<\/p>\n<p><iframe loading=\"lazy\" src=\"https:\/\/www.youtube.com\/embed\/0_OyOzs71W8?feature=oembed\" width=\"100%\" height=\"394\" frameborder=\"0\" allowfullscreen=\"allowfullscreen\" data-mce-fragment=\"1\"><\/iframe><\/p>\n<p>Do redakce se n\u00e1m ji\u017e v\u010dera ozvala jedna \u010dten\u00e1\u0159ka ze Slovenska a poslala n\u00e1m ze sv\u00e9ho mobilu velice podivn\u00e9 z\u00e1b\u011bry. Jednalo se o z\u00e1b\u011bry ze slovensk\u00e9ho meteorologick\u00e9ho radaru\u00a0<a href=\"https:\/\/href.li\/?https:\/\/www.imeteo.sk\/iradar\" target=\"_blank\" rel=\"nofollow noopener\">imeteo.sk<\/a>\u00a0a tyto z\u00e1b\u011bry prost\u011b jenom ukazuj\u00ed sr\u00e1\u017ekovou a bou\u0159kovou aktivitu. Jen\u017ee na\u0161e \u010dten\u00e1\u0159ka si v\u0161imla n\u011b\u010deho naprosto podivn\u00e9ho, co j\u00ed doslova vyrazilo dech a nikdy v \u017eivot\u011b n\u011bco podobn\u00e9ho na aplikaci imeteo.sk nevid\u011bla, p\u0159esto\u017ee na aplikaci chod\u00ed pravideln\u011b a sleduje bou\u0159ky.<\/p>\n<p><strong>Upozornila n\u00e1s na podivn\u00e9 vzorce de\u0161\u0165ov\u00e9 bari\u00e9ry, resp. vodou nas\u00e1kl\u00e9 kapsy v atmosf\u00e9\u0159e, ov\u0161em se\u0159azen\u00e9 do naprosto neuv\u011b\u0159iteln\u00e9 podoby st\u0159eleck\u00e9ho ter\u010de<\/strong>, resp. kruhov\u00fdch radiofrekven\u010dn\u00edch vln, kdy jednotliv\u00e9 celly jsou symetricky a s mezerami se\u0159azen\u00e9 na hran\u00e1ch frekven\u010dn\u00edch vln. V redakci jsme na \u00fatvar nad Brnem koukali jenom s otev\u0159en\u00fdmi \u00fasty. Co to ksakru m\u00e1 znamenat? A to nen\u00ed v\u0161echno.<\/p>\n<h6><span style=\"font-size: 14pt;\">VIDEO: Slovensk\u00fd meteoradar zachytil podivnou tvorbu vodn\u00edch oblak\u016f do tvaru kruhov\u00e9ho radiofrekven\u010dn\u00edho vln\u011bn\u00ed<\/span><\/h6>\n<p>Tato sr\u00e1\u017ekov\u00e1 bari\u00e9ra s kapsami pln\u00fdmi vody ve vzduchu byla ost\u0159e a jako no\u017eem o\u0159\u00edznuta ze severoz\u00e1padn\u00ed strany. Doslova to vypadalo, \u017ee jde o kryt frekven\u010dn\u00edho d\u011bla um\u00edst\u011bn\u00e9ho na stacion\u00e1rn\u00ed dr\u00e1ze. Kdybychom cht\u011bli zach\u00e1zet do detailu, vypadalo to podobn\u011b jako krytka rentgenov\u00e9 trubice u l\u00e9ka\u0159e, kdy se krytka z\u00e1\u0159i\u010de odkryje, aby izotopov\u00fd za\u0159i\u010d mohl prosv\u00edtit kosti a tk\u00e1n\u011b na t\u011ble pacienta. Krytka se m\u016f\u017ee posunout tak, aby pacient dostal jen p\u0159esn\u011b ur\u010denou d\u00e1vku z\u00e1\u0159en\u00ed.\u00a0<strong>Tady ov\u0161em nemluv\u00edme o radiaci, ale o podivn\u011b o\u0159\u00edznut\u00e9 sr\u00e1\u017ekov\u00e9 obla\u010dnosti s naprosto divn\u00fdmi kapsami pln\u00fdmi vody. A m\u00e1me d\u016fkazy.<\/strong>\u00a0Torn\u00e1do s takovou silou na ji\u017en\u00ed Morav\u011b nen\u00ed norm\u00e1ln\u00ed ud\u00e1lost, n\u011bco muselo p\u0159isp\u011bt k tomu, \u017ee se na Brn\u011bnsku vytvo\u0159ila supercela.<\/p>\n<p>&nbsp;<\/p>\n<div id=\"rumble_vgf75t\">\n<div id=\"vid_vgf75t\" class=\"rumble_vgf75t-Rumble-cls\">\n<div class=\"bigPlayUI ctp\">\n<div class=\"bigPlayUIInner ctp\"><div class='videoWrapper'>\r\n\t            <iframe src='https:\/\/rumble.com\/embed\/pj.vgf75t\/' frameborder='0' allowfullscreen><\/iframe>\r\n\t        <\/div><\/div>\n<\/div>\n<\/div>\n<\/div>\n<p>&nbsp;<\/p>\n<p>K tomu je nezbytn\u00e1 prosycen\u00e1 atmosf\u00e9ra vodn\u00edmi kapsami, a to v dr\u00e1ze fronty, kter\u00e1 p\u0159in\u00e1\u0161\u00ed naopak hork\u00fd a such\u00fd vzduch. Jakmile fronta doraz\u00ed nad vlhkou oblast, za\u010dne hork\u00fd vzduch nas\u00e1vat vodn\u00ed kapsy a za\u010d\u00edn\u00e1 vznikat supercela, tedy rotuj\u00edc\u00ed tepeln\u00fd v\u00fdm\u011bn\u00edk, kter\u00fd se \u017eiv\u00ed tepl\u00fdm vzduchem padaj\u00edc\u00edm k zemi, kdy do sebe nas\u00e1v\u00e1 vlhkost, \u010d\u00edm\u017e doch\u00e1z\u00ed k ochlazen\u00ed, kondenzaci a uvoln\u011bn\u00ed tepla, kter\u00e9 pot\u00e9 prudce stoup\u00e1 nahoru ve v\u00edru a cyklus se opakuje. Tolik teorie o torn\u00e1dech.<\/p>\n<p>A p\u0159edstavte si, co zachytil slovensk\u00fd necenzurovan\u00fd meteoradar. Je\u0161t\u011b p\u0159edem chceme upozornit, \u017ee\u00a0<strong>po\u0159\u00edzen\u00e9 z\u00e1b\u011bry ze slovensk\u00e9ho meteoradaru za\u010d\u00ednaj\u00ed ji\u017e v \u00fater\u00fd 22. 6. 2021 ve 14:00 hodin, abyste s p\u0159edstihem zjistili, co se za\u010dalo d\u00edt nad Brnem a ji\u017en\u00ed Moravou zhruba 48 hodin p\u0159ed ni\u010div\u00fdm torn\u00e1dem<\/strong>\u00a0vytvo\u0159en\u00fdm supercelou. To, co uvid\u00edte na radaru, je\u00a0<em>smoking gun<\/em>, jak \u0159\u00edkaj\u00ed Ameri\u010dan\u00e9. N\u011bco tady nehraje.<\/p>\n<h6><span style=\"font-size: 14pt;\">Cel\u00e9 to za\u010dalo ji\u017e n\u011bkolik dn\u016f p\u0159edem, nad Brnem se z ni\u010deho nic objevila vodn\u00ed bari\u00e9ra seskupen\u00e1 do kruhov\u00fdch prstenc\u016f<\/span><\/h6>\n<p>Ji\u017e v \u00fater\u00fd 22. \u010dervna v \u010dase 16:10 se najednou a skokov\u011b z ni\u010deho nic objevila nad ji\u017en\u00ed Moravou sr\u00e1\u017ekov\u00e1 obla\u010dnost, ov\u0161em\u00a0<strong>uspo\u0159\u00e1dan\u00e1 do podoby radiofrekven\u010dn\u00edho kruhu se st\u0159edem v troj\u00faheln\u00edku mezi obcemi Such\u00fd, Velenov a Bene\u0161ov, a to n\u011bkolik des\u00edtek kilometr\u016f severn\u011b od Brna.<\/strong>\u00a0Pr\u00e1v\u011b tady se nach\u00e1zel st\u0159ed radiofrekven\u010dn\u00edho pole. Meteoradar zachytil tis\u00edce kapsovit\u00fdch a vodou nasycen\u00fdch oblak\u016f, kter\u00e9 se nad oblast\u00ed objevily mezi 16:00 a 16:10 doslova jako lusknut\u00edm prstu.<\/p>\n<figure id=\"attachment_47247\" class=\"wp-caption aligncenter\" style=\"width: 656px;\"><a href=\"https:\/\/aeronet.cz\/news\/wp-content\/uploads\/TornadoMorava03.jpg\"><img decoding=\"async\" loading=\"lazy\" class=\"wp-image-47247 \" src=\"https:\/\/aeronet.cz\/news\/wp-content\/uploads\/TornadoMorava03-1024x957.jpg\" sizes=\"(max-width: 700px) 100vw, 700px\" srcset=\"https:\/\/aeronet.cz\/news\/wp-content\/uploads\/TornadoMorava03-1024x957.jpg 1024w, https:\/\/aeronet.cz\/news\/wp-content\/uploads\/TornadoMorava03-300x280.jpg 300w, https:\/\/aeronet.cz\/news\/wp-content\/uploads\/TornadoMorava03-768x718.jpg 768w, https:\/\/aeronet.cz\/news\/wp-content\/uploads\/TornadoMorava03-700x654.jpg 700w, https:\/\/aeronet.cz\/news\/wp-content\/uploads\/TornadoMorava03-382x357.jpg 382w, https:\/\/aeronet.cz\/news\/wp-content\/uploads\/TornadoMorava03-517x483.jpg 517w, https:\/\/aeronet.cz\/news\/wp-content\/uploads\/TornadoMorava03.jpg 1280w\" alt=\"\" width=\"656\" height=\"613\" \/><\/a><figcaption class=\"wp-caption-text\">Meteoradar v poledne ve \u010dtvrtek 24. 6. 2021 \u2013 Vodn\u00ed bubliny seskupen\u00e9 na hran\u00e1ch kruhov\u00e9ho vln\u011bn\u00ed<\/figcaption><\/figure>\n<p>V \u010dase 21:40 se pole \u00fapln\u011b rozpadlo a zmizelo. Ve 22:30 se za\u010dalo znovu formovat a op\u011bt do patrn\u00e9ho obrazce radiofrekven\u010dn\u00edho vln\u011bn\u00ed v kruhov\u00e9m uspo\u0159\u00e1d\u00e1n\u00ed vodn\u00edch kapes. Po p\u016flnoci 23. 6. ve st\u0159edu za\u010dala p\u0159ich\u00e1zet z jihoz\u00e1padu bou\u0159kov\u00e1 formace, kter\u00e1 dokonale kop\u00edrovala cestu a stopu vytvo\u0159enou frekven\u010dn\u011b uspo\u0159\u00e1dan\u00fdmi vodn\u00edmi kapsami v atmosf\u00e9\u0159e. Z\u00e1b\u011bry ze slovensk\u00e9ho radaru to d\u011bsiv\u011b precizn\u00edm zp\u016fsobem dokazuj\u00ed.<\/p>\n<p><strong>R\u00e1no v 9:00 je nad Brnem \u010disto a klid. Jen\u017ee u\u017e v 10:40 se znovu formuje kruhov\u00fd frekven\u010dn\u00ed vzorec kapsovit\u00e9 obla\u010dnosti napln\u011bn\u00e9 vodou.<\/strong>\u00a0V \u010dase 12:30 je nad Brnem znovu zformovan\u00fd ter\u010d napln\u011bn\u00fd vodou a seskupen\u00fd podle radiov\u00fdch vln na jejich hran\u00e1ch. V\u0161imn\u011bte si ost\u0159e o\u0159\u00edznut\u00e9 severoz\u00e1padn\u00ed strany t\u00e9to vodn\u00ed bari\u00e9ry. To nen\u00ed norm\u00e1ln\u00ed. Nen\u00ed to chyba meteo radaru, ani to nen\u00ed o\u0159ez mapy, omezen\u00fd dosah, nic takov\u00e9ho.<\/p>\n<figure id=\"attachment_47245\" class=\"wp-caption aligncenter\" style=\"width: 684px;\"><a href=\"https:\/\/aeronet.cz\/news\/wp-content\/uploads\/TornadoMorava07.jpg\"><img decoding=\"async\" loading=\"lazy\" class=\"wp-image-47245 \" src=\"https:\/\/aeronet.cz\/news\/wp-content\/uploads\/TornadoMorava07-1024x963.jpg\" sizes=\"(max-width: 700px) 100vw, 700px\" srcset=\"https:\/\/aeronet.cz\/news\/wp-content\/uploads\/TornadoMorava07-1024x963.jpg 1024w, https:\/\/aeronet.cz\/news\/wp-content\/uploads\/TornadoMorava07-300x282.jpg 300w, https:\/\/aeronet.cz\/news\/wp-content\/uploads\/TornadoMorava07-768x722.jpg 768w, https:\/\/aeronet.cz\/news\/wp-content\/uploads\/TornadoMorava07-700x658.jpg 700w, https:\/\/aeronet.cz\/news\/wp-content\/uploads\/TornadoMorava07-380x357.jpg 380w, https:\/\/aeronet.cz\/news\/wp-content\/uploads\/TornadoMorava07-513x483.jpg 513w, https:\/\/aeronet.cz\/news\/wp-content\/uploads\/TornadoMorava07.jpg 1280w\" alt=\"\" width=\"684\" height=\"643\" \/><\/a><figcaption class=\"wp-caption-text\">P\u0159ibl\u00ed\u017een\u00fd detail v 11:00 dne 24. 6. 2021<\/figcaption><\/figure>\n<p>Kdy\u017e toti\u017e p\u0159ijde bou\u0159kov\u00e1 obla\u010dnost, meteo radar ukazuje bou\u0159kov\u00e9 sr\u00e1\u017eky naprosto norm\u00e1ln\u011b i za hranu o\u0159ezu. V \u010dase 21:10 bari\u00e9ra op\u011bt miz\u00ed. Ale ve 22:30 se znovu formuje a v 02:10 p\u0159ech\u00e1z\u00ed p\u0159es prostor bou\u0159kov\u00e1 fronta. V \u010dase 10:30 znovu vid\u00edme tvorbu kruhov\u011b soust\u0159ed\u011bn\u00e9 vodn\u00ed hradby. Hradba mohutn\u011b houstne a s\u00edl\u00ed a\u017e do 18:30 ve\u010der, ve \u010dtvrtek 24. 6. 2021.\u00a0<strong>N\u00e1sledn\u011b p\u0159es vodou ve vzduchu nasycenou oblast proch\u00e1z\u00ed z jihoz\u00e1padu mohutn\u00e1 bou\u0159e, kter\u00e9 vygeneruje supercelu a n\u00e1sledn\u00e9 ni\u010div\u00e9 torn\u00e1do.<\/strong><\/p>\n<h6><span style=\"font-size: 14pt;\">Ost\u0159e o\u0159\u00edznut\u00e9 mraky jako no\u017eem, produkt chemtrails anebo radiofrekven\u010dn\u00ed hradby?<\/span><\/h6>\n<p>N\u011bco podobn\u00e9ho na\u0161e \u010dten\u00e1\u0159ka na radaru je\u0161t\u011b v \u017eivot\u011b neza\u017eila. Vodn\u00ed kapsy symetricky uspo\u0159\u00e1dan\u00e9 do radiofrekven\u010dn\u00edho ter\u010de, to nen\u00ed jev p\u0159\u00edrody, to je projev technologick\u00e9ho za\u0159\u00edzen\u00ed. Nejprve<strong>\u00a0si \u0159ekneme n\u011bco o o\u0159ezu obla\u010dnosti no\u017eem. Tento jev je v posledn\u00edch letech hl\u00e1\u0161en ze zem\u00ed cel\u00e9ho sv\u011bta. Mraky se najednou zastav\u00ed, jakoby na neviditeln\u00e9 hradb\u011b a vytvo\u0159\u00ed ost\u0159e o\u0159\u00edznutou obla\u010dnou bari\u00e9ru.<\/strong>\u00a0Jejich vznik je dosud nezn\u00e1m\u00fd, na americk\u00fdch m\u00e9di\u00edch se hovo\u0159\u00ed o chemtrails, ale rovn\u011b\u017e o radiofrekven\u010dn\u00ed bari\u00e9\u0159e zaji\u0161\u0165ovan\u00e9 ze stacion\u00e1rn\u00ed dr\u00e1hy v r\u00e1mci projektu Global Darkening.<\/p>\n<p>Ov\u0161em tohle, co jsme vid\u011bli na sr\u00e1\u017ekov\u00e9m radaru, to je \u00fapln\u011b nov\u00e1 v\u011bc, a v podstat\u011b d\u016fkaz o modifikaci po\u010das\u00ed pomoc\u00ed radiofrekven\u010dn\u00edho za\u0159\u00edzen\u00ed. Nejstar\u0161\u00ed technologi\u00ed tohoto typu je americk\u00fd HAARP, ov\u0161em toto za\u0159\u00edzen\u00ed je velmi zastaral\u00e9 a s velmi \u0161patnou p\u0159esnost\u00ed. Ameri\u010dan\u00e9, Rusov\u00e9 i \u010c\u00edna ji\u017e disponuj\u00ed modern\u00edmi prost\u0159edky na ovliv\u0148ov\u00e1n\u00ed atmosf\u00e9ry, p\u0159i\u010dem\u017e jednozna\u010dn\u011b \u010c\u00edna v\u00e1lcuje v t\u00e9to oblasti v\u0161echny ostatn\u00ed.<\/p>\n<figure id=\"attachment_47252\" class=\"wp-caption aligncenter\" style=\"width: 471px;\"><a href=\"https:\/\/aeronet.cz\/news\/wp-content\/uploads\/FrequencyBarrier.jpg\"><img decoding=\"async\" loading=\"lazy\" class=\"wp-image-47252 \" src=\"https:\/\/aeronet.cz\/news\/wp-content\/uploads\/FrequencyBarrier-711x1024.jpg\" sizes=\"(max-width: 700px) 100vw, 700px\" srcset=\"https:\/\/aeronet.cz\/news\/wp-content\/uploads\/FrequencyBarrier-711x1024.jpg 711w, https:\/\/aeronet.cz\/news\/wp-content\/uploads\/FrequencyBarrier-208x300.jpg 208w, https:\/\/aeronet.cz\/news\/wp-content\/uploads\/FrequencyBarrier-768x1106.jpg 768w, https:\/\/aeronet.cz\/news\/wp-content\/uploads\/FrequencyBarrier-700x1008.jpg 700w, https:\/\/aeronet.cz\/news\/wp-content\/uploads\/FrequencyBarrier-248x357.jpg 248w, https:\/\/aeronet.cz\/news\/wp-content\/uploads\/FrequencyBarrier-335x483.jpg 335w, https:\/\/aeronet.cz\/news\/wp-content\/uploads\/FrequencyBarrier.jpg 1280w\" alt=\"\" width=\"471\" height=\"678\" \/><\/a><figcaption class=\"wp-caption-text\">Radiofrekven\u010dn\u00ed o\u0159ez obla\u010dnosti v Texasu<\/figcaption><\/figure>\n<p>\u010c\u00edna pou\u017e\u00edv\u00e1 vlastn\u00ed technologii na radiofrekven\u010dn\u00ed tvorbu sr\u00e1\u017ekov\u00e9 obla\u010dnosti, vyu\u017e\u00edv\u00e1 k tomu n\u011bkolik satelit\u016f, kter\u00e9 z geostacion\u00e1rn\u00ed dr\u00e1hy zam\u011b\u0159uj\u00ed oblasti v \u010c\u00edn\u011b s c\u00edlem tvorby tzv. kapsov\u00e9 obla\u010dnosti. Princip je jednoduch\u00fd. Radiofrekven\u010dn\u011b dojde k zah\u0159\u00edv\u00e1n\u00ed atmosf\u00e9ry prost\u0159ednictv\u00edm kmit\u016f kovov\u00fdch \u010d\u00e1stic v atmosf\u00e9\u0159e, kter\u00e9 tam vyn\u00e1\u0161\u00ed letadla prov\u00e1d\u011bj\u00edc\u00ed celoplanet\u00e1rn\u00ed chemtrailing.<\/p>\n<p><strong>Ze stacion\u00e1rn\u00ed dr\u00e1hy se pot\u00e9 tyto \u010d\u00e1stice frekven\u010dn\u011b rozkmitaj\u00ed, \u010d\u00edm\u017e se lok\u00e1ln\u011b zv\u00fd\u0161\u00ed bodov\u00e1 teplota a na povrchu \u010d\u00e1stice zkondenzuje vzdu\u0161n\u00e1 vlhkost.<\/strong>\u00a0A jeliko\u017e ve vzduchu je v\u017edy dostatek vody, s v\u00fdjimkou opravdu specifick\u00fdch oblast\u00ed nad planetou, tak zkr\u00e1tka sta\u010d\u00ed zam\u00ed\u0159it ze satelitu radiofrekven\u010dn\u00ed d\u011blo a dojde k vytvo\u0159en\u00ed obla\u010dnost\u00ed b\u011bhem p\u00e1r minut. A jakou to m\u00e1 souvislost s Brnem? No, to je pr\u00e1v\u011b ta nejv\u011bt\u0161\u00ed konspirace.<\/p>\n<h6>\u010c\u00edna disponuje u\u017e l\u00e9ta satelity na modifikace po\u010das\u00ed, a podle zdroj\u016f poskytuje slu\u017eby t\u011bchto satelit\u016f i jin\u00fdm zem\u00edm na sv\u011bt\u011b<\/h6>\n<p>U\u017e p\u0159ed v\u00edce jak rokem zazn\u011blo v show Alexe Jonese, \u017ee \u010c\u00edna a jej\u00ed komunistick\u00e1 vl\u00e1da poskytuje mnoha zem\u00edm sv\u011bta slu\u017eby sv\u00fdch satelit\u016f na v\u00fdpomoc s de\u0161t\u011bm v d\u016fsledku glob\u00e1ln\u00edch klimatick\u00fdch zm\u011bn. St\u00e1t, kter\u00fd m\u00e1 probl\u00e9m s vodou, zaplat\u00ed \u010c\u00edn\u011b poplatek, kter\u00e1 nam\u00ed\u0159\u00ed sv\u00e9 radiofrekven\u010dn\u00ed satelity tam, kde si z\u00e1kazn\u00edk p\u0159eje, aby pr\u0161elo. Jen\u017ee, vedlej\u0161\u00ed a ne\u017e\u00e1douc\u00ed jevy t\u00e9to technologie jsou nevyzpytateln\u00e9.<\/p>\n<figure id=\"attachment_47232\" class=\"wp-caption aligncenter\" style=\"width: 545px;\"><a href=\"https:\/\/aeronet.cz\/news\/wp-content\/uploads\/TornadoMorava10.jpg\"><img decoding=\"async\" loading=\"lazy\" class=\"wp-image-47232 \" src=\"https:\/\/aeronet.cz\/news\/wp-content\/uploads\/TornadoMorava10-1024x768.jpg\" sizes=\"(max-width: 700px) 100vw, 700px\" srcset=\"https:\/\/aeronet.cz\/news\/wp-content\/uploads\/TornadoMorava10-1024x768.jpg 1024w, https:\/\/aeronet.cz\/news\/wp-content\/uploads\/TornadoMorava10-300x225.jpg 300w, https:\/\/aeronet.cz\/news\/wp-content\/uploads\/TornadoMorava10-768x576.jpg 768w, https:\/\/aeronet.cz\/news\/wp-content\/uploads\/TornadoMorava10-700x525.jpg 700w, https:\/\/aeronet.cz\/news\/wp-content\/uploads\/TornadoMorava10-476x357.jpg 476w, https:\/\/aeronet.cz\/news\/wp-content\/uploads\/TornadoMorava10-644x483.jpg 644w, https:\/\/aeronet.cz\/news\/wp-content\/uploads\/TornadoMorava10.jpg 1280w\" alt=\"\" width=\"545\" height=\"409\" \/><\/a><figcaption class=\"wp-caption-text\">\u010ctvrtek, 24. 6. 2021 na Brn\u011bnsku t\u011bsn\u011b p\u0159ed vypuknut\u00edm torn\u00e1da, bublinov\u00e1 obla\u010dnost<\/figcaption><\/figure>\n<p><strong>Tato technologie toti\u017e neum\u00ed vyr\u00e1b\u011bt klasickou poymorfn\u00ed obla\u010dnost, ale pouze radiofrekven\u010dn\u011b generovan\u00e9 kapsy vodn\u00ed obla\u010dnosti, kter\u00e9 funguj\u00ed na principu mikrovlnn\u00e9 trouby.<\/strong>\u00a0Nevznikaj\u00ed tak klasick\u00e9 mraky, ale podivn\u00e9 bubliny v obla\u010dnosti. A n\u00e1\u0161 \u010dten\u00e1\u0159 z Brna n\u00e1m dnes do redakce poslal bombu. Potvrzen\u00ed t\u00e9to na\u0161\u00ed teorie. Vyfotil toti\u017e v\u010dera ve\u010der v 18:00 hodin na Brn\u011bnsku naprosto neuv\u011b\u0159itelnou a d\u011bsivou obla\u010dnost, kter\u00e1 vypadala jako bubliny. Fotografie s d\u011bsiv\u00fdmi z\u00e1b\u011bry si vyhodno\u0165te sami.<\/p>\n<figure id=\"attachment_47260\" class=\"wp-caption aligncenter\" style=\"width: 649px;\"><a href=\"https:\/\/aeronet.cz\/news\/wp-content\/uploads\/Brno21062021.jpg\"><img decoding=\"async\" loading=\"lazy\" class=\"wp-image-47260 \" src=\"https:\/\/aeronet.cz\/news\/wp-content\/uploads\/Brno21062021-1024x461.jpg\" sizes=\"(max-width: 700px) 100vw, 700px\" srcset=\"https:\/\/aeronet.cz\/news\/wp-content\/uploads\/Brno21062021-1024x461.jpg 1024w, https:\/\/aeronet.cz\/news\/wp-content\/uploads\/Brno21062021-300x135.jpg 300w, https:\/\/aeronet.cz\/news\/wp-content\/uploads\/Brno21062021-768x346.jpg 768w, https:\/\/aeronet.cz\/news\/wp-content\/uploads\/Brno21062021-700x315.jpg 700w, https:\/\/aeronet.cz\/news\/wp-content\/uploads\/Brno21062021-1074x483.jpg 1074w, https:\/\/aeronet.cz\/news\/wp-content\/uploads\/Brno21062021-793x357.jpg 793w, https:\/\/aeronet.cz\/news\/wp-content\/uploads\/Brno21062021-1073x483.jpg 1073w, https:\/\/aeronet.cz\/news\/wp-content\/uploads\/Brno21062021.jpg 1600w\" alt=\"\" width=\"649\" height=\"292\" \/><\/a><figcaption class=\"wp-caption-text\">Brno, 21. \u010dervna 2021<\/figcaption><\/figure>\n<p>A nyn\u00ed divok\u00e1 a konspira\u010dn\u00ed teorie, k \u010demu v\u010dera mohlo doj\u00edt. Zd\u016fraz\u0148uji, \u017ee jde o spekulaci, pro kterou, krom\u011b z\u00e1b\u011br\u016f z meteo radaru a fotek bublinov\u00e9 obla\u010dnosti, nem\u00e1me d\u016fkazy. Objednala si \u010cesk\u00e1 republika v \u010c\u00edn\u011b slu\u017eby \u010d\u00ednsk\u00e9ho \u00fa\u0159adu ministerstva n\u00e1rodn\u00ed bezpe\u010dnosti slu\u017eby ohledn\u011b modifikace po\u010das\u00ed na Ji\u017en\u00ed Morav\u011b s c\u00edlem prevence katastrof\u00e1ln\u00edho sucha a podpo\u0159en\u00ed \u010dast\u011bj\u0161\u00edch de\u0161\u0165\u016f? To se asi nedozv\u00edme, proto\u017ee jak u\u017e uvedl Alex Jones, \u010c\u00edna tyto slu\u017eby poskytuje v nejvy\u0161\u0161\u00edm stupni utajen\u00ed,\u00a0<strong>ov\u0161em pokud by to byla pravda, potom vznikl\u00e9 torn\u00e1do bylo d\u016fsledkem neuv\u00e1\u017een\u00e9ho a doslova zpackan\u00e9ho pou\u017eit\u00ed \u010d\u00ednsk\u00e9ho modifik\u00e1toru po\u010das\u00ed ze<\/strong><strong>\u00a0stacion\u00e1rn\u00ed dr\u00e1hy.<\/strong><\/p>\n<h6><span style=\"font-size: 14pt;\">Bublinov\u00e1 obla\u010dnost jako d\u016fsledek mikrovlnn\u00e9ho oh\u0159evu ze stacion\u00e1rn\u00ed orbity?<\/span><\/h6>\n<p>Paprsek radiofrekven\u010dn\u00edho d\u011bla byl zjevn\u011b nam\u00ed\u0159en p\u0159\u00edli\u0161 dlouho, intenzivn\u011b, co\u017e vedlo ve \u010dtvrtek ve\u010der k vysok\u00e9mu nasycen\u00ed bublin vodou do takov\u00e9 m\u00edry, \u017ee p\u0159i pr\u016fchodu frontov\u00e9ho syst\u00e9mu z jihoz\u00e1padu do\u0161lo k vytvo\u0159en\u00ed supercely a n\u00e1sledn\u00e9ho torn\u00e1da. M\u00edstn\u00ed obyvatel\u00e9 n\u00e1m dnes napsali do redakce, \u017ee p\u0159ed za\u010d\u00e1tkem bou\u0159ky se jim v sudech na de\u0161\u0165ovou vodou tvo\u0159ili kruhy na hladin\u011b, jakoby v sudech rotovaly n\u011bjak\u00e9 mal\u00e9 \u010d\u00e1stice a vytv\u00e1\u0159ely vodn\u00ed kola, tedy typick\u00e9 kruhov\u00e9 vlny.\u00a0<strong>To by ukazovalo znovu na radiofrekven\u010dn\u00ed lou\u010d ze stacion\u00e1rn\u00ed dr\u00e1hy, kter\u00fd rozkmit\u00e1v\u00e1 mikroskopick\u00e9 kovov\u00e9 \u010d\u00e1stice.<\/strong>\u00a0Pokud zachyt\u00edte podivn\u00e9 jevy tohoto typu, nesta\u010d\u00ed n\u00e1m jen o tom napsat, mus\u00edte to vyfotit, nato\u010dit, zdokumentovat. V\u0161ichni m\u00e1te dnes telefony, tak je pou\u017e\u00edvejte a fo\u0165te.<\/p>\n<figure id=\"attachment_47248\" class=\"wp-caption aligncenter\" style=\"width: 612px;\"><a href=\"https:\/\/aeronet.cz\/news\/wp-content\/uploads\/RWmodification.jpg\"><img decoding=\"async\" loading=\"lazy\" class=\"wp-image-47248 \" src=\"https:\/\/aeronet.cz\/news\/wp-content\/uploads\/RWmodification-1024x663.jpg\" sizes=\"(max-width: 700px) 100vw, 700px\" srcset=\"https:\/\/aeronet.cz\/news\/wp-content\/uploads\/RWmodification-1024x663.jpg 1024w, https:\/\/aeronet.cz\/news\/wp-content\/uploads\/RWmodification-300x194.jpg 300w, https:\/\/aeronet.cz\/news\/wp-content\/uploads\/RWmodification-768x497.jpg 768w, https:\/\/aeronet.cz\/news\/wp-content\/uploads\/RWmodification-700x453.jpg 700w, https:\/\/aeronet.cz\/news\/wp-content\/uploads\/RWmodification-100x65.jpg 100w, https:\/\/aeronet.cz\/news\/wp-content\/uploads\/RWmodification-551x357.jpg 551w, https:\/\/aeronet.cz\/news\/wp-content\/uploads\/RWmodification-746x483.jpg 746w, https:\/\/aeronet.cz\/news\/wp-content\/uploads\/RWmodification-745x483.jpg 745w, https:\/\/aeronet.cz\/news\/wp-content\/uploads\/RWmodification.jpg 1280w\" alt=\"\" width=\"612\" height=\"396\" \/><\/a><figcaption class=\"wp-caption-text\">Radiofrekven\u010dn\u00ed modifikace po\u010das\u00ed ze satelitu na stacion\u00e1rn\u00ed orbit\u011b<\/figcaption><\/figure>\n<p><strong>Na\u0161e redakce by cht\u011bla touto cestou vyj\u00e1d\u0159it hlubokou soustrast v\u0161em poz\u016fstal\u00fdm a rodin\u00e1m po ob\u011btech v\u010derej\u0161\u00edho torn\u00e1da, kter\u00e9 nikdy na Moravu nem\u011blo p\u0159ij\u00edt a takov\u00e9 \u00fakazy nepat\u0159\u00ed do St\u0159edn\u00ed Evropy, ale do prostoru St\u0159edoz\u00e1padu v USA<\/strong>, kde jsou pro vzniky torn\u00e1d p\u0159irozen\u00e9 podm\u00ednky d\u00edky vlhkosti vzduchu z Mexick\u00e9ho z\u00e1livu a hork\u00e9ho vzduchu z americk\u00fdch pl\u00e1n\u00ed.<\/p>\n<figure id=\"attachment_47230\" class=\"wp-caption aligncenter\" style=\"width: 400px;\"><a href=\"https:\/\/aeronet.cz\/news\/wp-content\/uploads\/TornadoMorava12.jpg\"><img decoding=\"async\" loading=\"lazy\" class=\"wp-image-47230 \" src=\"https:\/\/aeronet.cz\/news\/wp-content\/uploads\/TornadoMorava12-768x1024.jpg\" sizes=\"(max-width: 700px) 100vw, 700px\" srcset=\"https:\/\/aeronet.cz\/news\/wp-content\/uploads\/TornadoMorava12.jpg 768w, https:\/\/aeronet.cz\/news\/wp-content\/uploads\/TornadoMorava12-225x300.jpg 225w, https:\/\/aeronet.cz\/news\/wp-content\/uploads\/TornadoMorava12-700x933.jpg 700w, https:\/\/aeronet.cz\/news\/wp-content\/uploads\/TornadoMorava12-268x357.jpg 268w, https:\/\/aeronet.cz\/news\/wp-content\/uploads\/TornadoMorava12-362x483.jpg 362w\" alt=\"\" width=\"400\" height=\"533\" \/><\/a><figcaption class=\"wp-caption-text\">V\u0161imn\u011bte si vodn\u00edch bublin generovan\u00fdch nahu\u0161t\u011bn\u011b vedle sebe, Brno, 24. 6. 2021<\/figcaption><\/figure>\n<p>Teorie na\u0161\u00ed redakce o pou\u017eit\u00ed orbit\u00e1ln\u00edho prost\u0159edku \u010d\u00ednsk\u00e9 provenience na zak\u00e1zkov\u00e9 modifikov\u00e1n\u00ed obla\u010dnosti a de\u0161t\u011b pro pot\u0159eby suchem zu\u017eovan\u00fdch zem\u00ed \u010di lokalit na cel\u00e9m sv\u011bt\u011b je pouze jednou z teori\u00ed, k \u010demu do\u0161lo ve \u010dtvrtek na jihu Moravy. Op\u00edr\u00e1me se o d\u016fkazy meteoradaru, o sn\u00edmky nep\u0159irozen\u00e9 bublinov\u00e9 obla\u010dnosti, o informace o modern\u00edch prost\u0159edc\u00edch \u010c\u00edny na modifikace po\u010das\u00ed.\u00a0<strong>Uvid\u00edme, jestli se najde n\u011bjak\u00e9 norm\u00e1ln\u00ed vysv\u011btlen\u00ed, anebo jestli se na\u0161e teorie prohloub\u00ed, pokud n\u00e1m sv\u011bdci za\u0161lou v\u00edce fotografi\u00ed, z\u00e1b\u011br\u016f, nesrovnalost\u00ed a podivnost\u00ed ze \u010dtvrtka v prostoru ji\u017en\u00ed Moravy.<\/strong><\/p>\n<p>-VK- \u0160\u00e9fredaktor AE News<\/p>\n<p><a href=\"https:\/\/aeronet.cz\/news\/video-stala-se-ceska-republika-v-oblasti-brna-svedkem-nepovedene-aplikace-radiofrekvencni-modifikace-pocasi-za-pomoci-satelitu-na-stacionarni-draze-objednavka-na-vice-deste-skoncila-vznikem-tornada\/\">ZDROJ<\/a><\/p>\n<p>&nbsp;<\/p>\n<p>&nbsp;<\/p>\n","protected":false},"excerpt":{"rendered":"<p>VIDEO: Stala se \u010cesk\u00e1 republika v oblasti Brna sv\u011bdkem nepoveden\u00e9 aplikace radiofrekven\u010dn\u00ed modifikace po\u010das\u00ed za&#8230;<\/p>\n","protected":false},"author":2,"featured_media":2828,"comment_status":"closed","ping_status":"closed","sticky":false,"template":"","format":"standard","meta":[],"categories":[6],"tags":[76,722,717],"_links":{"self":[{"href":"https:\/\/www.infokuryr.cz\/n\/wp-json\/wp\/v2\/posts\/2827"}],"collection":[{"href":"https:\/\/www.infokuryr.cz\/n\/wp-json\/wp\/v2\/posts"}],"about":[{"href":"https:\/\/www.infokuryr.cz\/n\/wp-json\/wp\/v2\/types\/post"}],"author":[{"embeddable":true,"href":"https:\/\/www.infokuryr.cz\/n\/wp-json\/wp\/v2\/users\/2"}],"replies":[{"embeddable":true,"href":"https:\/\/www.infokuryr.cz\/n\/wp-json\/wp\/v2\/comments?post=2827"}],"version-history":[{"count":0,"href":"https:\/\/www.infokuryr.cz\/n\/wp-json\/wp\/v2\/posts\/2827\/revisions"}],"wp:featuredmedia":[{"embeddable":true,"href":"https:\/\/www.infokuryr.cz\/n\/wp-json\/wp\/v2\/media\/2828"}],"wp:attachment":[{"href":"https:\/\/www.infokuryr.cz\/n\/wp-json\/wp\/v2\/media?parent=2827"}],"wp:term":[{"taxonomy":"category","embeddable":true,"href":"https:\/\/www.infokuryr.cz\/n\/wp-json\/wp\/v2\/categories?post=2827"},{"taxonomy":"post_tag","embeddable":true,"href":"https:\/\/www.infokuryr.cz\/n\/wp-json\/wp\/v2\/tags?post=2827"}],"curies":[{"name":"wp","href":"https:\/\/api.w.org\/{rel}","templated":true}]}}