{"id":28257,"date":"2023-05-18T00:59:37","date_gmt":"2023-05-17T22:59:37","guid":{"rendered":"http:\/\/www.infokuryr.cz\/n\/?p=28257"},"modified":"2023-05-17T15:06:47","modified_gmt":"2023-05-17T13:06:47","slug":"evropane-chteji-mir-na-ukrajine-ale-ne-biden","status":"publish","type":"post","link":"https:\/\/www.infokuryr.cz\/n\/2023\/05\/18\/evropane-chteji-mir-na-ukrajine-ale-ne-biden\/","title":{"rendered":"Evropan\u00e9 cht\u011bj\u00ed m\u00edr na Ukrajin\u011b, ale ne Biden"},"content":{"rendered":"<div id=\"fb-root\"><\/div>\n<div><strong><span>Seymour Hersh zve\u0159ejnil nov\u00fd \u010dl\u00e1nek se zji\u0161t\u011bn\u00edmi sv\u00fdch americk\u00fdch zpravodajsk\u00fdch zdroj\u016f.\u00a0Hersh v n\u011bm uv\u00e1d\u00ed, \u017ee mnoho Evropan\u016f chce konec v\u00e1lky na Ukrajin\u011b, ale Biden si to nep\u0159eje.\u00a0Biden nen\u00ed pln\u011b informov\u00e1n.<\/span><\/strong><\/div>\n<div class=\"article__content\">\n<p><span>Nov\u00fd \u010dl\u00e1nek Seymoura Hershe o tom, co mu \u0159ekly jeho americk\u00e9 zpravodajsk\u00e9 zdroje, nen\u00ed p\u0159\u00edli\u0161 dlouh\u00fd, ale o to v\u00edce odhaluje.\u00a0V z\u00e1kulis\u00ed se podle v\u0161eho sleduj\u00ed \u00fapln\u011b jin\u00e9 c\u00edle, ne\u017e hl\u00e1saj\u00ed evrop\u0161t\u00ed politici p\u0159ed kamerami.\u00a0Evropa je unaven\u00e1 v\u00e1lkou a chce konec v\u00e1lky, Biden \u2013 kter\u00fd je proto nespr\u00e1vn\u011b a ne\u00fapln\u011b informov\u00e1n \u2013 si to nep\u0159eje.\u00a0Zd\u00e1 se, \u017ee hlavn\u00edm bodem sporu je tak\u00e9 osobn\u00ed osud Vladim\u00edra Zelensk\u00e9ho.<\/span><\/p>\n<p><span>Kompletn\u011b\u00a0jsem p\u0159elo\u017eil\u00a0<\/span><a href=\"https:\/\/seymourhersh.substack.com\/p\/the-ukraine-refugee-question\" target=\"_blank\" rel=\"noreferrer noopener\"><span>nov\u00fd Hersh\u016fv \u010dl\u00e1nek <\/span><\/a><\/p>\n<p><em><strong>Za\u010d\u00e1tek p\u0159ekladu:<\/strong><\/em><\/p>\n<h3><span style=\"font-size: 18pt;\">OT\u00c1ZKA UKRAJINSK\u00ddCH UPRCHL\u00cdK\u016e<\/span><\/h3>\n<p><span style=\"font-size: 14pt;\"><strong>Soused\u00e9 Ukrajiny vyz\u00fdvaj\u00ed Zelensk\u00e9ho k m\u00edru, zat\u00edmco do Evropy proud\u00ed miliony vys\u00eddlen\u00fdch lid\u00ed.<\/strong><\/span><\/p>\n<p><span>Minulou sobotu zve\u0159ejnil Washington Post odhalen\u00ed p\u0159\u00edsn\u011b tajn\u00fdch dokument\u016f americk\u00fdch tajn\u00fdch slu\u017eeb, kter\u00e9 ukazuj\u00ed, \u017ee za z\u00e1dy B\u00edl\u00e9ho domu ukrajinsk\u00fd prezident Vladimir Zelenskyj nal\u00e9hal na Bidena, aby za\u010d\u00e1tkem tohoto roku roz\u0161\u00ed\u0159il s\u00e9rii raketov\u00fdch \u00fatok\u016f na Rusko.\u00a0Dokumenty byly sou\u010d\u00e1st\u00ed rozs\u00e1hl\u00e9ho bal\u00edku utajovan\u00fdch informac\u00ed zve\u0159ejn\u011bn\u00fdch na internetu nyn\u00ed zat\u010den\u00fdm p\u0159edstavitelem letectva.\u00a0Vysok\u00fd \u00fa\u0159edn\u00edk Bidenovy administrativy, kter\u00e9ho The Washington Post po\u017e\u00e1dal o koment\u00e1\u0159 k nov\u011b odhalen\u00fdm zpravodajsk\u00fdm informac\u00edm, \u0159ekl, \u017ee zelenskij nikdy neporu\u0161il sv\u016fj slib, \u017ee nikdy nepou\u017eije americk\u00e9 zbran\u011b k \u00fatoku na oblasti uvnit\u0159 Ruska. Zelenskij podle B\u00edl\u00e9ho domu nem\u016f\u017ee ud\u011blat nic \u0161patn\u00e9ho.<\/span><\/p>\n<p><span>Zelensk\u00e9ho p\u0159\u00e1n\u00ed p\u0159en\u00e9st v\u00e1lku do Ruska nemus\u00ed b\u00fdt jasn\u00e9 prezidentovi a vysok\u00fdm zahrani\u010dn\u011bpolitick\u00fdm poradc\u016fm v B\u00edl\u00e9m dom\u011b, ale je to pro ty z americk\u00e9 zpravodajsk\u00e9 komunity, kte\u0159\u00ed maj\u00ed pot\u00ed\u017ee se z\u00edsk\u00e1n\u00edm jej\u00edch informac\u00ed a hodnocen\u00ed v Ov\u00e1ln\u00e9 pracovn\u011b.\u00a0Mezit\u00edm masakr ve m\u011bst\u011b Bachmut pokra\u010duje.\u00a0Podob\u00e1 se svou idioci\u00ed, ne-li po\u010dtem ob\u011bt\u00ed, masakru ve Verdunu a na Somm\u011b b\u011bhem prvn\u00ed sv\u011btov\u00e9 v\u00e1lky.\u00a0Mu\u017ei zodpov\u011bdn\u00ed za dne\u0161n\u00ed v\u00e1lku v Moskv\u011b, Kyjev\u011b a Washingtonu neprojevili z\u00e1jem ani o do\u010dasn\u00e1 jedn\u00e1n\u00ed o p\u0159\u00edm\u011b\u0159\u00ed, kter\u00e1 by mohla slou\u017eit jako p\u0159edehra k n\u011b\u010demu trvalej\u0161\u00edmu.<\/span><\/p>\n<p><span>Jak v\u0161ak n\u011bkte\u0159\u00ed p\u0159edstavitel\u00e9 americk\u00fdch zpravodajsk\u00fdch slu\u017eeb v\u011bd\u00ed a tajn\u011b informovali, na popud vl\u00e1dn\u00edch \u010dinitel\u016f na r\u016fzn\u00fdch \u00farovn\u00edch v Polsku, Ma\u010farsku, Litv\u011b, Estonsku, \u010cesku a Loty\u0161sku se p\u0159ipravuje n\u011bco jin\u00e9ho. V\u0161echny tyto zem\u011b jsou spojenci Ukrajiny a prohl\u00e1sili se za nep\u0159\u00e1tele Vladimira Putina.<\/span><\/p>\n<p><span>Tuto skupinu vedou Pol\u00e1ci, jejich\u017e veden\u00ed se u\u017e rusk\u00e1 arm\u00e1da neboj\u00ed, proto\u017ee jejich vystoupen\u00ed na Ukrajin\u011b d\u00e1v\u00e1 zapomenout na n\u00e1dheru jejich \u00fasp\u011bchu u Stalingradu ve druh\u00e9 sv\u011btov\u00e9 v\u00e1lce.\u00a0Ti\u0161e nal\u00e9hala na Zelensk\u00e9ho, aby na\u0161el zp\u016fsob, jak ukon\u010dit v\u00e1lku \u2013 v\u010detn\u011b rezignace, pokud to bude nutn\u00e9 \u2013 a za\u010d\u00edt znovu budovat svou zemi. Zelensk\u00e9ho to podle odposlechnut\u00fdch zpr\u00e1v a dal\u0161\u00edch \u00fadaj\u016f, kter\u00e9 CIA zn\u00e1, neodradilo, ale za\u010d\u00edn\u00e1 ztr\u00e1cet soukromou podporu sv\u00fdch soused\u016f.<\/span><\/p>\n<p><span>Jednou z hnac\u00edch sil tich\u00fdch evropsk\u00fdch rozhovor\u016f se Zelensk\u00fdm je v\u00edce ne\u017e p\u011bt milion\u016f Ukrajinc\u016f, kte\u0159\u00ed uprchli p\u0159ed v\u00e1lkou a p\u0159ekro\u010dili hranice zem\u011b, aby hledali \u00fato\u010di\u0161t\u011b v r\u00e1mci dohody EU o do\u010dasn\u00e9 ochran\u011b, pr\u00e1vech na pobyt, p\u0159\u00edstupu na trh pr\u00e1ce a bydlen\u00ed. , soci\u00e1ln\u00ed pomoc a l\u00e9ka\u0159sk\u00e1 p\u00e9\u010de, se registrovaly v sousedn\u00edch zem\u00edch.\u00a0Podle hodnocen\u00ed zve\u0159ejn\u011bn\u00e9ho \u00da\u0159adem vysok\u00e9ho komisa\u0159e OSN pro uprchl\u00edky tento odhad nezahrnuje p\u0159ibli\u017en\u011b t\u0159i miliony ukrajinsk\u00fdch uprchl\u00edk\u016f, kte\u0159\u00ed uprchli z v\u00e1le\u010dn\u00e9 z\u00f3ny bez v\u00edz do jedn\u00e9 z 27 evropsk\u00fdch zem\u00ed, kter\u00e9 na z\u00e1klad\u011b Schengensk\u00e9 dohody zru\u0161ily hrani\u010dn\u00ed kontroly.\u00a0P\u0159esto\u017ee Ukrajina nen\u00ed sou\u010d\u00e1st\u00ed EU, nyn\u00ed vyu\u017e\u00edv\u00e1 v\u0161ech v\u00fdhod Schengensk\u00e9 dohody.<\/span><\/p>\n<p><span>UNHRC uv\u00e1d\u00ed, \u017ee voln\u00fd pohyb osob z Ukrajiny do pobaltsk\u00fdch st\u00e1t\u016f a zem\u00ed EU v z\u00e1padn\u00ed Evrop\u011b \u201ezvl\u00e1\u0161\u0165 zt\u011b\u017euje p\u0159esn\u00e9 ur\u010den\u00ed, kolik Ukrajinc\u016f se v posledn\u00edch m\u011bs\u00edc\u00edch dostalo do EU a kde se nyn\u00ed nach\u00e1zej\u00ed\u201c.\u00a0Podle zpr\u00e1vy tvo\u0159\u00ed \u201evelkou v\u011bt\u0161inu\u201c ukrajinsk\u00fdch uprchl\u00edk\u016f \u017eeny a d\u011bti a t\u0159etina z nich je mlad\u0161\u00ed 18 let.\u00a073 procent uprchl\u00edk\u016f v produktivn\u00edm v\u011bku jsou \u017eeny, z nich\u017e mnoz\u00ed maj\u00ed d\u011bti.<\/span><\/p>\n<p><span>\u00danorov\u00e1 anal\u00fdza evropsk\u00e9 uprchlick\u00e9 krize proveden\u00e1 Radou pro zahrani\u010dn\u00ed vztahy zjistila, \u017ee v prvn\u00edm roce v\u00e1lky proudily k ukrajinsk\u00fdm soused\u016fm humanit\u00e1rn\u00ed pomoc \u201edes\u00edtky miliard dolar\u016f\u201c.\u00a0&#8222;Vzhledem k tomu, \u017ee konflikt vstupuje do druh\u00e9ho roku a konec v nedohlednu,&#8220; uv\u00e1d\u00ed zpr\u00e1va, &#8222;experti se ob\u00e1vaj\u00ed, \u017ee hostitelsk\u00e9 zem\u011b jsou \u010d\u00edm d\u00e1l unaven\u011bj\u0161\u00ed.&#8220;<\/span><\/p>\n<p><span>P\u0159ed n\u011bkolika t\u00fddny jsem se dozv\u011bd\u011bl, \u017ee americk\u00e1 rozv\u011bdka v\u00ed, \u017ee n\u011bkte\u0159\u00ed p\u0159edstavitel\u00e9 v z\u00e1padn\u00ed Evrop\u011b a pobaltsk\u00fdch st\u00e1tech cht\u011bj\u00ed ukon\u010den\u00ed v\u00e1lky mezi Ukrajinou a Ruskem.\u00a0Do\u0161li k z\u00e1v\u011bru, \u017ee je \u010das, aby se Selenskij \u201evr\u00e1til\u201c a hledal dohodu.\u00a0Zku\u0161en\u00fd americk\u00fd \u00fa\u0159edn\u00edk mi \u0159ekl, \u017ee n\u011bkte\u0159\u00ed z v\u016fdc\u016f v Ma\u010farsku a Polsku pat\u0159\u00ed k t\u011bm, kte\u0159\u00ed cht\u011bj\u00ed, aby byla Ukrajina zahrnuta do v\u00e1\u017en\u00fdch rozhovor\u016f s Moskvou.\u00a0&#8222;Ma\u010farsko je v t\u00e9to v\u011bci v\u00fdznamn\u00fdm hr\u00e1\u010dem, stejn\u011b jako Polsko a N\u011bmecko, a sna\u017e\u00ed se p\u0159esv\u011bd\u010dit Zelensk\u00e9ho, aby ustoupil,&#8220; \u0159ekl americk\u00fd \u010dinitel. Evrop\u0161t\u00ed l\u00edd\u0159i dali jasn\u011b najevo, \u017ee \u201eZelenskij m\u016f\u017ee udr\u017eet<\/span><\/p>\n<p><span>Podle \u00fa\u0159edn\u00edka zat\u00edm Zelenskyj takov\u00e9 rady odm\u00edtal a ignoroval nab\u00eddky velk\u00fdch \u010d\u00e1stek pen\u011bz, kter\u00e9 by mu usnadnily \u00fastup na panstv\u00ed, kter\u00e9 vlastn\u00ed v It\u00e1lii. V Bidenov\u011b administrativ\u011b neexistuje \u017e\u00e1dn\u00e1 podpora pro dohodu, kter\u00e1 zahrnuje Zelensk\u00e9ho odchod, a veden\u00ed ve Francii a Anglii je Bidenovi \u201ep\u0159\u00edli\u0161 oddan\u00e9\u201c, ne\u017e aby o takov\u00e9m sc\u00e9n\u00e1\u0159i uva\u017eovalo. Existuje realita, kterou n\u011bkter\u00e9 prvky v americk\u00e9 zpravodajsk\u00e9 komunit\u011b nemohou ignorovat, \u0159ekl \u00fa\u0159edn\u00edk, i kdy\u017e to ignoruje B\u00edl\u00fd d\u016fm: &#8222;Ukrajin\u011b doch\u00e1zej\u00ed pen\u00edze a je zn\u00e1mo, \u017ee p\u0159\u00ed\u0161t\u00ed \u010dty\u0159i m\u011bs\u00edce budou kritick\u00e9.&#8220;\u00a0A V\u00fdchodoevropan\u00e9 mluv\u00ed o dohod\u011b.\u201c\u00a0Probl\u00e9mem pro n\u011b je podle \u00fa\u0159edn\u00edka \u201ejak p\u0159im\u011bt USA, aby p\u0159estaly podporovat Zelensk\u00e9ho\u201c.<\/span><\/p>\n<p><span>A Zelensk\u00fd chce v\u00edc, \u0159ekl \u00fa\u0159edn\u00edk. \u201eZelenskij n\u00e1m \u0159\u00edk\u00e1, \u017ee pokud chcete vyhr\u00e1t v\u00e1lku, mus\u00edte mi d\u00e1t v\u00edce pen\u011bz a v\u00edce materi\u00e1l\u016f. \u0158\u00edk\u00e1 n\u00e1m: &#8218;Mus\u00edm vyplatit gener\u00e1ly.&#8216;\u00a0\u0158\u00edk\u00e1 n\u00e1m\u201c \u2013 pokud bude nucen odej\u00edt z \u00fa\u0159adu \u2013 \u201ep\u016fjde za nejvy\u0161\u0161\u00ed nab\u00eddkou.\u00a0Rad\u011bji by ode\u0161el do It\u00e1lie, ne\u017e aby z\u016fstal a mo\u017en\u00e1 byl zabit sv\u00fdmi vlastn\u00edmi lidmi.<\/span><\/p>\n<p><span>&#8222;Ale jako obvykle,&#8220; \u0159ekl \u00fa\u0159edn\u00edk, &#8222;zpravodajsk\u00e1 komunita si nen\u00ed v\u011bdoma toho, co prezident a jeho zahrani\u010dn\u011bpoliti\u010dt\u00ed poradci v B\u00edl\u00e9m dom\u011b v\u011bd\u00ed o realit\u011b&#8220; evropsk\u00e9 diskuse o zp\u016fsobu, jak ukon\u010dit v\u00e1lku.\u00a0\u201eSt\u00e1le tr\u00e9nujeme Ukrajince, aby l\u00e9tali s na\u0161imi F-16, kter\u00e9 Rusko sest\u0159elilo, jakmile vstoupili do v\u00e1le\u010dn\u00e9 z\u00f3ny.\u00a0Mainstreamov\u00fd tisk se v\u011bnuje Bidenovi a v\u00e1lce a Biden st\u00e1le mluv\u00ed o velk\u00e9m satanovi v Moskv\u011b, zat\u00edmco se rusk\u00e9 ekonomice da\u0159\u00ed.\u00a0Putin m\u016f\u017ee z\u016fstat tam, kde je\u201c \u2013 u moci \u2013 \u201ea\u010dkoli se mu nepoda\u0159ilo vymazat Ukrajinu jako nez\u00e1visl\u00fd st\u00e1t z mapy.\u00a0<\/span><\/p>\n<p><span>\u201eProbl\u00e9m Evropy,\u201c \u0159ekl \u00fa\u0159edn\u00edk, pokud jde o rychl\u00e9 ukon\u010den\u00ed v\u00e1lky, \u201eje v tom, \u017ee B\u00edl\u00fd d\u016fm chce, aby Zelenskij p\u0159e\u017eil, zat\u00edmco jsou jin\u00ed\u201c \u2013 v Rusku a v n\u011bkter\u00fdch evropsk\u00fdch metropol\u00edch \u2013 \u201ekte\u0159\u00ed \u0159\u00edkaj\u00ed Zelensky mus\u00ed pry\u010d, a\u0165 se d\u011bje cokoliv.&#8220;<\/span><\/p>\n<p><span>Nen\u00ed jasn\u00e9, zda se toto porozum\u011bn\u00ed dostalo do Ov\u00e1ln\u00e9 pracovny.\u00a0Bylo mi \u0159e\u010deno, \u017ee n\u011bkter\u00e9 z lep\u0161\u00edch zpravodajsk\u00fdch informac\u00ed o v\u00e1lce se k prezidentovi nedostanou, a nen\u00ed to vinou t\u011bch, kte\u0159\u00ed \u010dasto protich\u016fdn\u011b hodnot\u00ed.\u00a0Biden se \u00fadajn\u011b op\u00edr\u00e1 o briefingy a dal\u0161\u00ed materi\u00e1ly p\u0159ipraven\u00e9 Avril Hainesovou, \u0159editelkou National Intelligence, od n\u00e1stupu Bidenovy administrativy.\u00a0V\u011bt\u0161inu sv\u00e9 kari\u00e9ry str\u00e1vila ve slu\u017eb\u00e1ch ministra zahrani\u010d\u00ed Anthonyho Blinkena, jeho\u017e vazby a dohody s Bidenem v z\u00e1le\u017eitostech t\u00fdkaj\u00edc\u00edch se Ruska a \u010c\u00edny se t\u00e1hnou desetilet\u00ed.<\/span><\/p>\n<p><span>Bylo mi \u0159e\u010deno, \u017ee jedinou z\u00e1chranou pro n\u011bkter\u00e9 ze zpravodajsk\u00e9 komunity byl \u0159editel CIA William Burns.\u00a0Burns byl velvyslancem v Rusku a n\u00e1m\u011bstkem ministra zahrani\u010d\u00ed a je mu p\u0159ipisov\u00e1no, \u017ee vystoupil proti n\u011bkter\u00fdm ze zahrani\u010dn\u011bpolitick\u00fdch po\u0161etilost\u00ed B\u00edl\u00e9ho domu.\u00a0&#8222;Nechce b\u00fdt krysou na pot\u00e1p\u011bj\u00edc\u00ed se lodi,&#8220; \u0159ekl mi d\u016fstojn\u00edk.<\/span><\/p>\n<p><span>Na druhou stranu mi bylo \u0159e\u010deno, \u017ee ti v CIA, kte\u0159\u00ed p\u0159ipravuj\u00ed President&#8217;s Daily Brief, si neuv\u011bdomuj\u00ed, \u017ee Joe Biden je pravideln\u00fdm \u010dten\u00e1\u0159em jejich zpravodajsk\u00e9ho souhrnu.\u00a0Dokument m\u00e1 obvykle t\u0159i str\u00e1nky.\u00a0P\u0159ed des\u00edtkami let mi bylo \u0159e\u010deno \u2013 n\u011bk\u00fdm, kdo m\u011b tehdy po\u017e\u00e1dal, abych o tom nepsal \u2013, \u017ee Ronald Reagan \u010detl prezident\u016fv Daily Brief jen z\u0159\u00eddka, dokud ho Colin Powell, tehdy v B\u00edl\u00e9m dom\u011b, neza\u010dal nahlas \u010d\u00edst na videorekord\u00e9ru.\u00a0P\u00e1ska byla pot\u00e9 p\u0159ehr\u00e1na prezidentovi.\u00a0Nen\u00ed jasn\u00e9, kdo, pokud v\u016fbec n\u011bkdo, by mohl p\u0159evz\u00edt iniciativu jako Biden\u016fv Colin Powell.<\/span><\/p>\n<p><em><strong>konec p\u0159ekladu<\/strong><\/em><\/p>\n<p><a href=\"https:\/\/www.anti-spiegel.ru\/2023\/die-europaeer-wollen-frieden-in-der-ukraine-biden-aber-nicht\/\">Thomas R\u00f6per<\/a><\/p>\n<p><img decoding=\"async\" loading=\"lazy\" class=\"alignnone  wp-image-22016\" src=\"http:\/\/www.infokuryr.cz\/n\/wp-content\/uploads\/2023\/01\/Thomas-Roper-298x300.jpg\" alt=\"\" width=\"193\" height=\"194\" srcset=\"https:\/\/www.infokuryr.cz\/n\/wp-content\/uploads\/2023\/01\/Thomas-Roper-298x300.jpg 298w, https:\/\/www.infokuryr.cz\/n\/wp-content\/uploads\/2023\/01\/Thomas-Roper-150x150.jpg 150w, https:\/\/www.infokuryr.cz\/n\/wp-content\/uploads\/2023\/01\/Thomas-Roper.jpg 596w\" sizes=\"(max-width: 193px) 100vw, 193px\" \/><\/p>\n<p>____________________<\/p>\n<\/div>\n<p>&nbsp;<\/p>\n<p>&nbsp;<\/p>\n<p><img decoding=\"async\" loading=\"lazy\" class=\"wp-image-19187 aligncenter\" src=\"http:\/\/www.infokuryr.cz\/n\/wp-content\/uploads\/2022\/12\/1-PRO-300x36.jpg\" alt=\"\" width=\"1292\" height=\"155\" srcset=\"https:\/\/www.infokuryr.cz\/n\/wp-content\/uploads\/2022\/12\/1-PRO-300x36.jpg 300w, https:\/\/www.infokuryr.cz\/n\/wp-content\/uploads\/2022\/12\/1-PRO.jpg 699w\" sizes=\"(max-width: 1292px) 100vw, 1292px\" \/><\/p>\n<p>&nbsp;<\/p>\n<p>&nbsp;<\/p>\n<p>&nbsp;<\/p>\n","protected":false},"excerpt":{"rendered":"<p>Seymour Hersh zve\u0159ejnil nov\u00fd \u010dl\u00e1nek se zji\u0161t\u011bn\u00edmi sv\u00fdch americk\u00fdch zpravodajsk\u00fdch zdroj\u016f.\u00a0Hersh v n\u011bm uv\u00e1d\u00ed, \u017ee&#8230;<\/p>\n","protected":false},"author":2,"featured_media":22962,"comment_status":"closed","ping_status":"closed","sticky":false,"template":"","format":"standard","meta":[],"categories":[7],"tags":[72,26,37,1000],"_links":{"self":[{"href":"https:\/\/www.infokuryr.cz\/n\/wp-json\/wp\/v2\/posts\/28257"}],"collection":[{"href":"https:\/\/www.infokuryr.cz\/n\/wp-json\/wp\/v2\/posts"}],"about":[{"href":"https:\/\/www.infokuryr.cz\/n\/wp-json\/wp\/v2\/types\/post"}],"author":[{"embeddable":true,"href":"https:\/\/www.infokuryr.cz\/n\/wp-json\/wp\/v2\/users\/2"}],"replies":[{"embeddable":true,"href":"https:\/\/www.infokuryr.cz\/n\/wp-json\/wp\/v2\/comments?post=28257"}],"version-history":[{"count":0,"href":"https:\/\/www.infokuryr.cz\/n\/wp-json\/wp\/v2\/posts\/28257\/revisions"}],"wp:featuredmedia":[{"embeddable":true,"href":"https:\/\/www.infokuryr.cz\/n\/wp-json\/wp\/v2\/media\/22962"}],"wp:attachment":[{"href":"https:\/\/www.infokuryr.cz\/n\/wp-json\/wp\/v2\/media?parent=28257"}],"wp:term":[{"taxonomy":"category","embeddable":true,"href":"https:\/\/www.infokuryr.cz\/n\/wp-json\/wp\/v2\/categories?post=28257"},{"taxonomy":"post_tag","embeddable":true,"href":"https:\/\/www.infokuryr.cz\/n\/wp-json\/wp\/v2\/tags?post=28257"}],"curies":[{"name":"wp","href":"https:\/\/api.w.org\/{rel}","templated":true}]}}