{"id":28250,"date":"2023-05-17T06:58:02","date_gmt":"2023-05-17T04:58:02","guid":{"rendered":"http:\/\/www.infokuryr.cz\/n\/?p=28250"},"modified":"2023-05-17T06:58:02","modified_gmt":"2023-05-17T04:58:02","slug":"britska-ucitelka-neoslovila-8-letou-zakyni-muzskym-zajmenem","status":"publish","type":"post","link":"https:\/\/www.infokuryr.cz\/n\/2023\/05\/17\/britska-ucitelka-neoslovila-8-letou-zakyni-muzskym-zajmenem\/","title":{"rendered":"Britsk\u00e1 u\u010ditelka neoslovila 8-letou \u017e\u00e1kyni mu\u017esk\u00fdm z\u00e1jmenem"},"content":{"rendered":"<div id=\"fb-root\"><\/div>\n<h2 class=\"entry-title\">Dostala pad\u00e1ka, pr\u00fd nem\u011bla pochopen\u00ed pro jej\u00ed proces prom\u011bny pohlav\u00ed. Na tenhle Z\u00e1pad chcete pat\u0159it?!<\/h2>\n<p>U\u010ditelka na z\u00e1kladn\u00ed \u0161kole v<strong>\u00a0britsk\u00e9m hrabstv\u00ed Nottinghamshirese nyn\u00ed soud\u00ed se \u0161kolou kv\u016fli propu\u0161t\u011bn\u00ed. Pad\u00e1ka dostala, proto\u017ee neoslovovala osmi letou d\u016fvku jako chlapce. D\u00edvka \u00fadajn\u011b za podprory\u00a0<a href=\"https:\/\/www.gbnews.com\/news\/nottinghamshire-news-teacher-sacked-pronouns-row-child\">veden\u00ed \u0161koly proch\u00e1zela<\/a>\u00a0genderovou zm\u011bnou na chlapce<\/strong>. D\u00edvka m\u011bla rovn\u011b od veden\u00ed \u0161koly povoleno pou\u017e\u00edvat chlapeck\u00e9 z\u00e1chody. Jak pou\u017e\u00edvala piso\u00e1r bohu\u017eel u\u017e veden\u00ed \u0161koly neuvedlo\u2026<\/p>\n<p><b>D\u00edt\u011b na z\u00e1kladn\u00ed \u0161kole, kter\u00e9 je vystavovan\u00e9 agresivn\u00ed genderov\u00e9 propagand\u011b, se k podobn\u00fdm v\u00fdst\u0159elk\u016fm v\u017edy uchyluje na z\u00e1klad\u011b aktu\u00e1ln\u00edch emoc\u00ed. Bohu\u017eel v\u00fdsledky \u201egenderov\u00e9 l\u00e9\u010dby\u201c ji\u017e nelze vz\u00edt zp\u011bt a d\u00edt\u011b je tak zmrza\u010den\u00e9 na cel\u00fd \u017eivot.<\/b><\/p>\n<p>Cel\u00fd tenhle genderov\u00fd projekt je pr\u00e1ce glob\u00e1ln\u00ed finan\u010dn\u00ed oligarchie a j\u00ed posluhuj\u00edc\u00edch vl\u00e1d. Tohle je ten Z\u00e1pad, kam chceme jako \u010ce\u0161i pat\u0159it? D\u011bkujeme nem\u00e1me z\u00e1jem!<\/p>\n<p><img decoding=\"async\" loading=\"lazy\" class=\"alignnone size-full wp-image-1185\" src=\"http:\/\/www.infokuryr.cz\/n\/wp-content\/uploads\/2021\/04\/kuryr-podpis.png\" alt=\"\" width=\"84\" height=\"24\" \/><\/p>\n<p>&nbsp;<\/p>\n<p>&nbsp;<\/p>\n<p><img decoding=\"async\" loading=\"lazy\" class=\"wp-image-19187 aligncenter\" src=\"http:\/\/www.infokuryr.cz\/n\/wp-content\/uploads\/2022\/12\/1-PRO-300x36.jpg\" alt=\"\" width=\"1267\" height=\"152\" srcset=\"https:\/\/www.infokuryr.cz\/n\/wp-content\/uploads\/2022\/12\/1-PRO-300x36.jpg 300w, https:\/\/www.infokuryr.cz\/n\/wp-content\/uploads\/2022\/12\/1-PRO.jpg 699w\" sizes=\"(max-width: 1267px) 100vw, 1267px\" \/><\/p>\n<p>&nbsp;<\/p>\n","protected":false},"excerpt":{"rendered":"<p>Dostala pad\u00e1ka, pr\u00fd nem\u011bla pochopen\u00ed pro jej\u00ed proces prom\u011bny pohlav\u00ed. Na tenhle Z\u00e1pad chcete pat\u0159it?!&#8230;<\/p>\n","protected":false},"author":2,"featured_media":1237,"comment_status":"closed","ping_status":"closed","sticky":false,"template":"","format":"standard","meta":[],"categories":[7],"tags":[94,774,2205,4982],"_links":{"self":[{"href":"https:\/\/www.infokuryr.cz\/n\/wp-json\/wp\/v2\/posts\/28250"}],"collection":[{"href":"https:\/\/www.infokuryr.cz\/n\/wp-json\/wp\/v2\/posts"}],"about":[{"href":"https:\/\/www.infokuryr.cz\/n\/wp-json\/wp\/v2\/types\/post"}],"author":[{"embeddable":true,"href":"https:\/\/www.infokuryr.cz\/n\/wp-json\/wp\/v2\/users\/2"}],"replies":[{"embeddable":true,"href":"https:\/\/www.infokuryr.cz\/n\/wp-json\/wp\/v2\/comments?post=28250"}],"version-history":[{"count":0,"href":"https:\/\/www.infokuryr.cz\/n\/wp-json\/wp\/v2\/posts\/28250\/revisions"}],"wp:featuredmedia":[{"embeddable":true,"href":"https:\/\/www.infokuryr.cz\/n\/wp-json\/wp\/v2\/media\/1237"}],"wp:attachment":[{"href":"https:\/\/www.infokuryr.cz\/n\/wp-json\/wp\/v2\/media?parent=28250"}],"wp:term":[{"taxonomy":"category","embeddable":true,"href":"https:\/\/www.infokuryr.cz\/n\/wp-json\/wp\/v2\/categories?post=28250"},{"taxonomy":"post_tag","embeddable":true,"href":"https:\/\/www.infokuryr.cz\/n\/wp-json\/wp\/v2\/tags?post=28250"}],"curies":[{"name":"wp","href":"https:\/\/api.w.org\/{rel}","templated":true}]}}