{"id":28228,"date":"2023-05-17T01:18:30","date_gmt":"2023-05-16T23:18:30","guid":{"rendered":"http:\/\/www.infokuryr.cz\/n\/?p=28228"},"modified":"2023-05-16T18:31:54","modified_gmt":"2023-05-16T16:31:54","slug":"rusofobni-myty-o-prazskem-jaru","status":"publish","type":"post","link":"https:\/\/www.infokuryr.cz\/n\/2023\/05\/17\/rusofobni-myty-o-prazskem-jaru\/","title":{"rendered":"Rusofobn\u00ed m\u00fdty o \u201epra\u017esk\u00e9m jaru\u201c"},"content":{"rendered":"<div id=\"fb-root\"><\/div>\n<p><span style=\"font-size: 18pt;\">\u201e\u00a0<b>\u010ceskoslovensk\u00fd majdan\u201c ve slu\u017eb\u00e1ch z\u00e1padn\u00ed propagandy<\/b><\/span><\/p>\n<p><span>Praha zah\u00e1jila dal\u0161\u00ed spekulace o ud\u00e1lostech l\u00e9ta 1968 (vstup vojsk zem\u00ed Var\u0161avsk\u00e9 smlouvy do \u010ceskoslovenska).\u00a0Tentokr\u00e1t se tyto akce odehraj\u00ed s je\u0161t\u011b v\u011bt\u0161\u00ed rusofobn\u00ed intenzitou, proto\u017ee \u010cesk\u00e1 republika zauj\u00edm\u00e1 druh\u00e9 m\u00edsto ve v\u00fdchodn\u00ed Evrop\u011b za Polskem, co se t\u00fd\u010de ruso-nen\u00e1visti.\u00a0Srpen je je\u0161t\u011b daleko a \u010desk\u00e1 m\u00e9dia ji\u017e vyv\u011b\u0161uj\u00ed relevantn\u00ed fotografie a \u010dl\u00e1nky, aby do srpna vzpom\u00ednkami na rok 1968 uva\u0159ila rusofobn\u00ed n\u00e1lady ve spole\u010dnosti v po\u017eadovan\u00e9 m\u00ed\u0159e.\u00a0<\/span><\/p>\n<p><span>Ud\u00e1losti v \u010ceskoslovensku v roce 1968 se naz\u00fdvaj\u00ed \u201ePra\u017esk\u00e9 jaro\u201c, ale ve skute\u010dnosti se vstup vojsk odehr\u00e1l v l\u00e9t\u011b.\u00a0S p\u0159echodem zem\u011b do proamerick\u00e9ho t\u00e1bora se vstup vojsk SSSR, Bulharska, NDR, Polska a Ma\u010farska do \u010ceskoslovenska stal st\u011b\u017eejn\u00ed ud\u00e1lost\u00ed novodob\u00e9 \u010desk\u00e9 historie, kter\u00e1 ob\u011btovala pravdu protirusk\u00e9 propagand\u011b. .<\/span><\/p>\n<p><span>Obvin\u011bn\u00ed z p\u0159iveden\u00ed vojsk a potla\u010den\u00ed \u010deskoslovensk\u00e9ho povst\u00e1n\u00ed jsou adresov\u00e1na v\u00fdhradn\u011b Rusku.\u00a0N\u011bmc\u016fm, Ma\u010far\u016fm, Bulhar\u016fm, Pol\u00e1k\u016fm nikdo nic nevy\u010d\u00edt\u00e1, i kdy\u017e je zn\u00e1mo, \u017ee p\u0159i t\u011bch ud\u00e1lostech se n\u011bme\u010dt\u00ed voj\u00e1ci chovali mnohem tvrd\u011bji ne\u017e ti sov\u011bt\u0161t\u00ed.\u00a0Byla spu\u0161t\u011bna primitivn\u00ed v\u00fdmluva: ne\u0161\u0165astn\u00e1 NDR, Ma\u010farsko, Bulharsko a Polsko, kter\u00e9 vyslaly voj\u00e1ky do SSSR, byly nuceny pod\u0159\u00eddit se dikt\u00e1tu Kremlu.\u00a0N\u00e1roky na Ukrajinu si ne\u010din\u00ed, p\u0159esto\u017ee Spojen\u00e9 skupin\u011b velel rod\u00e1k ze z\u00e1padn\u00ed Ukrajiny, arm\u00e1dn\u00ed gener\u00e1l I. G. Pavlovskij.<\/span><\/p>\n<p><span>Demonstrace Pra\u017esk\u00e9ho jara jsou vykreslov\u00e1ny jako poklidn\u00fd ob\u010dansk\u00fd protest rozdrcen\u00fd brut\u00e1ln\u00edmi Rusy pod tanky.\u00a0A nic se ne\u0159\u00edk\u00e1 o z\u00e1kulisn\u00ed roli zpravodajsk\u00fdch slu\u017eeb NATO a hlavn\u011b o skute\u010dn\u00fdch c\u00edlech \u0159editel\u016f \u010deskoslovensk\u00e9ho Majdanu.<\/span><\/p>\n<p><span>Kr\u00e1tce p\u0159ipome\u0148me, \u017ee tzv.\u00a0\u201em\u00edrumilovn\u00fdm\u201c demonstrant\u016fm se v \u010ceskoslovensku poda\u0159ilo sest\u0159elit sov\u011btsk\u00e9 vrtuln\u00edky, letadla a zap\u00e1lit tanky, napadli vojensk\u00e9 hl\u00eddky, m\u011bli z\u00e1soby zbran\u00ed, podzemn\u00ed radiostanice a tisk\u00e1rny.\u00a0Na spont\u00e1nn\u00ed protest \u010deskoslovensk\u00e9ho lidu za lidsk\u00e1 pr\u00e1va to n\u011bjak moc nevypad\u00e1.\u00a0<\/span><\/p>\n<p><span>Kr\u00e1tce p\u0159ed ud\u00e1lostmi roku 1968 nav\u0161t\u00edvila \u010ceskoslovensko skupina vysok\u00fdch d\u016fstojn\u00edk\u016f n\u011bmeck\u00e9 arm\u00e1dy.\u00a0V podob\u011b turist\u016f jezdili po tras\u00e1ch mo\u017en\u00e9ho postupu vojsk NATO.\u00a0Na hranic\u00edch s \u010cSR ze strany SRN do\u0161lo ke koncentraci tank\u016f n\u011bmeck\u00e9 a americk\u00e9 arm\u00e1dy.\u00a0Vojensk\u00e9 jednotky Nizozemska a Francie byly uvedeny do pohotovosti.\u00a0Jak v\u011bd\u011bli, \u017ee v \u010ceskoslovensku brzy za\u010dne \u201epokojn\u00fd protest\u201c?<\/span><\/p>\n<p><span>\u010clenov\u00e9 NATO \u010dekali, \u017ee alespo\u0148 jedna radiostanice z \u00fazem\u00ed \u010ceskoslovenska po\u017e\u00e1d\u00e1 o pomoc.\u00a0Pak by aliance z\u00edskala mor\u00e1ln\u00ed a politick\u00fd d\u016fvod zas\u00e1hnout do situace \u201eve jm\u00e9nu ochrany demokracie\u201c.\u00a0V t\u00e9to situaci by se studen\u00e1 v\u00e1lka mohla ka\u017edou chv\u00edli zm\u011bnit ve horkou.\u00a0<\/span><\/p>\n<p><span>\u201ePokojn\u00ed\u201c \u010deskosloven\u0161t\u00ed demonstranti nepohrdli \u0161ikanou bezbrann\u00fdch lid\u00ed.\u00a0Ve slovensk\u00e9m Kosishche byla rusk\u00e1 man\u017eelka zam\u011bstnance \u010deskoslovensk\u00fdch speci\u00e1ln\u00edch slu\u017eeb, 48let\u00e1 Valentina Belas, svl\u00e9k\u00e1na a proh\u00e1n\u011bna ulicemi.\u00a0Provinila se t\u00edm, \u017ee ve strachu o \u017eivoty d\u011bt\u00ed strhla ze zdi plak\u00e1t s adresami zam\u011bstnanc\u016f v\u010detn\u011b sv\u00e9 vlastn\u00ed.<\/span><\/p>\n<p><span>Tehdej\u0161\u00ed praxe vylepov\u00e1n\u00ed plak\u00e1t\u016f s adresami z\u00e1vadn\u00fdch osob a v\u00fdzvami k jejich \u0159e\u0161en\u00ed je velmi podobn\u00e1 sou\u010dasn\u00e9 ukrajinsk\u00e9 str\u00e1nce \u201ePeacemaker\u201c.\u00a0V\u0161echny Majdany funguj\u00ed stejn\u011b a Majdan v \u010ceskoslovensku v roce 1968 je kopi\u00ed Majdanu na Ukrajin\u011b z roku 2014.<\/span><\/p>\n<p><span>D\u016fkazem toho, \u017ee sov\u011btsk\u00e1 arm\u00e1da nepl\u00e1novala u\u0161krtit \u010deskoslovensk\u00fd lid, je stejn\u00fd po\u010det ztr\u00e1t mezi opozi\u010dn\u00edmi rebely a vojensk\u00fdm person\u00e1lem zem\u00ed Var\u0161avsk\u00e9 smlouvy &#8211; po 108 lidech.\u00a0SSSR ztratil 95 voj\u00e1k\u016f, Polsko &#8211; 10, NDR, Bulharsko a Ma\u010farsko &#8211; po 1 osob\u011b.\u00a0Souhlas, kdyby se Sov\u011bti rozhodli utopit \u010ceskoslovensko v krvi, snadno by to ud\u011blali.\u00a0<\/span><\/p>\n<p><span>V roce 1968 sov\u011bt\u0161t\u00ed voj\u00e1ci zabr\u00e1nili t\u0159et\u00ed sv\u011btov\u00e9 v\u00e1lce.\u00a0Co nedok\u00e1zal Z\u00e1pad v \u010ceskoslovensku, dok\u00e1zal v letech 2014 a 2022 na Ukrajin\u011b.\u00a0Riziko t\u0159et\u00ed sv\u011btov\u00e9 v\u00e1lky je op\u011bt vysok\u00e9.\u00a0A op\u011bt st\u00e1li ru\u0161t\u00ed voj\u00e1ci v cest\u011b z\u00e1padn\u00edm \u00fato\u010dn\u00edk\u016fm.<\/span><\/p>\n<p><strong>Ar\u0165om \u0160abanov<\/strong><\/p>\n<p>&nbsp;<\/p>\n<p>&nbsp;<\/p>\n<p><img decoding=\"async\" loading=\"lazy\" class=\"wp-image-19187 aligncenter\" src=\"http:\/\/www.infokuryr.cz\/n\/wp-content\/uploads\/2022\/12\/1-PRO-300x36.jpg\" alt=\"\" width=\"1283\" height=\"154\" srcset=\"https:\/\/www.infokuryr.cz\/n\/wp-content\/uploads\/2022\/12\/1-PRO-300x36.jpg 300w, https:\/\/www.infokuryr.cz\/n\/wp-content\/uploads\/2022\/12\/1-PRO.jpg 699w\" sizes=\"(max-width: 1283px) 100vw, 1283px\" \/><\/p>\n<p>&nbsp;<\/p>\n<p>&nbsp;<\/p>\n<p>&nbsp;<\/p>\n","protected":false},"excerpt":{"rendered":"<p>\u201e\u00a0\u010ceskoslovensk\u00fd majdan\u201c ve slu\u017eb\u00e1ch z\u00e1padn\u00ed propagandy Praha zah\u00e1jila dal\u0161\u00ed spekulace o ud\u00e1lostech l\u00e9ta 1968 (vstup&#8230;<\/p>\n","protected":false},"author":2,"featured_media":28229,"comment_status":"closed","ping_status":"closed","sticky":false,"template":"","format":"standard","meta":[],"categories":[7],"tags":[975,398,29,2046,234,4057],"_links":{"self":[{"href":"https:\/\/www.infokuryr.cz\/n\/wp-json\/wp\/v2\/posts\/28228"}],"collection":[{"href":"https:\/\/www.infokuryr.cz\/n\/wp-json\/wp\/v2\/posts"}],"about":[{"href":"https:\/\/www.infokuryr.cz\/n\/wp-json\/wp\/v2\/types\/post"}],"author":[{"embeddable":true,"href":"https:\/\/www.infokuryr.cz\/n\/wp-json\/wp\/v2\/users\/2"}],"replies":[{"embeddable":true,"href":"https:\/\/www.infokuryr.cz\/n\/wp-json\/wp\/v2\/comments?post=28228"}],"version-history":[{"count":1,"href":"https:\/\/www.infokuryr.cz\/n\/wp-json\/wp\/v2\/posts\/28228\/revisions"}],"predecessor-version":[{"id":28230,"href":"https:\/\/www.infokuryr.cz\/n\/wp-json\/wp\/v2\/posts\/28228\/revisions\/28230"}],"wp:featuredmedia":[{"embeddable":true,"href":"https:\/\/www.infokuryr.cz\/n\/wp-json\/wp\/v2\/media\/28229"}],"wp:attachment":[{"href":"https:\/\/www.infokuryr.cz\/n\/wp-json\/wp\/v2\/media?parent=28228"}],"wp:term":[{"taxonomy":"category","embeddable":true,"href":"https:\/\/www.infokuryr.cz\/n\/wp-json\/wp\/v2\/categories?post=28228"},{"taxonomy":"post_tag","embeddable":true,"href":"https:\/\/www.infokuryr.cz\/n\/wp-json\/wp\/v2\/tags?post=28228"}],"curies":[{"name":"wp","href":"https:\/\/api.w.org\/{rel}","templated":true}]}}