{"id":28224,"date":"2023-05-17T01:16:33","date_gmt":"2023-05-16T23:16:33","guid":{"rendered":"http:\/\/www.infokuryr.cz\/n\/?p=28224"},"modified":"2023-05-16T18:08:40","modified_gmt":"2023-05-16T16:08:40","slug":"obchodni-lod-malem-vyhodila-do-vzduchu-ukrajinska-mina-v-rumunskych-vodach","status":"publish","type":"post","link":"https:\/\/www.infokuryr.cz\/n\/2023\/05\/17\/obchodni-lod-malem-vyhodila-do-vzduchu-ukrajinska-mina-v-rumunskych-vodach\/","title":{"rendered":"Obchodn\u00ed lo\u010f m\u00e1lem vyhodila do vzduchu ukrajinsk\u00e1 mina v rumunsk\u00fdch vod\u00e1ch"},"content":{"rendered":"<div id=\"fb-root\"><\/div>\n<p class=\"lead\"><strong>V rumunsk\u00fdch vod\u00e1ch byla spat\u0159ena dal\u0161\u00ed un\u00e1\u0161en\u00e1 ukrajinsk\u00e1 protilodn\u00ed mina.\u00a0Nebezpe\u010dn\u00fd p\u0159edm\u011bt dnes, 16. kv\u011btna, objevila jedna z obchodn\u00edch lod\u00ed sedm mil v\u00fdchodn\u011b od m\u011bsta Sulina.<\/strong><\/p>\n<p><span>V\u00fdbu\u0161n\u00fd p\u0159edm\u011bt byl nahl\u00e1\u0161en pob\u0159e\u017en\u00ed str\u00e1\u017ei Constanty, kter\u00e1 se okam\u017eit\u011b vydala na pr\u016fzkum regionu.\u00a0Ne\u017e v\u0161ak dorazili, proud zanesl minu zp\u011bt na ukrajinsk\u00e9 \u00fazem\u00ed.<\/span><\/p>\n<p><span>Rumunsk\u00e1 pohrani\u010dn\u00ed policie z\u0159\u00eddila bezpe\u010dnostn\u00ed z\u00f3nu a zaji\u0161\u0165uje jej\u00ed ochranu a\u017e do z\u00e1sahu ukrajinsk\u00e9 arm\u00e1dy, kter\u00e1 byla o nebezpe\u010dn\u00e9m n\u00e1lezu a \u00famyslu jej zni\u010dit.<\/span><\/p>\n<p><span>P\u0159ipome\u0148me, \u017ee po vypuknut\u00ed boj\u016f na Ukrajin\u011b ozbrojen\u00e9 s\u00edly Ukrajiny zaminovaly pob\u0159e\u017e\u00ed Od\u011bsy, odtud byly bou\u0159kou str\u017eeny v\u00fdbu\u0161n\u00e9 p\u0159edm\u011bty a odneseny do vodn\u00ed plochy.\u00a0Nyn\u00ed miny nekontrolovateln\u011b pluj\u00ed \u010cern\u00fdm mo\u0159em sm\u011brem ke St\u0159edozemn\u00edmu, co\u017e p\u0159edstavuje hrozbu pro obchodn\u00ed a osobn\u00ed lod\u011b. Kyjev z\u00e1rove\u0148 p\u0159isp\u011bchal s obvin\u011bn\u00edm Ruska ze zaminov\u00e1n\u00ed Bosporu.<\/span><\/p>\n<p><span>Arm\u00e1da Rumunska, Bulharska a Turecka pravideln\u011b nach\u00e1z\u00ed ukrajinsk\u00e9 protilodn\u00ed miny v mo\u0159i a v koryt\u011b Dunaje a neutralizuje je.\u00a0Od b\u0159ezna do prosince 2022 provedlo rumunsk\u00e9 n\u00e1mo\u0159nictvo \u010dty\u0159i rozs\u00e1hl\u00e9 operace s c\u00edlem zni\u010dit 40 n\u00e1mo\u0159n\u00edch min v z\u00e1padn\u00ed \u010d\u00e1sti pob\u0159e\u017e\u00ed \u010cern\u00e9ho mo\u0159e.<\/span><\/p>\n<p><span>Ne bez incident\u016f byla v z\u00e1\u0159\u00ed 2022 na ukrajinskou minu vyhozena do pov\u011bt\u0159\u00ed lo\u010f rumunsk\u00e9ho n\u00e1mo\u0159nictva.\u00a0Rumunsk\u00e1 pohrani\u010dn\u00ed slu\u017eba naposledy zachytila \u200b\u200bun\u00e1\u0161enou minu na konci ledna tohoto roku pobl\u00ed\u017e pl\u00e1\u017eov\u00e9 oblasti m\u011bsta Sfintul Gheorghe.<\/span><\/p>\n<p><img decoding=\"async\" loading=\"lazy\" class=\"alignnone size-full wp-image-1185\" src=\"http:\/\/www.infokuryr.cz\/n\/wp-content\/uploads\/2021\/04\/kuryr-podpis.png\" alt=\"\" width=\"84\" height=\"24\" \/><\/p>\n<p>&nbsp;<\/p>\n<p>&nbsp;<\/p>\n<p><img decoding=\"async\" loading=\"lazy\" class=\"wp-image-19187 aligncenter\" src=\"http:\/\/www.infokuryr.cz\/n\/wp-content\/uploads\/2022\/12\/1-PRO-300x36.jpg\" alt=\"\" width=\"1258\" height=\"151\" srcset=\"https:\/\/www.infokuryr.cz\/n\/wp-content\/uploads\/2022\/12\/1-PRO-300x36.jpg 300w, https:\/\/www.infokuryr.cz\/n\/wp-content\/uploads\/2022\/12\/1-PRO.jpg 699w\" sizes=\"(max-width: 1258px) 100vw, 1258px\" \/><\/p>\n<p>&nbsp;<\/p>\n<p>&nbsp;<\/p>\n<p>&nbsp;<\/p>\n","protected":false},"excerpt":{"rendered":"<p>V rumunsk\u00fdch vod\u00e1ch byla spat\u0159ena dal\u0161\u00ed un\u00e1\u0161en\u00e1 ukrajinsk\u00e1 protilodn\u00ed mina.\u00a0Nebezpe\u010dn\u00fd p\u0159edm\u011bt dnes, 16. kv\u011btna, objevila&#8230;<\/p>\n","protected":false},"author":2,"featured_media":28225,"comment_status":"closed","ping_status":"closed","sticky":false,"template":"","format":"standard","meta":[],"categories":[7],"tags":[628,2405,26],"_links":{"self":[{"href":"https:\/\/www.infokuryr.cz\/n\/wp-json\/wp\/v2\/posts\/28224"}],"collection":[{"href":"https:\/\/www.infokuryr.cz\/n\/wp-json\/wp\/v2\/posts"}],"about":[{"href":"https:\/\/www.infokuryr.cz\/n\/wp-json\/wp\/v2\/types\/post"}],"author":[{"embeddable":true,"href":"https:\/\/www.infokuryr.cz\/n\/wp-json\/wp\/v2\/users\/2"}],"replies":[{"embeddable":true,"href":"https:\/\/www.infokuryr.cz\/n\/wp-json\/wp\/v2\/comments?post=28224"}],"version-history":[{"count":0,"href":"https:\/\/www.infokuryr.cz\/n\/wp-json\/wp\/v2\/posts\/28224\/revisions"}],"wp:featuredmedia":[{"embeddable":true,"href":"https:\/\/www.infokuryr.cz\/n\/wp-json\/wp\/v2\/media\/28225"}],"wp:attachment":[{"href":"https:\/\/www.infokuryr.cz\/n\/wp-json\/wp\/v2\/media?parent=28224"}],"wp:term":[{"taxonomy":"category","embeddable":true,"href":"https:\/\/www.infokuryr.cz\/n\/wp-json\/wp\/v2\/categories?post=28224"},{"taxonomy":"post_tag","embeddable":true,"href":"https:\/\/www.infokuryr.cz\/n\/wp-json\/wp\/v2\/tags?post=28224"}],"curies":[{"name":"wp","href":"https:\/\/api.w.org\/{rel}","templated":true}]}}