{"id":28209,"date":"2023-05-17T01:09:09","date_gmt":"2023-05-16T23:09:09","guid":{"rendered":"http:\/\/www.infokuryr.cz\/n\/?p=28209"},"modified":"2023-05-16T17:05:02","modified_gmt":"2023-05-16T15:05:02","slug":"elon-musk-george-soros-nenavidi-lidstvo","status":"publish","type":"post","link":"https:\/\/www.infokuryr.cz\/n\/2023\/05\/17\/elon-musk-george-soros-nenavidi-lidstvo\/","title":{"rendered":"Elon Musk: George Soros \u201enen\u00e1vid\u00ed lidstvo\u201c"},"content":{"rendered":"<div id=\"fb-root\"><\/div>\n<p><span style=\"font-size: 18pt;\"><strong>Gener\u00e1ln\u00ed \u0159editel SpaceX se vrhl na levicov\u00e9ho finan\u010dn\u00edka brzy pot\u00e9, co vy\u0161lo najevo, \u017ee se vzdal akci\u00ed Tesly<\/strong><\/span><\/p>\n<p><span>Elon Musk v \u00fater\u00fd pou\u017eil svou platformu Twitter k \u00fatoku na levicov\u00e9ho fundraisera George Sorose, kdy\u017e tvrdil, \u017ee prominentn\u00ed finan\u010dn\u00edk Demokratick\u00e9 strany\u00a0<\/span><em><span>\u201enen\u00e1vid\u00ed lidstvo\u201c,<\/span><\/em><span> a p\u0159irovnal ho ke komiksov\u00e9mu super padouchu Magneta.<\/span><\/p>\n<p><span>V tweetu, kter\u00fd byl zhl\u00e9dnut v\u00edce ne\u017e 20 milion\u016fkr\u00e1t, Musk bez vysv\u011btlen\u00ed napsal, \u017ee\u00a0<\/span><em><span>\u201eSoros mi p\u0159ipom\u00edn\u00e1 Magneta\u201c<\/span><\/em><span>\u00a0\u2013 mutantn\u00edho komiksov\u00e9ho antihrdinu ze s\u00e9rie X-Men.\u00a0Musk rozvedl sv\u016fj postoj k Sorosovi, kdy\u017e ho nal\u00e9hal v odpov\u011bd\u00edch novin\u00e1\u0159e Briana Krassensteina, kter\u00fd \u0159ekl, \u017ee ma\u010farsko-americk\u00fd podnikatel je \u010dast\u00fdm pravicov\u00fdm boxovac\u00edm pytlem, proto\u017ee n\u011bkte\u0159\u00ed lid\u00e9 protestuj\u00ed proti jeho \u201edobr\u00fdm \u00famysl\u016fm\u201c, proto\u017ee \u201enesouhlas\u00ed s jeho\u00a0<\/span><em><span>politickou<\/span><\/em><span>\u00a0p\u0159\u00edslu\u0161nost\u00ed\u00a0<\/span><em><span>. .\u201c<\/span><\/em><\/p>\n<p><em><span>&#8222;P\u0159edpokl\u00e1d\u00e1te, \u017ee jsou to dobr\u00e9 \u00famysly,&#8220;<\/span><\/em><span>\u00a0odpov\u011bd\u011bl Musk na Twitteru brzy v \u00fater\u00fd.\u00a0<\/span><em><span>&#8222;Nejsou.\u00a0Chce nahlodat samotnou strukturu civilizace.\u00a0Soros nen\u00e1vid\u00ed lidstvo.&#8220;\u00a0<\/span><\/em><span>Gener\u00e1ln\u00ed \u0159editel spole\u010dnosti SpaceX a Tesla nenab\u00eddl \u017e\u00e1dn\u00e9 dal\u0161\u00ed d\u016fkazy, kter\u00e9 by jeho tvrzen\u00ed podpo\u0159ily.<\/span><\/p>\n<p><span>Magneto je hlavn\u00ed postavou fran\u0161\u00edzy Marvel Comics X-Men.\u00a0Arch-padoucha ze seri\u00e1lu, Magneta, hr\u00e1l britsk\u00fd herec Ian McKellan v n\u011bkolika celove\u010dern\u00edch filmech a m\u00e1 schopnost ovl\u00e1dat magnetick\u00e1 pole svou mysl\u00ed.\u00a0Magneto stejn\u011b jako Soros p\u0159e\u017eil holocaust v k\u00e1nonu X-Men.<\/span><\/p>\n<p><span>Brzy po jeho \u00fatern\u00ed salv\u011b na Twitteru byl Musk obvin\u011bn Davidem Kayem, b\u00fdval\u00fdm zvl\u00e1\u0161tn\u00edm zpravodajem OSN pro svobodu projevu, z propagace antisemitsk\u00fdch trop\u016f \u010dasto spojovan\u00fdch se Sorosem.\u00a0<\/span><em><span>&#8222;Twitter pod Muskem to opravdu p\u0159in\u00e1\u0161\u00ed: verze svobody projevu na z\u00e1kladn\u00ed \u0161kole, quisling tv\u00e1\u0159\u00ed v tv\u00e1\u0159 vl\u00e1dn\u00edm po\u017eadavk\u016fm, Soros\u016fv n\u00e1vnadov\u00fd antisemitismus, extremismus 2. dodatku &#8211; a to je jen jeho \u00fa\u010det.&#8220;<\/span><\/em><\/p>\n<p><span>Musk\u016fv \u00fatok na Sorose p\u0159i\u0161el n\u011bkolik dn\u00ed pot\u00e9, co bylo ve finan\u010dn\u00edch zpr\u00e1v\u00e1ch americk\u00e9 Komisi pro cenn\u00e9 pap\u00edry a burzy (SEC) odhaleno, \u017ee skupina hedgeov\u00fdch fond\u016f Soros Fund Management miliard\u00e1\u0159sk\u00e9ho investora prodala na konci roku cel\u00fd sv\u016fj pod\u00edl v Muskov\u011b v\u00fdrobci elektrick\u00fdch vozidel Tesla. prvn\u00ed \u010dtvrtlet\u00ed koncem b\u0159ezna.<\/span><\/p>\n<p><span>Pod\u00e1n\u00ed nazna\u010dovalo, \u017ee Sorosova skupina m\u011bla na konci roku 2022 ve sv\u00fdch knih\u00e1ch p\u0159ibli\u017en\u011b 132 000 akci\u00ed Tesly, ale cel\u00fd sv\u016fj pod\u00edl v prvn\u00edch m\u011bs\u00edc\u00edch roku 2023 zahodila pot\u00e9, co akcie od ledna do b\u0159ezna tohoto roku vzrostly o 68 %.\u00a0Akcie Tesly v\u0161ak za posledn\u00ed m\u011bs\u00edc klesly zhruba o 11 %.\u00a0Hedgeov\u00fd fond podporovan\u00fd Sorosem prodal i dal\u0161\u00ed akcie ze sv\u00e9ho portfolia, v\u010detn\u011b akci\u00ed Amazonu a Alphabetu.<\/span><\/p>\n<p><span>V ned\u00e1vn\u00e9m rozhovoru Soros odm\u00edtl to, co nazval\u00a0<\/span><em><span>\u201ep\u0159ita\u017een\u00e1 za vlasy\u201c<\/span><\/em><span>\u00a0obvin\u011bn\u00ed, \u017ee pou\u017e\u00edv\u00e1 sv\u00e9 finance jako prost\u0159edek k vm\u011b\u0161ov\u00e1n\u00ed se do politick\u00fdch z\u00e1le\u017eitost\u00ed.<\/span><\/p>\n<p><img decoding=\"async\" loading=\"lazy\" class=\"alignnone size-full wp-image-1185\" src=\"http:\/\/www.infokuryr.cz\/n\/wp-content\/uploads\/2021\/04\/kuryr-podpis.png\" alt=\"\" width=\"84\" height=\"24\" \/><\/p>\n<p>&nbsp;<\/p>\n<p>&nbsp;<\/p>\n<p><img decoding=\"async\" loading=\"lazy\" class=\"wp-image-19187 aligncenter\" src=\"http:\/\/www.infokuryr.cz\/n\/wp-content\/uploads\/2022\/12\/1-PRO-300x36.jpg\" alt=\"\" width=\"1258\" height=\"151\" srcset=\"https:\/\/www.infokuryr.cz\/n\/wp-content\/uploads\/2022\/12\/1-PRO-300x36.jpg 300w, https:\/\/www.infokuryr.cz\/n\/wp-content\/uploads\/2022\/12\/1-PRO.jpg 699w\" sizes=\"(max-width: 1258px) 100vw, 1258px\" \/><\/p>\n<p>&nbsp;<\/p>\n<p>&nbsp;<\/p>\n","protected":false},"excerpt":{"rendered":"<p>Gener\u00e1ln\u00ed \u0159editel SpaceX se vrhl na levicov\u00e9ho finan\u010dn\u00edka brzy pot\u00e9, co vy\u0161lo najevo, \u017ee se&#8230;<\/p>\n","protected":false},"author":2,"featured_media":19338,"comment_status":"closed","ping_status":"closed","sticky":false,"template":"","format":"standard","meta":[],"categories":[7],"tags":[3209,1534,29],"_links":{"self":[{"href":"https:\/\/www.infokuryr.cz\/n\/wp-json\/wp\/v2\/posts\/28209"}],"collection":[{"href":"https:\/\/www.infokuryr.cz\/n\/wp-json\/wp\/v2\/posts"}],"about":[{"href":"https:\/\/www.infokuryr.cz\/n\/wp-json\/wp\/v2\/types\/post"}],"author":[{"embeddable":true,"href":"https:\/\/www.infokuryr.cz\/n\/wp-json\/wp\/v2\/users\/2"}],"replies":[{"embeddable":true,"href":"https:\/\/www.infokuryr.cz\/n\/wp-json\/wp\/v2\/comments?post=28209"}],"version-history":[{"count":0,"href":"https:\/\/www.infokuryr.cz\/n\/wp-json\/wp\/v2\/posts\/28209\/revisions"}],"wp:featuredmedia":[{"embeddable":true,"href":"https:\/\/www.infokuryr.cz\/n\/wp-json\/wp\/v2\/media\/19338"}],"wp:attachment":[{"href":"https:\/\/www.infokuryr.cz\/n\/wp-json\/wp\/v2\/media?parent=28209"}],"wp:term":[{"taxonomy":"category","embeddable":true,"href":"https:\/\/www.infokuryr.cz\/n\/wp-json\/wp\/v2\/categories?post=28209"},{"taxonomy":"post_tag","embeddable":true,"href":"https:\/\/www.infokuryr.cz\/n\/wp-json\/wp\/v2\/tags?post=28209"}],"curies":[{"name":"wp","href":"https:\/\/api.w.org\/{rel}","templated":true}]}}