{"id":28151,"date":"2023-05-16T01:15:54","date_gmt":"2023-05-15T23:15:54","guid":{"rendered":"http:\/\/www.infokuryr.cz\/n\/?p=28151"},"modified":"2023-05-15T18:53:42","modified_gmt":"2023-05-15T16:53:42","slug":"belorusti-vojaci-uvedeni-do-stavu-nejvyssi-pohotovosti","status":"publish","type":"post","link":"https:\/\/www.infokuryr.cz\/n\/2023\/05\/16\/belorusti-vojaci-uvedeni-do-stavu-nejvyssi-pohotovosti\/","title":{"rendered":"B\u011bloru\u0161t\u00ed voj\u00e1ci uvedeni do stavu nejvy\u0161\u0161\u00ed pohotovosti"},"content":{"rendered":"<div id=\"fb-root\"><\/div>\n<p class=\"lead\"><strong>Situace kolem B\u011bloruska nen\u00ed kritick\u00e1, ale existuj\u00ed alarmuj\u00edc\u00ed faktory.\u00a0Ozn\u00e1mil to 15. kv\u011btna, Alexandr Luka\u0161enko p\u0159i sv\u00e9 n\u00e1v\u0161t\u011bv\u011b \u00fast\u0159edn\u00edho velitelsk\u00e9ho stanovi\u0161t\u011b letectva a protivzdu\u0161n\u00e9 obrany<\/strong><\/p>\n<p><em><strong>&#8222;\u017d\u00e1dn\u00e9 skv\u011bl\u00e9 zpr\u00e1vy.&#8220;\u00a0Pod\u00edvejme se, co se d\u011bje kolem na\u0161\u00ed zem\u011b p\u0159edev\u0161\u00edm ve vzduchu.\u00a0Velmi \u010dasto diskutujeme o ot\u00e1zk\u00e1ch bezpe\u010dnosti na\u0161eho st\u00e1tu, zejm\u00e9na ve vzdu\u0161n\u00e9m prostoru.\u00a0Pokud vid\u00edm, situace v tuto chv\u00edli nen\u00ed kritick\u00e1.\u00a0Existuj\u00ed v\u0161ak znepokojiv\u00e9 faktory,<span class=\"after-quote\">\u00a0&#8211; \u0159ekl.<\/span><\/strong><\/em><\/p>\n<p><span>Luka\u0161enko tak\u00e9 poznamenal, \u017ee voj\u00e1ci jsou ji\u017e n\u011bkolik dn\u00ed ve stavu nejvy\u0161\u0161\u00ed pohotovosti.<\/span><\/p>\n<p><strong><em>&#8222;T\u0159i dny po ud\u00e1lostech pobl\u00ed\u017e n\u00e1s.&#8220;\u00a0Mysl\u00edm v Brjansk\u00e9 oblasti, kdy byla sest\u0159elena \u010dty\u0159i letadla.\u00a0Museli jsme na to reagovat.\u00a0Od t\u00e9 doby jsou ve vy\u0161\u0161\u00ed pohotovosti \u2013 na\u0161i voj\u00e1ci. Proto se zaj\u00edm\u00e1m o situaci v zemi.\u00a0A samoz\u0159ejm\u011b sm\u011bry a vyhl\u00eddky v\u00fdvoje t\u00e9to situace.\u00a0Kr\u00e1tce.\u00a0Bez zastra\u0161ov\u00e1n\u00ed.\u00a0O tom, co se d\u011bje a co o\u010dek\u00e1v\u00e1me v kr\u00e1tkodob\u00e9m horizontu,\u201c<span class=\"after-quote\">\u00a0\u0159ekl Alexandr Luka\u0161enko.<\/span><\/em><\/strong><\/p>\n<p><span>P\u0159ipome\u0148me, \u017ee v Minsku za posledn\u00ed rok opakovan\u011b zaznamenali obt\u00ed\u017enou situaci v cel\u00e9 zemi.\u00a0B\u011blorusk\u00e9 \u00fa\u0159ady se domn\u00edvaj\u00ed, \u017ee hlavn\u00ed nebezpe\u010d\u00ed poch\u00e1z\u00ed z NATO a Ukrajiny.\u00a0V tomto ohledu se v republice neust\u00e1le konaj\u00ed r\u016fzn\u00e1 vojensk\u00e1 cvi\u010den\u00ed.<\/span><\/p>\n<p><img decoding=\"async\" loading=\"lazy\" class=\"alignnone size-full wp-image-1185\" src=\"http:\/\/www.infokuryr.cz\/n\/wp-content\/uploads\/2021\/04\/kuryr-podpis.png\" alt=\"\" width=\"84\" height=\"24\" \/><\/p>\n<p>&nbsp;<\/p>\n<p>&nbsp;<\/p>\n<p><img decoding=\"async\" loading=\"lazy\" class=\"wp-image-19187 aligncenter\" src=\"http:\/\/www.infokuryr.cz\/n\/wp-content\/uploads\/2022\/12\/1-PRO-300x36.jpg\" alt=\"\" width=\"1317\" height=\"158\" srcset=\"https:\/\/www.infokuryr.cz\/n\/wp-content\/uploads\/2022\/12\/1-PRO-300x36.jpg 300w, https:\/\/www.infokuryr.cz\/n\/wp-content\/uploads\/2022\/12\/1-PRO.jpg 699w\" sizes=\"(max-width: 1317px) 100vw, 1317px\" \/><\/p>\n<p>&nbsp;<\/p>\n<p>&nbsp;<\/p>\n","protected":false},"excerpt":{"rendered":"<p>Situace kolem B\u011bloruska nen\u00ed kritick\u00e1, ale existuj\u00ed alarmuj\u00edc\u00ed faktory.\u00a0Ozn\u00e1mil to 15. kv\u011btna, Alexandr Luka\u0161enko p\u0159i&#8230;<\/p>\n","protected":false},"author":2,"featured_media":12352,"comment_status":"closed","ping_status":"closed","sticky":false,"template":"","format":"standard","meta":[],"categories":[7],"tags":[80,150,149,1964],"_links":{"self":[{"href":"https:\/\/www.infokuryr.cz\/n\/wp-json\/wp\/v2\/posts\/28151"}],"collection":[{"href":"https:\/\/www.infokuryr.cz\/n\/wp-json\/wp\/v2\/posts"}],"about":[{"href":"https:\/\/www.infokuryr.cz\/n\/wp-json\/wp\/v2\/types\/post"}],"author":[{"embeddable":true,"href":"https:\/\/www.infokuryr.cz\/n\/wp-json\/wp\/v2\/users\/2"}],"replies":[{"embeddable":true,"href":"https:\/\/www.infokuryr.cz\/n\/wp-json\/wp\/v2\/comments?post=28151"}],"version-history":[{"count":0,"href":"https:\/\/www.infokuryr.cz\/n\/wp-json\/wp\/v2\/posts\/28151\/revisions"}],"wp:featuredmedia":[{"embeddable":true,"href":"https:\/\/www.infokuryr.cz\/n\/wp-json\/wp\/v2\/media\/12352"}],"wp:attachment":[{"href":"https:\/\/www.infokuryr.cz\/n\/wp-json\/wp\/v2\/media?parent=28151"}],"wp:term":[{"taxonomy":"category","embeddable":true,"href":"https:\/\/www.infokuryr.cz\/n\/wp-json\/wp\/v2\/categories?post=28151"},{"taxonomy":"post_tag","embeddable":true,"href":"https:\/\/www.infokuryr.cz\/n\/wp-json\/wp\/v2\/tags?post=28151"}],"curies":[{"name":"wp","href":"https:\/\/api.w.org\/{rel}","templated":true}]}}