{"id":2815,"date":"2021-06-26T04:22:30","date_gmt":"2021-06-26T02:22:30","guid":{"rendered":"http:\/\/www.infokuryr.cz\/n\/?p=2815"},"modified":"2021-06-26T04:22:30","modified_gmt":"2021-06-26T02:22:30","slug":"protasevic-a-jeho-pritelkyne-byli-prevedeni-do-domaciho-vezeni-mame-fotografie","status":"publish","type":"post","link":"https:\/\/www.infokuryr.cz\/n\/2021\/06\/26\/protasevic-a-jeho-pritelkyne-byli-prevedeni-do-domaciho-vezeni-mame-fotografie\/","title":{"rendered":"Protasevi\u010d a jeho p\u0159\u00edtelkyn\u011b byli p\u0159evedeni do dom\u00e1c\u00edho v\u011bzen\u00ed. M\u00e1me fotografie"},"content":{"rendered":"<div id=\"fb-root\"><\/div>\n<p><strong>Zakladatel telegramov\u00e9ho kan\u00e1lu Nexta, kter\u00fd byl v B\u011blorusku uzn\u00e1n za extremistick\u00fd, Roman Protasevi\u010d byl p\u0159eveden do dom\u00e1c\u00edho v\u011bzen\u00ed. Jeho partnerka Sofia Sapegov\u00e1 je rovn\u011b\u017e v dom\u00e1c\u00edm v\u011bzen\u00ed.<\/strong><\/p>\n<p>Otec bloggera<strong>\u00a0Dmitrij Protasevi\u010d\u00a0<\/strong>tuto informaci potvrdil a podotkl, \u017ee je pro n\u011bj zat\u00edm \u201et\u011b\u017ek\u00e9 komentovat po\u010d\u00edn\u00e1n\u00ed \u00fa\u0159ad\u016f\u201c a \u017ee \u201enen\u00ed zn\u00e1mo, co bude d\u00e1l\u201c.<\/p>\n<p>\u201eJsme v \u0161oku,\u201c \u0159ekl Sofiin ot\u010d\u00edm Sergej Dudi\u010d. Pro Sofiiny rodi\u010de to bylo p\u0159ekvapen\u00ed, ozn\u00e1mila BBC.<\/p>\n<p>Jak bylo ozn\u00e1meno, Sofie te\u010f bydl\u00ed sama v pronajat\u00e9m byt\u011b v Minsku.<\/p>\n<p>Na webu se objevily fotografie zakladatele kan\u00e1lu Nexta\u00a0Romana Protasevi\u010de\u00a0a jeho p\u0159\u00edtelkyn\u011b Sofie Sapegov\u00e9. Zve\u0159ejnila je televizn\u00ed stanice RT. Na sn\u00edmc\u00edch je vid\u011bt, jak se mlad\u00ed lid\u00e9 proch\u00e1zej\u00ed ulicemi Minsku.<\/p>\n<p>Advok\u00e1t rodiny v\u00a0B\u011blorusku\u00a0zadr\u017een\u00e9 ob\u010danky RF Sofie Sapegov\u00e9 Anton Ga\u0161inskij pozd\u011bji v rozhovoru pro Sputnik potvrdil, \u017ee byla p\u0159evedena z vy\u0161et\u0159ovac\u00ed vazby KGB do dom\u00e1c\u00edho v\u011bzen\u00ed a o\u010dek\u00e1v\u00e1, \u017ee v nejbli\u017e\u0161\u00ed dob\u011b bude jej\u00ed probl\u00e9m vy\u0159e\u0161en.<\/p>\n<p>\u201ePro Sofii Sapegovou byla vy\u0161et\u0159ovac\u00ed vazba nahrazena dom\u00e1c\u00edm v\u011bzen\u00edm. M\u00e1 \u0159adu omezen\u00ed. Pohybuje se s ochrankou a nem\u016f\u017ee pou\u017e\u00edvat komunika\u010dn\u00ed prost\u0159edky. Mysl\u00edme si, \u017ee k tomu do\u0161lo p\u0159edev\u0161\u00edm d\u00edky sch\u016fzce prezident\u016f (Ruska a B\u011bloruska Vladimira Putina a Alexandra Luka\u0161enka) v So\u010di. A to je velmi kladn\u00fd okam\u017eik, kter\u00fd umo\u017en\u00ed v nejbli\u017e\u0161\u00ed dob\u011b kladn\u00e9 rozhodnut\u00ed o jej\u00edm osudu,\u201c \u0159ekl Ga\u0161inskij.<\/p>\n<p>Advok\u00e1t Sofie Sapegov\u00e9 Anton Ga\u0161inskij v rozhovoru pro Sputnik tak\u00e9 ozn\u00e1mil, \u017ee vy\u0161et\u0159ovac\u00ed \u00fakony s n\u00ed pokra\u010duj\u00ed a \u017ee se s n\u00ed pl\u00e1nuje setkat v nejbli\u017e\u0161\u00ed dob\u011b.<\/p>\n<p>\u201eZa jej\u00ed \u00fa\u010dasti vy\u0161et\u0159ov\u00e1n\u00ed pokra\u010duje. Pokus\u00edm se s n\u00ed v nejbli\u017e\u0161\u00ed dob\u011b setkat,\u201c \u0159ekl Ga\u0161inskij.<\/p>\n<p>V rusk\u00e9 diplomatick\u00e9 misi v B\u011blorusku tak\u00e9 potvrdili, \u017ee Sofii Sapegov\u00e9 byla vy\u0161et\u0159ovac\u00ed vazba nahrazena dom\u00e1c\u00edm v\u011bzen\u00edm a \u017ee se \u0159e\u0161\u00ed ot\u00e1zka mo\u017en\u00e9 n\u00e1v\u0161t\u011bvy pracovn\u00edk\u016f konzul\u00e1tu RF v Minsku.<\/p>\n<p>\u201eV sou\u010dasn\u00e9 dob\u011b ob\u010dance Ruska Sofii Sapegov\u00e9, kter\u00e1 byla zadr\u017eena na z\u00e1klad\u011b \u010d. 3 paragrafu 130 Trestn\u00edho z\u00e1kon\u00edku B\u011blorusk\u00e9 republiky, byla vy\u0161et\u0159ovac\u00ed vazba nahrazena dom\u00e1c\u00edm v\u011bzen\u00edm,\u201c \u0159ekli na velvyslanectv\u00ed. \u201eV sou\u010dasn\u00e9 dob\u011b se \u0159e\u0161\u00ed ot\u00e1zka mo\u017en\u00e9ho nav\u0161t\u00edven\u00ed Sapegov\u00e9 pracovn\u00edky na\u0161eho konzul\u00e1tu,\u201c zd\u016fraznili na diplomatick\u00e9m zastupitelstv\u00ed.<\/p>\n<p>B\u00fdval\u00e1 kandid\u00e1tka na prezidenta B\u011bloruska a vedouc\u00ed \u010dinitelka b\u011blorusk\u00e9 opozice\u00a0Sv\u011btlana Tichanovsk\u00e1\u00a0prohl\u00e1sila, \u017ee p\u0159eveden\u00ed z vy\u0161et\u0159ovac\u00ed vazby do dom\u00e1c\u00edho v\u011bzen\u00ed Romana Protasevi\u010de a zadr\u017een\u00e9 spolu s n\u00edm ob\u010danky Ruska Sofie Sapegov\u00e9 je dobr\u00e1 zpr\u00e1va.<\/p>\n<p>Zd\u016fraznila z\u00e1rove\u0148, \u017ee \u201edom\u00e1c\u00ed v\u011bzen\u00ed nen\u00ed svoboda, jsou st\u00e1le je\u0161t\u011b obvin\u011bni, ka\u017ed\u00fd jejich krok sleduj\u00ed dozorci\u201c.<\/p>\n<p>Letadlo Ryanair, kter\u00e9 let\u011blo 23. kv\u011btna z At\u00e9n do Vilniusu,\u00a0p\u0159ist\u00e1lo\u00a0nouzov\u011b na leti\u0161ti v Minsku kv\u016fli zpr\u00e1v\u011b o zaminov\u00e1n\u00ed, kter\u00e1 se pozd\u011bji nepotvrdila. T\u00edmto letadlem cestoval Roman Protasevi\u010d, zakladatel telegramov\u00e9ho kan\u00e1lu Nexta, kter\u00fd byl v B\u011blorusku uzn\u00e1n za extremistick\u00fd. P\u0159i pasov\u00e9 kontrole na minsk\u00e9m leti\u0161ti byl Protasevi\u010d zadr\u017een. Bylo proti n\u011bmu zah\u00e1jeno trestn\u00ed \u0159\u00edzen\u00ed podle n\u011bkolika paragraf\u016f, v\u010detn\u011b organizov\u00e1n\u00ed hromadn\u00fdch nepokoj\u016f, a hroz\u00ed mu a\u017e 15 let odn\u011bt\u00ed svobody. Spolu s Protasevi\u010dem byla zadr\u017eena Sapegov\u00e1.<\/p>\n<p>Podle informace rusk\u00e9ho ministerstva zahrani\u010d\u00ed se podez\u0159\u00edv\u00e1 ze zlo\u010din\u016f podle n\u011bkolika paragraf\u016f Trestn\u00edho z\u00e1kon\u00edku B\u011bloruska, kter\u00e9 sp\u00e1chala \u00fadajn\u011b v srpnu a z\u00e1\u0159\u00ed roku 2020.<\/p>\n<div class=\"article__block\" data-type=\"text\">\n<div class=\"article__text\"><\/div>\n<\/div>\n<div class=\"article__block\" data-type=\"social\" data-social=\"telegram\">\n<div class=\"article__tg\"><iframe loading=\"lazy\" id=\"telegram-post-rt_russian-69520\" src=\"https:\/\/t.me\/rt_russian\/69520?embed=1\" width=\"100%\" height=\"\" frameborder=\"0\" scrolling=\"no\" data-mce-fragment=\"1\"><\/iframe><\/div>\n<\/div>\n<p><a href=\"https:\/\/cz.sputniknews.com\/20210625\/protasevic-a-jeho-pritelkyne-byli-prevedeni-do-domaciho-vezeni-mame-fotografie-14950887.html\">ZDROJ<\/a><\/p>\n<p>&nbsp;<\/p>\n","protected":false},"excerpt":{"rendered":"<p>Zakladatel telegramov\u00e9ho kan\u00e1lu Nexta, kter\u00fd byl v B\u011blorusku uzn\u00e1n za extremistick\u00fd, Roman Protasevi\u010d byl p\u0159eveden&#8230;<\/p>\n","protected":false},"author":2,"featured_media":1939,"comment_status":"closed","ping_status":"closed","sticky":false,"template":"","format":"standard","meta":[],"categories":[7],"tags":[150,718,446],"_links":{"self":[{"href":"https:\/\/www.infokuryr.cz\/n\/wp-json\/wp\/v2\/posts\/2815"}],"collection":[{"href":"https:\/\/www.infokuryr.cz\/n\/wp-json\/wp\/v2\/posts"}],"about":[{"href":"https:\/\/www.infokuryr.cz\/n\/wp-json\/wp\/v2\/types\/post"}],"author":[{"embeddable":true,"href":"https:\/\/www.infokuryr.cz\/n\/wp-json\/wp\/v2\/users\/2"}],"replies":[{"embeddable":true,"href":"https:\/\/www.infokuryr.cz\/n\/wp-json\/wp\/v2\/comments?post=2815"}],"version-history":[{"count":0,"href":"https:\/\/www.infokuryr.cz\/n\/wp-json\/wp\/v2\/posts\/2815\/revisions"}],"wp:featuredmedia":[{"embeddable":true,"href":"https:\/\/www.infokuryr.cz\/n\/wp-json\/wp\/v2\/media\/1939"}],"wp:attachment":[{"href":"https:\/\/www.infokuryr.cz\/n\/wp-json\/wp\/v2\/media?parent=2815"}],"wp:term":[{"taxonomy":"category","embeddable":true,"href":"https:\/\/www.infokuryr.cz\/n\/wp-json\/wp\/v2\/categories?post=2815"},{"taxonomy":"post_tag","embeddable":true,"href":"https:\/\/www.infokuryr.cz\/n\/wp-json\/wp\/v2\/tags?post=2815"}],"curies":[{"name":"wp","href":"https:\/\/api.w.org\/{rel}","templated":true}]}}