{"id":28103,"date":"2023-05-15T08:05:05","date_gmt":"2023-05-15T06:05:05","guid":{"rendered":"http:\/\/www.infokuryr.cz\/n\/?p=28103"},"modified":"2023-05-15T08:05:05","modified_gmt":"2023-05-15T06:05:05","slug":"statisice-lidi-byly-evakuovany-kdyz-hurikan-mocha-zasahl-pobrezi-myanmaru-a-bangladese","status":"publish","type":"post","link":"https:\/\/www.infokuryr.cz\/n\/2023\/05\/15\/statisice-lidi-byly-evakuovany-kdyz-hurikan-mocha-zasahl-pobrezi-myanmaru-a-bangladese\/","title":{"rendered":"Statis\u00edce lid\u00ed byly evakuov\u00e1ny, kdy\u017e hurik\u00e1n Mocha zas\u00e1hl pob\u0159e\u017e\u00ed Myanmaru a Banglad\u00e9\u0161e"},"content":{"rendered":"<div id=\"fb-root\"><\/div>\n<p><strong>Zni\u010den\u00e9 domy, vyvr\u00e1cen\u00e9 stromy a zpr\u00e1vy o mrtv\u00fdch: Hurik\u00e1n Mocha zas\u00e1hl pob\u0159e\u017en\u00ed oblasti Myanmaru, p\u00ed\u0161e Das Erste.\u00a0Meteorologov\u00e9 \u0159\u00edkaj\u00ed, \u017ee jde o nejsiln\u011bj\u0161\u00ed cyklon v regionu za posledn\u00ed dv\u011b desetilet\u00ed.\u00a0V Banglad\u00e9\u0161i na rozd\u00edl od p\u016fvodn\u00edch obav hurik\u00e1n \u201enezp\u016fsobil v\u00e1\u017en\u00e9 \u0161kody\u201c.\u00a0Z pob\u0159e\u017en\u00edch oblast\u00ed v obou zem\u00edch bylo z bezpe\u010dnostn\u00edch d\u016fvod\u016f p\u0159edem evakuov\u00e1no v\u00edce ne\u017e 850 000 lid\u00ed.<\/strong><\/p>\n<p>Hurik\u00e1n Mocha zas\u00e1hl pob\u0159e\u017en\u00ed oblasti Myanmaru a Banglad\u00e9\u0161e.\u00a0Rychlost v\u011btru podle meteorologick\u00fdch slu\u017eeb m\u00edsty dosahuje 210 km\/h.\u00a0Meteorologov\u00e9 \u0159\u00edkaj\u00ed, \u017ee jde o nejsiln\u011bj\u0161\u00ed cykl\u00f3n v regionu za posledn\u00ed dv\u011b desetilet\u00ed, p\u00ed\u0161e Das Erste.<\/p>\n<p>Glob\u00e1ln\u00ed syst\u00e9m varov\u00e1n\u00ed p\u0159ed katastrofami a nouzov\u00e9 koordinace (GDACS) ud\u011blil cykl\u00f3nu nejvy\u0161\u0161\u00ed stupe\u0148 pohotovosti, \u201e\u010dervenou\u201c.\u00a0O\u010dek\u00e1v\u00e1, \u017ee rychlost v\u011btru dos\u00e1hne 259 km\/h.\u00a0Cyklon b\u011bhem p\u00e1r dn\u00ed nabral nad Beng\u00e1lsk\u00fdm z\u00e1livem s\u00edlu hurik\u00e1nu.<\/p>\n<p>Hurik\u00e1n v Myanmaru zabil nejm\u00e9n\u011b p\u011bt lid\u00ed.\u00a0Na n\u00e1sledky padaj\u00edc\u00edch strom\u016f zem\u0159eli t\u0159i lid\u00e9.\u00a0P\u00e1r byl poh\u0159ben pod sesuvem p\u016fdy ve sv\u00e9m dom\u011b.<\/p>\n<p>Rozsah \u0161kod zat\u00edm nen\u00ed jasn\u00fd.\u00a0Na videu, kter\u00e9 koluje internetem, jsou vid\u011bt zni\u010den\u00e9 domy a popadan\u00e9 stromy.\u00a0Jen ve st\u00e1t\u011b Rakhine bylo p\u0159edem evakuov\u00e1no 100 000 lid\u00ed z pob\u0159e\u017e\u00ed do bezpe\u010dn\u011bj\u0161\u00edch oblast\u00ed.\u00a0Kv\u016fli pokra\u010duj\u00edc\u00edmu konfliktu mezi obyvatelstvem a arm\u00e1dou vl\u00e1dne v regionu humanit\u00e1rn\u00ed krize.\u00a0Mnoho lid\u00ed bylo vyhn\u00e1no ze sv\u00fdch domov\u016f a \u017eije v provizorn\u00edch t\u00e1borech, kter\u00e9 jsou obzvl\u00e1\u0161t\u011b citliv\u00e9 na siln\u00fd v\u00edtr a bou\u0159kov\u00e9 vlny.<\/p>\n<p>V Banglad\u00e9\u0161i, na rozd\u00edl od p\u016fvodn\u00edch obav, hurik\u00e1n\u00a0<em>&#8222;nezp\u016fsobil v\u00e1\u017en\u00e9 \u0161kody&#8220;,<\/em>\u00a0uvedl mluv\u010d\u00ed ministerstva pro krizov\u00e9 \u0159\u00edzen\u00ed.\u00a0Z bezpe\u010dnostn\u00edch d\u016fvod\u016f bylo z pob\u0159e\u017en\u00edch oblast\u00ed evakuov\u00e1no 750 000 lid\u00ed.<\/p>\n<p>Ve m\u011bst\u011b Cox&#8217;s Bazar v Banglad\u00e9\u0161i, kde \u017eije v obrovsk\u00fdch t\u00e1borech asi milion rohingsk\u00fdch uprchl\u00edk\u016f z Myanmaru, bylo zni\u010deno 400 a\u017e 500 do\u010dasn\u00fdch \u00fakryt\u016f.\u00a0Komisa\u0159 pro uprchl\u00edky Mizanur Rahman \u0159ekl, \u017ee nikdo nebyl zran\u011bn.<\/p>\n<p>V tuto ro\u010dn\u00ed dobu jsou cykl\u00f3ny v regionu b\u011b\u017en\u00fdm jevem.\u00a0Z\u0159\u00eddka jsou v\u0161ak tak siln\u00e9 jako Mocha.\u00a0Odborn\u00edci se domn\u00edvaj\u00ed, \u017ee mo\u017en\u00fdm d\u016fvodem n\u00e1r\u016fstu cykl\u00f3n\u016f jsou klimatick\u00e9 zm\u011bny a s t\u00edm spojen\u00e9 zv\u00fd\u0161en\u00ed teploty oce\u00e1n\u016f.<\/p>\n<p>Cyklon Nargis, kter\u00fd v kv\u011btnu 2008 zdevastoval velkou \u010d\u00e1st pob\u0159e\u017e\u00ed, je pova\u017eov\u00e1n za nejhor\u0161\u00ed p\u0159\u00edrodn\u00ed katastrofu v historii Myanmaru.\u00a0Hurik\u00e1n si vy\u017e\u00e1dal \u017eivoty v\u00edce ne\u017e 130 tis\u00edc lid\u00ed.\u00a0Vojensk\u00e1 junta, kter\u00e1 byla u moci v Myanmaru, na n\u011bkolik t\u00fddn\u016f blokovala mezin\u00e1rodn\u00ed nouzovou pomoc, co\u017e d\u00e1le zhor\u0161ilo utrpen\u00ed obyvatelstva, uv\u00e1d\u00ed Das Erste.<\/p>\n<p><img decoding=\"async\" loading=\"lazy\" class=\"alignnone size-full wp-image-1185\" src=\"http:\/\/www.infokuryr.cz\/n\/wp-content\/uploads\/2021\/04\/kuryr-podpis.png\" alt=\"\" width=\"84\" height=\"24\" \/><\/p>\n<p>&nbsp;<\/p>\n<p>&nbsp;<\/p>\n<p><img decoding=\"async\" loading=\"lazy\" class=\"wp-image-19187 aligncenter\" src=\"http:\/\/www.infokuryr.cz\/n\/wp-content\/uploads\/2022\/12\/1-PRO-300x36.jpg\" alt=\"\" width=\"1283\" height=\"154\" srcset=\"https:\/\/www.infokuryr.cz\/n\/wp-content\/uploads\/2022\/12\/1-PRO-300x36.jpg 300w, https:\/\/www.infokuryr.cz\/n\/wp-content\/uploads\/2022\/12\/1-PRO.jpg 699w\" sizes=\"(max-width: 1283px) 100vw, 1283px\" \/><\/p>\n<p>&nbsp;<\/p>\n<p>&nbsp;<\/p>\n","protected":false},"excerpt":{"rendered":"<p>Zni\u010den\u00e9 domy, vyvr\u00e1cen\u00e9 stromy a zpr\u00e1vy o mrtv\u00fdch: Hurik\u00e1n Mocha zas\u00e1hl pob\u0159e\u017en\u00ed oblasti Myanmaru, p\u00ed\u0161e&#8230;<\/p>\n","protected":false},"author":2,"featured_media":28104,"comment_status":"closed","ping_status":"closed","sticky":false,"template":"","format":"standard","meta":[],"categories":[7],"tags":[4742,3438,940],"_links":{"self":[{"href":"https:\/\/www.infokuryr.cz\/n\/wp-json\/wp\/v2\/posts\/28103"}],"collection":[{"href":"https:\/\/www.infokuryr.cz\/n\/wp-json\/wp\/v2\/posts"}],"about":[{"href":"https:\/\/www.infokuryr.cz\/n\/wp-json\/wp\/v2\/types\/post"}],"author":[{"embeddable":true,"href":"https:\/\/www.infokuryr.cz\/n\/wp-json\/wp\/v2\/users\/2"}],"replies":[{"embeddable":true,"href":"https:\/\/www.infokuryr.cz\/n\/wp-json\/wp\/v2\/comments?post=28103"}],"version-history":[{"count":0,"href":"https:\/\/www.infokuryr.cz\/n\/wp-json\/wp\/v2\/posts\/28103\/revisions"}],"wp:featuredmedia":[{"embeddable":true,"href":"https:\/\/www.infokuryr.cz\/n\/wp-json\/wp\/v2\/media\/28104"}],"wp:attachment":[{"href":"https:\/\/www.infokuryr.cz\/n\/wp-json\/wp\/v2\/media?parent=28103"}],"wp:term":[{"taxonomy":"category","embeddable":true,"href":"https:\/\/www.infokuryr.cz\/n\/wp-json\/wp\/v2\/categories?post=28103"},{"taxonomy":"post_tag","embeddable":true,"href":"https:\/\/www.infokuryr.cz\/n\/wp-json\/wp\/v2\/tags?post=28103"}],"curies":[{"name":"wp","href":"https:\/\/api.w.org\/{rel}","templated":true}]}}