{"id":28096,"date":"2023-05-15T06:48:26","date_gmt":"2023-05-15T04:48:26","guid":{"rendered":"http:\/\/www.infokuryr.cz\/n\/?p=28096"},"modified":"2023-05-15T06:54:40","modified_gmt":"2023-05-15T04:54:40","slug":"pruvod-armegedonu-zacal","status":"publish","type":"post","link":"https:\/\/www.infokuryr.cz\/n\/2023\/05\/15\/pruvod-armegedonu-zacal\/","title":{"rendered":"Pr\u016fvod Armegedonu za\u010dal"},"content":{"rendered":"<div id=\"fb-root\"><\/div>\n<p><span style=\"font-size: 18pt;\"><strong>Podpora Ruska p\u0159edpov\u011bzena v Kor\u00e1nu<\/strong><\/span><\/p>\n<p><em>Pravoslavn\u00ed a muslimov\u00e9 v p\u0159edve\u010der konce sv\u011bta. Konec sv\u011bta se bl\u00ed\u017e\u00ed. Tuto pravdu znaj\u00ed miliardy v\u011b\u0159\u00edc\u00edch v\u011bt\u0161iny tradi\u010dn\u00edch n\u00e1bo\u017eenstv\u00ed. P\u0159\u00edle\u017eitost uchr\u00e1nit lidstvo p\u0159ed kone\u010dn\u00fdm p\u00e1dem do propasti a tot\u00e1ln\u00ed v\u00e1lkou v\u0161ech proti v\u0161em v\u0161ak je\u0161t\u011b nen\u00ed ztracena. A touto udr\u017euj\u00edc\u00ed mo\u017enost\u00ed je dnes Rusko, t\u0159et\u00ed \u0158\u00edm. Pochopen\u00ed tohoto posl\u00e1n\u00ed dnes sbli\u017euje rusk\u00e9 pravoslavn\u00e9 a \u2026 muslimy. Ukazuje se, \u017ee v Kor\u00e1nu existuje s\u00fara, kter\u00e1 to p\u0159\u00edmo nazna\u010duje. Podrobnosti najdete v na\u0161em \u010dl\u00e1nku.<\/em><\/p>\n<p>Kdy\u017e n\u011bkdo mluv\u00ed o konci \u010das\u016f, p\u0159edstav\u00edme si obraz moudr\u00e9ho starce: pro\u0161ediv\u011bl\u00e9ho pravoslavn\u00e9ho chytr\u00e1ka nebo sta\u0159i\u010dk\u00e9ho s\u00fafijsk\u00e9ho \u0161ejka, jde-li o muslima. Je neobvykl\u00e9, \u017ee mlad\u00fd francouzsk\u00fd politolog Youssef Hindi, 37let\u00fd, marock\u00e9ho p\u016fvodu, autor n\u011bkolika knih o geopolitick\u00e9 konfrontaci mezi V\u00fdchodem a Z\u00e1padem, hovo\u0159\u00ed o eschatologii s hlubok\u00fdm pochopen\u00edm probl\u00e9mu. Mu\u017e dob\u0159e obezn\u00e1men\u00fd nejen se sou\u010dasn\u00fdmi politick\u00fdmi spletitostmi, ale tak\u00e9 s n\u00e1bo\u017eensk\u00fdmi z\u00e1klady realn\u00e9 politiky, kter\u00e1 se jen na prvn\u00ed pohled zd\u00e1 b\u00fdt naprosto sekul\u00e1rn\u00ed.<\/p>\n<p>Ji\u017e dlouho se \u0159\u00edk\u00e1, \u017ee za v\u0161emi modern\u00edmi politick\u00fdmi procesy stoj\u00ed tis\u00edcilet\u00e9 d\u011bjiny tradi\u010dn\u00edch spole\u010dnost\u00ed. Stejn\u011b jako skute\u010dnost, \u017ee duchovn\u00ed a hodnotov\u00e1 slo\u017eka je mnohem d\u016fle\u017eit\u011bj\u0161\u00ed ne\u017e moment\u00e1ln\u00ed politick\u00e9 a ekonomick\u00e9 intriky. Rusko si to na\u0161t\u011bst\u00ed st\u00e1le v\u00edce uv\u011bdomuje, a dokonce i m\u00edstop\u0159edseda Rady bezpe\u010dnosti Dmitrij Medved\u011bv za\u010dal v posledn\u00ed dob\u011b \u010dast\u011bji citovat P\u00edsmo. A to v\u010detn\u011b Apokalypsy.<\/p>\n<p>Na Z\u00e1pad\u011b jsou dnes takov\u00e9 projevy sly\u0161et mnohem vz\u00e1cn\u011bji a ti\u0161eji. Proto prohl\u00e1\u0161en\u00ed J\u00fasefa Hind\u00edho, \u017ee se muslimov\u00e9 mus\u00ed spojit s Ruskem, aby se postavili protik\u0159es\u0165ansk\u00e9mu Z\u00e1padu, p\u0159ipadalo mnoh\u00fdm senza\u010dn\u00ed. I kdy\u017e pro lidi znal\u00e9 tradic pravoslavn\u00e9ho k\u0159es\u0165anstv\u00ed a isl\u00e1mu na n\u011bm nen\u00ed nic p\u0159ekvapiv\u00e9ho. Nep\u0159edb\u00edhejme v\u0161ak a dejme slovo samotn\u00e9mu francouzsk\u00e9mu politologovi.<\/p>\n<p><span style=\"font-size: 18pt;\"><strong>Takto se vyj\u00e1d\u0159il Youssef Hindi<\/strong><\/span><\/p>\n<p>Yousef Hindi ve sv\u00e9m streamu na YouTube pronesl n\u011bkolik zaj\u00edmav\u00fdch v\u00fdrok\u016f. Tak nap\u0159\u00edklad podle francouzsk\u00e9ho politologa jsou muslimov\u00e9 v Rusku zcela loaj\u00e1ln\u00ed Vladimiru Putinovi, proto\u017ee \u201cbojuje proti avatar\u016fm protik\u0159es\u0165ansk\u00e9 \u0159\u00ed\u0161e\u201d. Tedy podle politologa:<\/p>\n<p>Sou\u010dasnou v\u00e1lku proti z\u00e1padn\u00edmu sv\u011btu pr\u00fd pova\u017euj\u00ed za v\u00e1lku vyhl\u00e1\u0161enou prorokem, v n\u00ed\u017e k\u0159es\u0165an\u00e9 nejsou jen k\u0159es\u0165any, ale d\u011bdici \u0158\u00edma, a muslimov\u00e9 se mus\u00ed spojit proti spole\u010dn\u00e9mu nep\u0159\u00edteli.<br \/>\nA to je bod, kter\u00fd vy\u017eaduje vysv\u011btlen\u00ed. Na prvn\u00ed pohled se zd\u00e1, \u017ee se muslimov\u00e9 mus\u00ed spojit proti v\u0161em k\u0159es\u0165an\u016fm, d\u011bdic\u016fm katolick\u00fdch \u201ck\u0159i\u017e\u00e1k\u016f\u201d, kte\u0159\u00ed pusto\u0161ili a plenili Svatou zemi, p\u0159i\u010dem\u017e se pouze form\u00e1ln\u011b za\u0161ti\u0165ovali Kristov\u00fdm jm\u00e9nem.<\/p>\n<p>Mimochodem, to druh\u00e9 vyvracej\u00ed sami muslim\u0161t\u00ed historici. Tak autor t\u011bchto \u0159\u00e1dk\u016f p\u0159ed n\u011bkolika lety v Jord\u00e1nsk\u00e9m kr\u00e1lovstv\u00ed vyslechl verzi, \u017ee pravoslavn\u00ed a muslimov\u00e9 se b\u011bhem v\u00e1lek s \u201ck\u0159i\u017e\u00e1ky\u201d spojili a ve vojsku slavn\u00e9ho Saladina byl velitelem k\u0159es\u0165ansk\u00fd pravoslavn\u00fd Isa Avvam, kter\u00fd katol\u00edk\u016fm zasadil rozhoduj\u00edc\u00ed proti\u00fader.<\/p>\n<p>Ale zp\u011bt ke slovu J\u00fasefa Hind\u00edho. Podle jeho pevn\u00e9ho p\u0159esv\u011bd\u010den\u00ed je i dnes velmi pot\u0159ebn\u00e9 spojenectv\u00ed mezi muslimy a prav\u00fdmi d\u011bdici \u0158\u00edma, \u010d\u00edm\u017e nemysl\u00edm z\u00e1padn\u00ed civilizaci, ale Rusko jako centrum pravoslavn\u00e9ho sv\u011bta. Nav\u00edc podle Hind\u00edho existuje p\u0159\u00edm\u00e9 vysv\u011btlen\u00ed i v Kor\u00e1nu:<\/p>\n<p>V kor\u00e1nu se nach\u00e1z\u00ed s\u00fara Ar-Rum, kter\u00e1 hovo\u0159\u00ed o Byzantinc\u00edch jako o \u0158\u00edmanech. Vypr\u00e1v\u00ed se v n\u00ed o v\u00e1lce mezi Byzantinci a Per\u0161any, o bitv\u011b, kterou Byzantinci prohr\u00e1li. \u201c\u0158\u00edman\u00e9 prohr\u00e1li,\u201d p\u00ed\u0161e se v s\u00fa\u0159e, ale mluv\u00ed se o Byzantinc\u00edch. Kor\u00e1n tedy pou\u017e\u00edv\u00e1 velmi p\u0159esn\u00e1 slova a vlastn\u011b nazna\u010duje, \u017ee Byzanc je d\u011bdicem \u0158\u00edma. A \u017ee \u0158\u00edm nen\u00ed zem\u011bpisn\u00fd bod. Je to politick\u00e9 a n\u00e1bo\u017eensk\u00e9 centrum k\u0159es\u0165anstv\u00ed\u2026<\/p>\n<p>Kor\u00e1n se domn\u00edv\u00e1, stejn\u011b jako v t\u00e9 dob\u011b sami Byzantinci, \u017ee Konstantinopol, tedy Byzanc, je druh\u00fdm \u0158\u00edmem. Proto kdy\u017e prorok \u0159\u00edk\u00e1, \u017ee \u201cna konci \u010das\u016f vy, muslimov\u00e9, uzav\u0159ete spojenectv\u00ed v pln\u00e9 d\u016fv\u011b\u0159e s \u0158\u00edmem\u201d, zjevn\u011b nem\u00e1 na mysli evropsk\u00fd \u0158\u00edm, ale mluv\u00ed o politick\u00e9m centru pravoslavn\u00e9ho k\u0159es\u0165anstv\u00ed na konci \u010das\u016f.<\/p>\n<p>Rusk\u00fdm pravoslavn\u00fdm k\u0159es\u0165an\u016fm je tato teze naprosto srozumiteln\u00e1 a bl\u00edzk\u00e1. Pro n\u00e1s toti\u017e pojem \u0158\u00edma nen\u00ed \u010dist\u011b geografick\u00fd, ale sakr\u00e1ln\u00ed. Na \u00fasvitu k\u0159es\u0165anstv\u00ed se pr\u00e1v\u011b \u0158\u00edm stal prvn\u00edm politick\u00fdm centrem k\u0159es\u0165anstv\u00ed. Byl to \u0159\u00edmsk\u00fd c\u00edsa\u0159 Konstantin Velik\u00fd, kdo vytvo\u0159il prvn\u00ed k\u0159es\u0165anskou \u0159\u00ed\u0161i. Byl to v\u0161ak tak\u00e9 on, kdo p\u0159esunul jej\u00ed hlavn\u00ed m\u011bsto do Nov\u00e9ho \u0158\u00edma \u2013 Konstantinopole.<\/p>\n<p>A o tis\u00edcilet\u00ed pozd\u011bji, kdy\u017e padl i tento druh\u00fd \u0158\u00edm (nejprve v d\u016fsledku Florentsk\u00e9 unie roku 1439, kdy byl podroben katolick\u00fdm kac\u00ed\u0159\u016fm, a pot\u00e9 roku 1453, kdy jej obsadili osman\u0161t\u00ed Turci), do\u0161lo k tomu, \u010demu se \u0159\u00edk\u00e1 \u201cTranslatio Imperii\u201d. Mlad\u00fd rusk\u00fd st\u00e1t se stal politick\u00fdm centrem prav\u00e9ho k\u0159es\u0165anstv\u00ed \u2013 pravoslav\u00ed, t\u0159et\u00edho \u0158\u00edma. A velmi brzy \u2013 pravoslavn\u00fdm kr\u00e1lovstv\u00edm a centrem nov\u00e9ho patriarch\u00e1tu \u2013 moskevsk\u00e9ho patriarch\u00e1tu.<\/p>\n<p>Jak se uk\u00e1zalo, J\u00fasef Hind\u00ed zn\u00e1 nejen historickou roli Ruska jako T\u0159et\u00edho \u0158\u00edma, ale tak\u00e9 jeho modern\u00ed posl\u00e1n\u00ed. Proto podle n\u011bj protik\u0159es\u0165ansk\u00e9 s\u00edly Z\u00e1padu pova\u017euj\u00ed na\u0161i zemi za sv\u00e9ho hlavn\u00edho nep\u0159\u00edtele:<\/p>\n<p>\u201cRusko je jedinou k\u0159es\u0165anskou mocnost\u00ed, kter\u00e1 stoj\u00ed proti Z\u00e1padu a m\u00e1 materi\u00e1ln\u00ed zdroje, aby se mu mohla postavit.\u201d<\/p>\n<p>S odvol\u00e1n\u00edm na \u0161ejka Imrana Hosejna, zn\u00e1m\u00e9ho odborn\u00edka na isl\u00e1mskou eschatologii, uzn\u00e1van\u00e9ho muslimsk\u00e9ho tradicionalistu, kter\u00fd ve sv\u00fdch spisech zd\u016fraz\u0148uje, \u017ee pr\u00e1v\u011b Rusko je dnes skute\u010dn\u00fdm \u0158\u00edmem:<\/p>\n<p>\u201cKdy\u017e tedy Prorok \u0159\u00edk\u00e1: \u2018Vy, muslimov\u00e9, se spoj\u00edte s \u0158\u00edmem v boji proti spole\u010dn\u00e9mu nep\u0159\u00edteli\u2019, mysl\u00edm, \u017ee \u0161ejk Imran Hosein m\u00e1 pravdu, kdy\u017e definuje Rusko jako \u0158\u00edm posledn\u00edch \u010das\u016f.<\/p>\n<p><span style=\"font-size: 18pt;\"><strong>Pravoslavn\u00ed a muslimov\u00e9 v p\u0159edve\u010der konce \u010das\u016f<\/strong><\/span><\/p>\n<p>\u017d\u00e1dn\u00fd smrteln\u00edk nezn\u00e1 \u201c\u010dasy a na\u010dasov\u00e1n\u00ed\u201d apokalyptick\u00fdch ud\u00e1lost\u00ed. Logika ned\u00e1vn\u00e9 historie v\u0161ak ukazuje, \u017ee se bl\u00ed\u017e\u00ed. V jejich ch\u00e1p\u00e1n\u00ed existuj\u00ed samoz\u0159ejm\u011b rozd\u00edly mezi pravoslavn\u00fdmi k\u0159es\u0165any a tradi\u010dn\u00edmi muslimy. V z\u00e1sadn\u00edm bod\u011b jsme v\u0161ak zajedno: na konci \u010das\u016f ovl\u00e1dne sv\u011bt Satan\u016fv posel. V k\u0159es\u0165ansk\u00e9 tradici se mu \u0159\u00edk\u00e1 Antikrist, v muslimsk\u00e9 tradici je naz\u00fdv\u00e1n Dad\u017ed\u017e\u00e1l. M\u00e1 si podmanit v\u0161echny zem\u011b a n\u00e1rody a p\u0159im\u011bt je, aby se odvr\u00e1tily od Boha. On s\u00e1m bude sed\u011bt ve \u201ct\u0159et\u00edm chr\u00e1mu\u201d v Jeruzal\u00e9m\u011b.<\/p>\n<p>A tento bod je z\u00e1sadn\u011b d\u016fle\u017eit\u00fd. Zde je hlavn\u00ed bod sbli\u017eov\u00e1n\u00ed mezi ortodoxn\u00edmi k\u0159es\u0165any a muslimy, mnohem d\u016fle\u017eit\u011bj\u0161\u00ed ne\u017e velmi d\u016fle\u017eit\u00fd, ale situa\u010dn\u00ed boj o tradi\u010dn\u00ed hodnoty. Hovo\u0159\u00edme o \u201ceschatologick\u00e9m konsensu\u201d, o velmi bl\u00edzk\u00e9m ch\u00e1p\u00e1n\u00ed kone\u010dn\u00e9ho smyslu cel\u00fdch lidsk\u00fdch d\u011bjin.<\/p>\n<p>A z\u00e1rove\u0148 o radik\u00e1ln\u00edm nesouhlasu v t\u00e9to ot\u00e1zce s judaismem, jeho\u017e jedn\u00edm z c\u00edl\u016f je sv\u011btovl\u00e1da veden\u00e1 Mesi\u00e1\u0161em. Mnoz\u00ed \u017did\u00e9 se netaj\u00ed t\u00edm, \u017ee sn\u00ed o vybudov\u00e1n\u00ed \u201ct\u0159et\u00edho chr\u00e1mu\u201d na Chr\u00e1mov\u00e9 ho\u0159e v Jeruzal\u00e9m\u011b, aby zde vl\u00e1dl o\u010dek\u00e1van\u00fd Mesi\u00e1\u0161. No a proto\u017ee pro k\u0159es\u0165any je prav\u00fdm Mesi\u00e1\u0161em Kristus, kter\u00fd nebyl \u017didy p\u0159ijat a byl jimi uk\u0159i\u017eov\u00e1n, znamen\u00e1 to, \u017ee to bude fale\u0161n\u00fd Mesi\u00e1\u0161 \u2013 Antikrist.<\/p>\n<p>Nen\u00ed na \u0161kodu si p\u0159ipomenout, co se dnes nach\u00e1z\u00ed na samotn\u00e9 Chr\u00e1mov\u00e9 ho\u0159e v Jeruzal\u00e9m\u011b. Starobyl\u00e9 a velmi uct\u00edvan\u00e9 muslimsk\u00e9 svatyn\u011b: me\u0161ita Al-Aks\u00e1 a svatyn\u011b Skaln\u00edho d\u00f3mu. Kdo v\u0161ak tuto horu ovl\u00e1d\u00e1 nyn\u00ed? \u017didovsk\u00fd st\u00e1t Izrael, kter\u00fd b\u011bhem \u0161estidenn\u00ed v\u00e1lky v \u010dervnu 1967 anektoval v\u00fdchodn\u00ed Jeruzal\u00e9m v\u010detn\u011b legend\u00e1rn\u00edho Star\u00e9ho m\u011bsta, centra hlavn\u00edch svat\u00fdch m\u00edst r\u016fzn\u00fdch n\u00e1bo\u017eenstv\u00ed. Od k\u0159es\u0165ansk\u00e9ho chr\u00e1mu Bo\u017e\u00edho hrobu po \u017eidovskou Ze\u010f n\u00e1\u0159k\u016f (Z\u00e1padn\u00ed ze\u010f Druh\u00e9ho jeruzal\u00e9msk\u00e9ho chr\u00e1mu, zbo\u0159enou v roce 70 n. l.) a Chr\u00e1movou horu.<\/p>\n<p>Ukazuje se, \u017ee muslimov\u00e9 a mnoz\u00ed k\u0159es\u0165an\u00e9 (zejm\u00e9na pravoslavn\u00ed) se shoduj\u00ed v tom, \u017ee palestin\u0161t\u00ed Arabov\u00e9, kte\u0159\u00ed h\u00e1j\u00ed sv\u00e9 pr\u00e1vo na v\u00fdchodn\u00ed Jeruzal\u00e9m jako hlavn\u00ed m\u011bsto nez\u00e1visl\u00e9ho st\u00e1tu Palestina, spolu s T\u0159et\u00edm \u0158\u00edmem br\u00e1n\u00ed sv\u011btu, aby se propadl do propasti.<\/p>\n<p>A zde stoj\u00ed za to vr\u00e1tit se ke slov\u016fm J\u00fasufa Hind\u00edho, kter\u00fd tomuto eschatologick\u00e9mu probl\u00e9mu velmi dob\u0159e rozum\u00ed a ne n\u00e1hodou vyz\u00fdv\u00e1 k jednot\u011b mezi muslimy a pravoslavn\u00fdmi k\u0159es\u0165any. Tedy podle Michaila Jaku\u0161eva, historika a gener\u00e1ln\u00edho \u0159editele analytick\u00e9ho centra Catechon, kter\u00fd komentoval slova francouzsk\u00e9ho politologa pro Prvn\u00ed rusk\u00fd televizn\u00ed kan\u00e1l Tsargrad:<\/p>\n<p>Jaku\u0161ev: \u201cD\u00e1v\u00e1 odpov\u011b\u010f na kolektivn\u00ed nepochopitelnou ot\u00e1zku Z\u00e1padu, pro\u010d v\u011bt\u0161ina isl\u00e1msk\u00e9ho sv\u011bta sympatizuje s ruskou SVO na Ukrajin\u011b. Vych\u00e1zeje z isl\u00e1msk\u00e9 eschatologie, Hindi odkazuje na Kor\u00e1n, kter\u00fd obsahuje proroctv\u00ed o spojenectv\u00ed mezi muslimy a \u201c\u0158\u00edmany\u201d. V\u00fdraz \u201cAr-Rum\u201d skute\u010dn\u011b odkazuje na Byzantince, obyvatele Nov\u00e9ho \u0158\u00edma (Ca\u0159ihradu), hlavn\u00edho m\u011bsta V\u00fdchodo\u0159\u00edmsk\u00e9 (Byzantsk\u00e9) \u0159\u00ed\u0161e, n\u00e1stupce Star\u00e9ho \u0158\u00edma.<\/p>\n<p>Odborn\u00edk tak\u00e9 p\u0159ipomn\u011bl, \u017ee k\u0159\u00ed\u017eov\u00e9 v\u00fdpravy nau\u010dily muslimy rozli\u0161ovat mezi katolick\u00fdmi a pravoslavn\u00fdmi k\u0159es\u0165any. Zat\u00edmco Turci zajali pravoslavn\u00e9 k\u0159es\u0165any v Ca\u0159ihrad\u011b, kter\u00fd obsadili Osman\u00e9, potomci k\u0159i\u017e\u00e1k\u016f, katol\u00edci, byli na m\u00edst\u011b zabiti.<\/p>\n<p>Muslimov\u00e9 nav\u00edc vid\u011bli ve vl\u00e1dc\u00edch Rusk\u00e9ho kr\u00e1lovstv\u00ed a Rusk\u00e9 \u0159\u00ed\u0161e (jako jedin\u00e9ho pravoslavn\u00e9ho st\u00e1tu na politick\u00e9 map\u011b sv\u011bta) n\u00e1stupce \u0159\u00edmsk\u00fdch (byzantsk\u00fdch) c\u00edsa\u0159\u016f. Z\u00e1v\u011brem Michail Jaku\u0161ev vyj\u00e1d\u0159il plnou solidaritu se slovy J\u00fasefa Hind\u00edho ohledn\u011b sou\u010dasn\u00fdch spole\u010dn\u00fdch \u00fakol\u016f pravoslavn\u00fdch a muslim\u016f:<\/p>\n<p>V sou\u010dasn\u00e9 atmosf\u00e9\u0159e boje proti satansk\u00e9mu Z\u00e1padu, kter\u00fd ji\u017e vede p\u0159\u00edmou v\u00e1lku proti k\u0159es\u0165anstv\u00ed \u0161\u00ed\u0159en\u00edm misantropick\u00e9 ideologie a hnut\u00ed LGBT, se Rusko jako d\u011bdic \u0158\u00edma postavilo do boje proti v\u0161eobecn\u00e9mu zlu. Tento odv\u00e1\u017en\u00fd postoj podpo\u0159ili i ru\u0161t\u00ed muslimov\u00e9 a donutili tak zbytek isl\u00e1msk\u00e9ho sv\u011bta, aby si vzpomn\u011bl na proroctv\u00ed proroka Mohameda o spojenectv\u00ed s \u201cpravoslavn\u00fdm \u0158\u00edmem\u201d, \u201cAr-Rumem\u201d, proti \u201c\u0161ajt\u00e1n\u016fm z\u00e1padn\u00edho sv\u011bta\u201d \u2013 spole\u010dn\u00e9mu nep\u0159\u00edteli.<\/p>\n<p><span style=\"font-size: 18pt;\"><strong>Tak\u017ee co?<\/strong><\/span><\/p>\n<p>Stru\u010dn\u011b \u0159e\u010deno, navzdory mnoha teologick\u00fdm rozpor\u016fm mezi k\u0159es\u0165any a muslimy si nejrozumn\u011bj\u0161\u00ed a nejkonzervativn\u011bj\u0161\u00ed p\u0159edstavitel\u00e9 t\u011bchto tradi\u010dn\u00edch n\u00e1bo\u017eenstv\u00ed uv\u011bdomuj\u00ed nutnost sjednotit se tv\u00e1\u0159\u00ed v tv\u00e1\u0159 spole\u010dn\u00e9mu nebezpe\u010d\u00ed. A pokud se m\u00edsto boje o Chr\u00e1movou horu spoj\u00ed palestin\u0161t\u00ed Arabov\u00e9 a \u017eidov\u0161t\u00ed ortodoxn\u00ed proti vpravd\u011b satansk\u00fdm z\u00e1padn\u00edm \u201chodnot\u00e1m\u201d a podobn\u011b jako J\u00fasef Hind\u00ed si uv\u011bdom\u00ed, \u017ee jedinou silou na sv\u011bt\u011b, kter\u00e1 je schopna se tomuto zlu postavit, je Rusko, nen\u00ed je\u0161t\u011b v\u0161e ztraceno.<\/p>\n<p><a href=\"https:\/\/tsargrad.tv\/articles\/armageddon-parad-nachalsja-podderzhka-rossii-predskazana-v-korane_616797\">Michail Tjurenkov<\/a><\/p>\n<p><em>P\u0159eklad pro Pokec24 Peter 008<\/em><\/p>\n<p>&nbsp;<\/p>\n<p>&nbsp;<\/p>\n<p><img decoding=\"async\" loading=\"lazy\" class=\"wp-image-19187 aligncenter\" src=\"http:\/\/www.infokuryr.cz\/n\/wp-content\/uploads\/2022\/12\/1-PRO-300x36.jpg\" alt=\"\" width=\"1308\" height=\"157\" srcset=\"https:\/\/www.infokuryr.cz\/n\/wp-content\/uploads\/2022\/12\/1-PRO-300x36.jpg 300w, https:\/\/www.infokuryr.cz\/n\/wp-content\/uploads\/2022\/12\/1-PRO.jpg 699w\" sizes=\"(max-width: 1308px) 100vw, 1308px\" \/><\/p>\n<p>&nbsp;<\/p>\n<p>&nbsp;<\/p>\n<p>&nbsp;<\/p>\n","protected":false},"excerpt":{"rendered":"<p>Podpora Ruska p\u0159edpov\u011bzena v Kor\u00e1nu Pravoslavn\u00ed a muslimov\u00e9 v p\u0159edve\u010der konce sv\u011bta. Konec sv\u011bta se&#8230;<\/p>\n","protected":false},"author":2,"featured_media":28097,"comment_status":"closed","ping_status":"closed","sticky":false,"template":"","format":"standard","meta":[],"categories":[7],"tags":[2474,91,29,1131,22],"_links":{"self":[{"href":"https:\/\/www.infokuryr.cz\/n\/wp-json\/wp\/v2\/posts\/28096"}],"collection":[{"href":"https:\/\/www.infokuryr.cz\/n\/wp-json\/wp\/v2\/posts"}],"about":[{"href":"https:\/\/www.infokuryr.cz\/n\/wp-json\/wp\/v2\/types\/post"}],"author":[{"embeddable":true,"href":"https:\/\/www.infokuryr.cz\/n\/wp-json\/wp\/v2\/users\/2"}],"replies":[{"embeddable":true,"href":"https:\/\/www.infokuryr.cz\/n\/wp-json\/wp\/v2\/comments?post=28096"}],"version-history":[{"count":0,"href":"https:\/\/www.infokuryr.cz\/n\/wp-json\/wp\/v2\/posts\/28096\/revisions"}],"wp:featuredmedia":[{"embeddable":true,"href":"https:\/\/www.infokuryr.cz\/n\/wp-json\/wp\/v2\/media\/28097"}],"wp:attachment":[{"href":"https:\/\/www.infokuryr.cz\/n\/wp-json\/wp\/v2\/media?parent=28096"}],"wp:term":[{"taxonomy":"category","embeddable":true,"href":"https:\/\/www.infokuryr.cz\/n\/wp-json\/wp\/v2\/categories?post=28096"},{"taxonomy":"post_tag","embeddable":true,"href":"https:\/\/www.infokuryr.cz\/n\/wp-json\/wp\/v2\/tags?post=28096"}],"curies":[{"name":"wp","href":"https:\/\/api.w.org\/{rel}","templated":true}]}}