{"id":28094,"date":"2023-05-15T06:38:29","date_gmt":"2023-05-15T04:38:29","guid":{"rendered":"http:\/\/www.infokuryr.cz\/n\/?p=28094"},"modified":"2023-05-15T06:38:29","modified_gmt":"2023-05-15T04:38:29","slug":"pro-odchody-zamestnancu-a-umrti-po-covidovych-vakcinach-kolabuji-dodavatelske-retezce","status":"publish","type":"post","link":"https:\/\/www.infokuryr.cz\/n\/2023\/05\/15\/pro-odchody-zamestnancu-a-umrti-po-covidovych-vakcinach-kolabuji-dodavatelske-retezce\/","title":{"rendered":"Pro odchody zam\u011bstnanc\u016f a \u00famrt\u00ed po covidov\u00fdch vakc\u00edn\u00e1ch kolabuj\u00ed dodavatelsk\u00e9 \u0159et\u011bzce"},"content":{"rendered":"<div id=\"fb-root\"><\/div>\n<p><span>\u00a0Mnoz\u00ed zam\u011bstnanci kon\u010d\u00ed s otroctv\u00edm za almu\u017enu ve velk\u00fdch korporac\u00edch \u0159\u00edzen\u00fdch proplacen\u00fdmi mana\u017eery nebo p\u0159\u00edli\u0161 mnoz\u00ed z nich onemocn\u011bli, p\u0159\u00edpadn\u011b zem\u0159eli v d\u016fsledku \u201eo\u010dkov\u00e1n\u00ed\u201c proti Covid-19, a tud\u00ed\u017e ji\u017e nejsou schopni v\u00edce pracovat.<\/span><\/p>\n<p><span>A\u0165 u\u017e je to jakkoli, nyn\u00ed po \u201epandemii\u201c pracuje mnohem m\u00e9n\u011b lid\u00ed ne\u017e p\u0159ed \u201epandemi\u00ed\u201c a mnoh\u00e9 dodavatelsk\u00e9 \u0159et\u011bzce kv\u016fli tomu kolabuj\u00ed.<\/span><\/p>\n<p><span>Caroline Chumakovov\u00e1, hlavn\u00ed \u0159e\u010dnice na leto\u0161n\u00edm\u00a0<\/span><em><span>Gartnerov\u011b sympoziu pro dodavatelsk\u00e9 \u0159et\u011bzce<\/span><\/em><span>\u00a0, kter\u00e9ho se z\u00fa\u010dastnilo v\u00edce ne\u017e 3200 lid\u00ed, p\u0159ednesla b\u011bhem nabit\u00e9ho otev\u00edrac\u00edho setk\u00e1n\u00ed n\u011bkolik \u0161patn\u00e9 zpr\u00e1vy.<\/span><\/p>\n<p><em><span>\u201eOpust\u00edme dodavatelsk\u00e9 \u0159et\u011bzce, kter\u00e9 poskytuj\u00ed kari\u00e9ru, \u017eiv\u00ed glob\u00e1ln\u00ed ekonomiku a udr\u017euj\u00ed na\u0161i civilizaci p\u0159i \u017eivot\u011b?\u201c<\/span><\/em><span>\u00a0zeptala se \u010cumakovov\u00e1 sv\u00e9ho publika a odhalila, \u017ee fluktuace zam\u011bstnanc\u016f je obrovsk\u00e1, stejn\u011b jako nedostate\u010dn\u00e1 anga\u017eovanost a motivace zam\u011bstnanc\u016f.<\/span><\/p>\n<p><em><span>\u201eJen \u010dtvrtina na\u0161ich zam\u011bstnanc\u016f je vysoce anga\u017eovan\u00e1 a pouze 16 procent z nich je ochotno j\u00edt nad r\u00e1mec sv\u00e9 pr\u00e1ce,\u201c<\/span><\/em><span>\u00a0\u0159ekla d\u00e1le \u010cumakovov\u00e1 a dodala, \u017ee fluktuace zam\u011bstnanc\u016f v dodavatelsk\u00fdch \u0159et\u011bzc\u00edch je o 33% vy\u0161\u0161\u00ed ve srovn\u00e1n\u00ed s t\u00edm, co bylo p\u0159ed pandemi\u00ed Covid -19.<\/span><\/p>\n<p><span>(Souvisej\u00edc\u00ed: D\u016fsledky prob\u00edhaj\u00edc\u00edho kolapsu dodavatelsk\u00fdch \u0159et\u011bzc\u016f budou\u00a0<\/span><a href=\"https:\/\/naturalnews.com\/2022-04-21-supply-chain-collapse-bad-now-worse-summer.html\"><span>je\u0161t\u011b z\u0159eteln\u011bj\u0161\u00ed<\/span><\/a><span>\u00a0b\u011bhem p\u0159\u00edchoz\u00edho l\u00e9ta, do kter\u00e9ho zb\u00fdv\u00e1 jen n\u011bkolik t\u00fddn\u016f.)<\/span><\/p>\n<h2><span>Glob\u00e1ln\u00ed ekonomika je dora\u017eena<\/span><\/h2>\n<p><span>\u010cumakovov\u00e1 si d\u00e1le st\u011b\u017eovala, \u017ee v\u011bt\u0161ina zam\u011bstnanc\u016f v odv\u011btv\u00ed logisticky a dodavatelsk\u00fdch \u0159et\u011bzc\u016f se rozhodla \u201epotichu skon\u010dit\u201c, co\u017e se st\u00e1v\u00e1 v\u00e1\u017en\u00fdm probl\u00e9mem pro velk\u00e9 firmy, kter\u00e9 \u201epot\u0159ebuj\u00ed lidsk\u00e9 zdroje\u201c.<\/span><\/p>\n<p><em><span>\u201eV\u0161imli jste si, \u017ee jeden z va\u0161ich zam\u011bstnanc\u016f, kter\u00fd obvykle sed\u00ed na sch\u016fzi v prvn\u00ed \u0159ad\u011b a je velmi interaktivn\u00ed, klade ot\u00e1zky, te\u010f sed\u00ed v zadn\u00ed \u010d\u00e1sti m\u00edstnosti?\u201c st\u011b\u017eoval si d\u00e1le Jose Reyes, \u0159editel a analytik spole\u010dnosti Gartner, definuj\u00edc\u00ed tento<\/span><\/em><span>\u00a0fenom\u00e9n \u201etich\u00e9ho odvyk\u00e1n\u00ed\u201c, kter\u00fd se nyn\u00ed projevuje ve v\u0161ech dodavatelsk\u00fdch \u0159et\u011bzc\u00edch.<\/span><\/p>\n<p><em><span>\u201eA uv\u011bdom\u00edte si, \u017ee se to st\u00e1v\u00e1 \u010dasto, \u0159ekn\u011bme posledn\u00edch p\u00e1r m\u011bs\u00edc\u016f.\u00a0Nejsou do d\u011bn\u00ed ve firm\u011b zainteresov\u00e1ni, na nic se neptaj\u00ed, nic je nezaj\u00edm\u00e1.\u201c<\/span><\/em><\/p>\n<p><span>\u010cumakovov\u00e1 byla p\u0159\u00edmo\u010darej\u0161\u00ed, kdy\u017e uvedla, \u017ee produktivita v odv\u011btv\u00ed dodavatelsk\u00fdch \u0159et\u011bzc\u016f \u201eje na nejni\u017e\u0161\u00edm bod\u011b za posledn\u00ed desetilet\u00ed\u201c \u2013 a pravd\u011bpodobn\u011b je\u0161t\u011b klesne as n\u00ed padne na dno i glob\u00e1ln\u00ed ekonomika.<\/span><\/p>\n<p><em><span>\u201eLidsk\u00fd p\u0159\u00edb\u011bh je p\u0159\u00edb\u011bhem pokroku,\u201c<\/span><\/em><span>\u00a0pokra\u010dovala \u010cumakovov\u00e1 a sna\u017eila se zn\u00edt inspirativn\u011b.\u00a0<\/span><em><span>\u201eOpravdu jsme u\u017e dos\u00e1hli vrcholu lidsk\u00e9 produktivity?\u201c<\/span><\/em><\/p>\n<p><span>Nane\u0161t\u011bst\u00ed pro ty, jejich\u017e pr\u00e1ce z\u00e1vis\u00ed na jin\u00fdch lidech, kte\u0159\u00ed daj\u00ed v\u0161e pro to, aby mohli osobn\u011b profitovat na \u00fakor ostatn\u00edch \u2013 takov\u00e9 uspo\u0159\u00e1d\u00e1n\u00ed ji\u017e nefunguje pro st\u00e1le v\u011bt\u0161\u00ed po\u010det pracovn\u00edk\u016f, kte\u0159\u00ed maj\u00ed dost takov\u00e9ho\u00a0<\/span><a href=\"https:\/\/www.badatel.net\/ak-chcete-prezit-kolaps-bankoveho-systemu-v-roku-2023-postupujte-podla-tychto-krokov\/\"><span>syst\u00e9mu<\/span><\/a><span>\u00a0.<\/span><\/p>\n<p><span>Ned\u00e1vn\u00fd pr\u016fzkum spole\u010dnosti Gallup zjistil, \u017ee neanga\u017eovan\u00ed pracovn\u00edci stoj\u00ed ekonomiku celosv\u011btov\u011b 7,8 bilionu (7 800 miliard) dolar\u016f na ztr\u00e1t\u011b produktivity.\u00a0To je \u0161patn\u00e1 zpr\u00e1va pro \u0159editele firem, jejich\u017e obsc\u00e9nn\u00ed platy, v\u00fdhody, d\u016fchody a zlat\u00e9 pad\u00e1ky spol\u00e9haj\u00ed na ve\u0161kerou tu levnou pracovn\u00ed s\u00edlu.<\/span><\/p>\n<p><em><span>\u201eKolik z t\u011bchto 7,8 bilionu dolar\u016f zas\u00e1hne ziskovost m\u00e9 firmy a zadruh\u00e9, jak se m\u016f\u017eu vyhnout podobn\u00e9mu vlivu na moji organizaci?\u201c ptal se Reyes<\/span><\/em><span>\u00a0\u00fa\u010dastn\u00edk\u016f setk\u00e1n\u00ed po odvol\u00e1n\u00ed se na v\u00fdsledky pr\u016fzkumu.<\/span><\/p>\n<p><span>Reyes a jin\u00ed l\u00edd\u0159i v odv\u011btv\u00ed dodavatelsk\u00fdch \u0159et\u011bzc\u016f hledaj\u00ed nov\u00e9 zp\u016fsoby, jak udr\u017eet sv\u00e9 \u010dasto nedostate\u010dn\u011b placen\u00e9 a propracovan\u00e9 zam\u011bstnance anga\u017eovan\u00e9, ale bude to fungovat?<\/span><\/p>\n<p><span>Jedna v\u011bc, na kterou si podle Reyese mus\u00ed \u0159editel\u00e9 logistiky d\u00e1vat pozor, je situace, kdy mana\u017eer n\u00e1hle p\u0159estane tr\u00e9novat sv\u00e9 zam\u011bstnance.<\/span><\/p>\n<p><em><span>\u201eTo samo o sob\u011b m\u016f\u017ee v\u00e9st k tomu, \u017ee jejich pod\u0159\u00edzen\u00ed za\u010dnou potichu d\u00e1vat v\u00fdpov\u011bdi,\u201c<\/span><\/em><span>\u00a0\u0159ekl Reyes.\u00a0<\/span><em><span>\u201eNedost\u00e1vaj\u00ed \u017e\u00e1dnou zp\u011btnou vazbu a nen\u00ed to dobr\u00fd pocit.\u201c<\/span><\/em><\/p>\n<h2><span>Z\u00e1v\u011br<\/span><\/h2>\n<p><span>Vzhledem k tomu, jak se sv\u011bt od covidu zm\u011bnil k hor\u0161\u00edmu, nen\u00ed \u017e\u00e1dn\u00fdm p\u0159ekvapen\u00edm, \u017ee mnoz\u00ed ze syst\u00e9mu odch\u00e1zej\u00ed.\u00a0Koneckonc\u016f, co z\u00edskaj\u00ed z toho, \u017ee je globalistick\u00e1 \u201eelita\u201c nadoj\u00ed do sucha a pak odhod\u00ed, \u010d\u00edm je zbav\u00ed nad\u011bj\u00ed na budoucnost?<\/span><\/p>\n<p><span>V\u00edce nejnov\u011bj\u0161\u00edch zpr\u00e1v o p\u00e1du Z\u00e1padu naleznete na str\u00e1nce\u00a0<\/span><a href=\"http:\/\/collapse.news\/\"><span>Collapse.news<\/span><\/a><span> .<\/span><\/p>\n<p><span>Autor: Ethan Huff,\u00a0<\/span><a href=\"https:\/\/www.naturalnews.com\/2023-05-12-supply-chain-collapsing-workers-quit-covid-vaccines.html\"><span>naturalnews.com<\/span><\/a><\/p>\n<p>&nbsp;<\/p>\n<p>&nbsp;<\/p>\n<p><img decoding=\"async\" loading=\"lazy\" class=\"wp-image-19187 aligncenter\" src=\"http:\/\/www.infokuryr.cz\/n\/wp-content\/uploads\/2022\/12\/1-PRO-300x36.jpg\" alt=\"\" width=\"1283\" height=\"154\" srcset=\"https:\/\/www.infokuryr.cz\/n\/wp-content\/uploads\/2022\/12\/1-PRO-300x36.jpg 300w, https:\/\/www.infokuryr.cz\/n\/wp-content\/uploads\/2022\/12\/1-PRO.jpg 699w\" sizes=\"(max-width: 1283px) 100vw, 1283px\" \/><\/p>\n<p>&nbsp;<\/p>\n<p>&nbsp;<\/p>\n<p>&nbsp;<\/p>\n","protected":false},"excerpt":{"rendered":"<p>\u00a0Mnoz\u00ed zam\u011bstnanci kon\u010d\u00ed s otroctv\u00edm za almu\u017enu ve velk\u00fdch korporac\u00edch \u0159\u00edzen\u00fdch proplacen\u00fdmi mana\u017eery nebo p\u0159\u00edli\u0161&#8230;<\/p>\n","protected":false},"author":2,"featured_media":28095,"comment_status":"closed","ping_status":"closed","sticky":false,"template":"","format":"standard","meta":[],"categories":[7],"tags":[4960,2145,29,350],"_links":{"self":[{"href":"https:\/\/www.infokuryr.cz\/n\/wp-json\/wp\/v2\/posts\/28094"}],"collection":[{"href":"https:\/\/www.infokuryr.cz\/n\/wp-json\/wp\/v2\/posts"}],"about":[{"href":"https:\/\/www.infokuryr.cz\/n\/wp-json\/wp\/v2\/types\/post"}],"author":[{"embeddable":true,"href":"https:\/\/www.infokuryr.cz\/n\/wp-json\/wp\/v2\/users\/2"}],"replies":[{"embeddable":true,"href":"https:\/\/www.infokuryr.cz\/n\/wp-json\/wp\/v2\/comments?post=28094"}],"version-history":[{"count":0,"href":"https:\/\/www.infokuryr.cz\/n\/wp-json\/wp\/v2\/posts\/28094\/revisions"}],"wp:featuredmedia":[{"embeddable":true,"href":"https:\/\/www.infokuryr.cz\/n\/wp-json\/wp\/v2\/media\/28095"}],"wp:attachment":[{"href":"https:\/\/www.infokuryr.cz\/n\/wp-json\/wp\/v2\/media?parent=28094"}],"wp:term":[{"taxonomy":"category","embeddable":true,"href":"https:\/\/www.infokuryr.cz\/n\/wp-json\/wp\/v2\/categories?post=28094"},{"taxonomy":"post_tag","embeddable":true,"href":"https:\/\/www.infokuryr.cz\/n\/wp-json\/wp\/v2\/tags?post=28094"}],"curies":[{"name":"wp","href":"https:\/\/api.w.org\/{rel}","templated":true}]}}