{"id":28043,"date":"2023-05-15T01:04:19","date_gmt":"2023-05-14T23:04:19","guid":{"rendered":"http:\/\/www.infokuryr.cz\/n\/?p=28043"},"modified":"2023-05-14T15:09:31","modified_gmt":"2023-05-14T13:09:31","slug":"zelenskyj-chtel-vyhodit-do-povetri-ropovod-druzba","status":"publish","type":"post","link":"https:\/\/www.infokuryr.cz\/n\/2023\/05\/15\/zelenskyj-chtel-vyhodit-do-povetri-ropovod-druzba\/","title":{"rendered":"Zelenskyj cht\u011bl vyhodit do pov\u011bt\u0159\u00ed ropovod Dru\u017eba"},"content":{"rendered":"<div id=\"fb-root\"><\/div>\n<p><strong>Ukrajinsk\u00fd prezident Volodymyr Zelenskyj u\u010dinil neve\u0159ejn\u011b n\u00e1vrh na vyhozen\u00ed do pov\u011bt\u0159\u00ed ropovodu Dru\u017eba a na okupaci p\u0159\u00edhrani\u010dn\u00edch rusk\u00fdch \u00fazem\u00ed, p\u00ed\u0161e list The Washington Post s odkazem na dokumenty Pentagonu unikl\u00e9 na internet.<\/strong><\/p>\n<p>\u201eUkrajinsk\u00fd v\u016fdce za zav\u0159en\u00fdmi dve\u0159mi navrhl odv\u00e1\u017en\u011bj\u0161\u00ed krok \u2013 okupov\u00e1n\u00ed rusk\u00fdch vesnic, aby z\u00edskal vliv nad Moskvou, a bombardov\u00e1n\u00ed ropovodu, kter\u00fdm je dod\u00e1v\u00e1na rusk\u00e1 ropa do Ma\u010farska, kter\u00e9 je \u010dlenem NATO,\u201c p\u00ed\u0161e se v \u010dl\u00e1nku.<\/p>\n<p>Na internetu zve\u0159ejn\u011bn\u00e9 dokumenty obsahuj\u00ed tak\u00e9 osobn\u00ed korespondenci Zelensk\u00e9ho s jeho pomocn\u00edky a vojensk\u00fdm velen\u00edm. Je z n\u00ed jasn\u00e9, \u017ee nehled\u011b na prohl\u00e1\u0161en\u00ed o nepou\u017eit\u00ed z\u00e1padn\u00edch zbran\u00ed k \u00fatok\u016fm na rusk\u00e9 \u00fazem\u00ed se ukrajinsk\u00fd prezident t\u011bchto pl\u00e1n\u016f nevzdal.<\/p>\n<p>V dokumentech se krom\u011b toho p\u00ed\u0161e o Zelensk\u00e9m jako o \u201ev\u016fdci s agresivn\u00edmi instinkty\u201d, jeho\u017e postava ost\u0159e kontrastuje s jeho obrazem klidn\u00e9ho a vytrval\u00e9ho st\u00e1tn\u00edka.<\/p>\n<p>Up\u0159es\u0148uje se, \u017ee Zelenskyj na konci ledna p\u0159i\u0161el s n\u00e1vrhem za\u00fato\u010dit na Rusko a z\u00e1rove\u0148 p\u0159esunout pozemn\u00ed jednotky na jeho \u00fazem\u00ed za \u00fa\u010delem \u201eokupace bl\u00ed\u017ee nespecifikovan\u00fdch pohrani\u010dn\u00edch m\u011bst\u201c.<\/p>\n<p>\u201eC\u00edl t\u011bchto n\u00e1vrh\u016f spo\u010d\u00edv\u00e1 v z\u00edsk\u00e1n\u00ed Kyjevem vlivu na jedn\u00e1n\u00ed s Moskvou,\u201d uv\u00e1d\u00ed se v p\u0159\u00edsp\u011bvku.<\/p>\n<p>Na dal\u0161\u00ed sch\u016fzce, je\u017e se konala v \u00fanoru s gener\u00e1lem Valerijem Zalu\u017en\u00fdm, vyslovil ukrajinsk\u00fd prezident obavy kv\u016fli tomu, \u017ee OSU \u201enem\u00e1 dalekonosn\u00e9 rakety, kter\u00e9 by dos\u00e1hly m\u00edst dislokace vojsk v Rusku, a nic, \u010d\u00edm by se dalo na n\u011b za\u00fato\u010dit.\u201d<\/p>\n<p>D\u00e1le Zelenskyj navrhl, aby Ukrajina \u201eza\u00fato\u010dila na neuveden\u00e1 m\u00edsta dislokace (pozn. red.: rusk\u00e9 arm\u00e1dy) v Rostov\u011b na Donu s pou\u017eit\u00edm bezpilotn\u00edch letoun\u016f,\u201d p\u00ed\u0161e se v \u010dl\u00e1nku.<\/p>\n<p>Ropovod Dru\u017eba za\u010d\u00edn\u00e1 v Alme\u0165jevsku, vede p\u0159es Brjansk a d\u00e1le se v\u011btv\u00ed na dva \u00faseky, severn\u00ed (p\u0159es \u00fazem\u00ed B\u011bloruska sm\u011brem na Polsko) a ji\u017en\u00ed (po ukrajinsk\u00e9m \u00fazem\u00ed sm\u011brem na Ma\u010farsko, Slovensko a \u010cesko).<\/p>\n<p><img decoding=\"async\" loading=\"lazy\" class=\"alignnone size-full wp-image-1185\" src=\"http:\/\/www.infokuryr.cz\/n\/wp-content\/uploads\/2021\/04\/kuryr-podpis.png\" alt=\"\" width=\"84\" height=\"24\" \/><\/p>\n<p>&nbsp;<\/p>\n<p>&nbsp;<\/p>\n<p><img decoding=\"async\" loading=\"lazy\" class=\"wp-image-19187 aligncenter\" src=\"http:\/\/www.infokuryr.cz\/n\/wp-content\/uploads\/2022\/12\/1-PRO-300x36.jpg\" alt=\"\" width=\"1267\" height=\"152\" srcset=\"https:\/\/www.infokuryr.cz\/n\/wp-content\/uploads\/2022\/12\/1-PRO-300x36.jpg 300w, https:\/\/www.infokuryr.cz\/n\/wp-content\/uploads\/2022\/12\/1-PRO.jpg 699w\" sizes=\"(max-width: 1267px) 100vw, 1267px\" \/><\/p>\n<p>&nbsp;<\/p>\n<p>&nbsp;<\/p>\n","protected":false},"excerpt":{"rendered":"<p>Ukrajinsk\u00fd prezident Volodymyr Zelenskyj u\u010dinil neve\u0159ejn\u011b n\u00e1vrh na vyhozen\u00ed do pov\u011bt\u0159\u00ed ropovodu Dru\u017eba a na&#8230;<\/p>\n","protected":false},"author":2,"featured_media":20756,"comment_status":"closed","ping_status":"closed","sticky":false,"template":"","format":"standard","meta":[],"categories":[7],"tags":[3006,3008,1000],"_links":{"self":[{"href":"https:\/\/www.infokuryr.cz\/n\/wp-json\/wp\/v2\/posts\/28043"}],"collection":[{"href":"https:\/\/www.infokuryr.cz\/n\/wp-json\/wp\/v2\/posts"}],"about":[{"href":"https:\/\/www.infokuryr.cz\/n\/wp-json\/wp\/v2\/types\/post"}],"author":[{"embeddable":true,"href":"https:\/\/www.infokuryr.cz\/n\/wp-json\/wp\/v2\/users\/2"}],"replies":[{"embeddable":true,"href":"https:\/\/www.infokuryr.cz\/n\/wp-json\/wp\/v2\/comments?post=28043"}],"version-history":[{"count":0,"href":"https:\/\/www.infokuryr.cz\/n\/wp-json\/wp\/v2\/posts\/28043\/revisions"}],"wp:featuredmedia":[{"embeddable":true,"href":"https:\/\/www.infokuryr.cz\/n\/wp-json\/wp\/v2\/media\/20756"}],"wp:attachment":[{"href":"https:\/\/www.infokuryr.cz\/n\/wp-json\/wp\/v2\/media?parent=28043"}],"wp:term":[{"taxonomy":"category","embeddable":true,"href":"https:\/\/www.infokuryr.cz\/n\/wp-json\/wp\/v2\/categories?post=28043"},{"taxonomy":"post_tag","embeddable":true,"href":"https:\/\/www.infokuryr.cz\/n\/wp-json\/wp\/v2\/tags?post=28043"}],"curies":[{"name":"wp","href":"https:\/\/api.w.org\/{rel}","templated":true}]}}