{"id":28042,"date":"2023-05-15T01:03:39","date_gmt":"2023-05-14T23:03:39","guid":{"rendered":"http:\/\/www.infokuryr.cz\/n\/?p=28042"},"modified":"2023-05-14T15:07:14","modified_gmt":"2023-05-14T13:07:14","slug":"zeme-g7-potvrdily-svou-ochotu-podporovat-ukrajinu-tak-dlouho-jak-bude-treba","status":"publish","type":"post","link":"https:\/\/www.infokuryr.cz\/n\/2023\/05\/15\/zeme-g7-potvrdily-svou-ochotu-podporovat-ukrajinu-tak-dlouho-jak-bude-treba\/","title":{"rendered":"Zem\u011b G7 potvrdily svou ochotu podporovat Ukrajinu \u201etak dlouho, jak bude t\u0159eba\u201c"},"content":{"rendered":"<div id=\"fb-root\"><\/div>\n<p><strong>Minist\u0159i financ\u00ed a p\u0159edsedov\u00e9 centr\u00e1ln\u00edch bank zem\u00ed G7 ve spole\u010dn\u00e9m prohl\u00e1\u0161en\u00ed na z\u00e1klad\u011b v\u00fdsledk\u016f t\u0159\u00eddenn\u00ed sch\u016fzky v japonsk\u00e9 Niigat\u011b potvrdili sv\u016fj z\u00e1m\u011br uspokojovat neodkladn\u00e9 a kr\u00e1tkodob\u00e9 pot\u0159eby Ukrajiny a sousedn\u00edch zem\u00ed, a tak\u00e9 podporovat Kyjev \u201etak dlouho, jak bude t\u0159eba\u201c.<\/strong><\/p>\n<p>\u201ePotvrzujeme svou neochv\u011bjnou podporu Ukrajiny tak dlouho, jak bude t\u0159eba, a jednotu ve sv\u00e9m odsouzen\u00ed Ruska\u2026 Z\u016fstaneme oddan\u00ed mezin\u00e1rodn\u00ed spolupr\u00e1ci pro urovn\u00e1n\u00ed sv\u011btov\u00fdch ekonomick\u00fdch probl\u00e9m\u016f\u2026 a v souvislosti s t\u00edm rozhodn\u011b zam\u00edt\u00e1me \u010detn\u00e1 l\u017eiv\u00e1 prohl\u00e1\u0161en\u00ed RF o z\u00e1porn\u00fdch \u00fa\u010dinc\u00edch na\u0161ich sankc\u00ed na potravinovou a energetickou bezpe\u010dnost,\u201c p\u00ed\u0161e se v dokumentu.<\/p>\n<p>Strany potvrdily tak\u00e9 sv\u016fj z\u00e1m\u011br \u201ei nad\u00e1le uspokojovat neodkladn\u00e9 finan\u010dn\u00ed pot\u0159eby Ukrajiny v kr\u00e1tkodob\u00e9 perspektiv\u011b, a tak\u00e9 poskytovat podporu soused\u00edc\u00edm s n\u00ed a dal\u0161\u00edm posti\u017een\u00fdm zem\u00edm\u201c.<\/p>\n<p>\u201eSpolu s mezin\u00e1rodn\u00edm spole\u010denstv\u00edm jsme zv\u00fd\u0161ili na\u0161e rozpo\u010dtov\u00e9 z\u00e1vazky a ekonomickou podporu Ukrajiny na rok 2023 a za\u010d\u00e1tek roku 2024 na 44 miliard dolar\u016f, co\u017e umo\u017enilo schv\u00e1len\u00ed programu Mezin\u00e1rodn\u00edho m\u011bnov\u00e9ho fondu pro Ukrajinu v \u010d\u00e1stce 15,6 miliardy dolar\u016f v pr\u016fb\u011bhu 4 let,\u201c uv\u00e1d\u00ed se v prohl\u00e1\u0161en\u00ed.<\/p>\n<p>Vy\u010dlen\u011bn\u00e9 prost\u0159edky umo\u017en\u00ed podle n\u00e1zoru ministr\u016f financ\u00ed a \u0161\u00e9f\u016f centr\u00e1ln\u00edch bank G7 zajistit fungov\u00e1n\u00ed vl\u00e1dy, poskytov\u00e1n\u00ed z\u00e1kladn\u00edch slu\u017eeb a stabilizov\u00e1n\u00ed ekonomiky.<\/p>\n<p>\u201eBudeme tak\u00e9 pokra\u010dovat v na\u0161ich spole\u010dn\u00fdch \u00fasil\u00edch na podporu obnoven\u00ed kritick\u00e9 infrastruktury Ukrajiny\u2026 V\u00edt\u00e1me rovn\u011b\u017e spu\u0161t\u011bn\u00ed Platformy pro investov\u00e1n\u00ed do Ukrajiny 12. kv\u011btna v Tokiu,\u201c dod\u00e1v\u00e1 se v dokumentu.<\/p>\n<p>Rusko zah\u00e1jilo speci\u00e1ln\u00ed vojenskou operaci na Ukrajin\u011b 24. \u00fanora 2022. Prezident RF Vladimir Putin ozna\u010dil za jej\u00ed c\u00edl \u201eochranu lid\u00ed, kte\u0159\u00ed byli v pr\u016fb\u011bhu osmi let vystaveni poni\u017eov\u00e1n\u00ed a genocid\u011b ze strany kyjevsk\u00e9ho re\u017eimu\u201c. Zd\u016fraznil, \u017ee speci\u00e1ln\u00ed operace je vynucen\u00fdm opat\u0159en\u00edm, Rusku \u201enenechali \u017e\u00e1dn\u00e9 \u0161ance jednat jinak, byla vytvo\u0159ena takov\u00e1 rizika v bezpe\u010dnostn\u00ed sf\u00e9\u0159e, \u017ee reagovat jin\u00fdmi prost\u0159edky u\u017e nebylo mo\u017en\u00e9\u201c.<\/p>\n<p><img decoding=\"async\" loading=\"lazy\" class=\"alignnone size-full wp-image-1185\" src=\"http:\/\/www.infokuryr.cz\/n\/wp-content\/uploads\/2021\/04\/kuryr-podpis.png\" alt=\"\" width=\"84\" height=\"24\" \/><\/p>\n<p>&nbsp;<\/p>\n<p>&nbsp;<\/p>\n<p><img decoding=\"async\" loading=\"lazy\" class=\"wp-image-19187 aligncenter\" src=\"http:\/\/www.infokuryr.cz\/n\/wp-content\/uploads\/2022\/12\/1-PRO-300x36.jpg\" alt=\"\" width=\"1283\" height=\"154\" srcset=\"https:\/\/www.infokuryr.cz\/n\/wp-content\/uploads\/2022\/12\/1-PRO-300x36.jpg 300w, https:\/\/www.infokuryr.cz\/n\/wp-content\/uploads\/2022\/12\/1-PRO.jpg 699w\" sizes=\"(max-width: 1283px) 100vw, 1283px\" \/><\/p>\n<p>&nbsp;<\/p>\n<p>&nbsp;<\/p>\n","protected":false},"excerpt":{"rendered":"<p>Minist\u0159i financ\u00ed a p\u0159edsedov\u00e9 centr\u00e1ln\u00edch bank zem\u00ed G7 ve spole\u010dn\u00e9m prohl\u00e1\u0161en\u00ed na z\u00e1klad\u011b v\u00fdsledk\u016f t\u0159\u00eddenn\u00ed&#8230;<\/p>\n","protected":false},"author":2,"featured_media":1592,"comment_status":"closed","ping_status":"closed","sticky":false,"template":"","format":"standard","meta":[],"categories":[7],"tags":[323,1242,22,26],"_links":{"self":[{"href":"https:\/\/www.infokuryr.cz\/n\/wp-json\/wp\/v2\/posts\/28042"}],"collection":[{"href":"https:\/\/www.infokuryr.cz\/n\/wp-json\/wp\/v2\/posts"}],"about":[{"href":"https:\/\/www.infokuryr.cz\/n\/wp-json\/wp\/v2\/types\/post"}],"author":[{"embeddable":true,"href":"https:\/\/www.infokuryr.cz\/n\/wp-json\/wp\/v2\/users\/2"}],"replies":[{"embeddable":true,"href":"https:\/\/www.infokuryr.cz\/n\/wp-json\/wp\/v2\/comments?post=28042"}],"version-history":[{"count":0,"href":"https:\/\/www.infokuryr.cz\/n\/wp-json\/wp\/v2\/posts\/28042\/revisions"}],"wp:featuredmedia":[{"embeddable":true,"href":"https:\/\/www.infokuryr.cz\/n\/wp-json\/wp\/v2\/media\/1592"}],"wp:attachment":[{"href":"https:\/\/www.infokuryr.cz\/n\/wp-json\/wp\/v2\/media?parent=28042"}],"wp:term":[{"taxonomy":"category","embeddable":true,"href":"https:\/\/www.infokuryr.cz\/n\/wp-json\/wp\/v2\/categories?post=28042"},{"taxonomy":"post_tag","embeddable":true,"href":"https:\/\/www.infokuryr.cz\/n\/wp-json\/wp\/v2\/tags?post=28042"}],"curies":[{"name":"wp","href":"https:\/\/api.w.org\/{rel}","templated":true}]}}