{"id":28041,"date":"2023-05-15T01:02:12","date_gmt":"2023-05-14T23:02:12","guid":{"rendered":"http:\/\/www.infokuryr.cz\/n\/?p=28041"},"modified":"2023-05-14T15:05:07","modified_gmt":"2023-05-14T13:05:07","slug":"eu-chce-prehodnotit-vztahy-s-clr-na-pozadi-jejiho-miroveho-usili","status":"publish","type":"post","link":"https:\/\/www.infokuryr.cz\/n\/2023\/05\/15\/eu-chce-prehodnotit-vztahy-s-clr-na-pozadi-jejiho-miroveho-usili\/","title":{"rendered":"EU chce p\u0159ehodnotit vztahy s \u010cLR na pozad\u00ed jej\u00edho m\u00edrov\u00e9ho \u00fasil\u00ed"},"content":{"rendered":"<div id=\"fb-root\"><\/div>\n<p><strong>Minist\u0159i \u010dlensk\u00fdch zem\u00ed EU na sch\u016fzce ve Stockholmu, kter\u00e1 se konala v p\u00e1tek 12. kv\u011btna, projednali krom\u011b rusk\u00e9 speci\u00e1ln\u00ed operace na Ukrajin\u011b tak\u00e9 vztahy s \u010cLR a rozhodli se je p\u0159ehodnotit v kontextu m\u00edrov\u00fdch \u00fasil\u00ed Pekingu.<\/strong><\/p>\n<p>\u201eV posledn\u00edm m\u011bs\u00edci do\u0161lo k transformac\u00edm v ch\u00e1p\u00e1n\u00ed m\u00edsta Pekingu v tomto (ukrajinsk\u00e9m) konfliktu: od p\u0159\u00edsn\u00fdch v\u00fdzev k \u010c\u00edn\u011b, aby neposkytovala zbran\u011b RF, p\u0159e\u0161li spojenci Kyjeva k vyj\u00e1d\u0159en\u00ed opatrn\u00fdch nad\u011bj\u00ed na kladnou roli Pekingu v urovn\u00e1n\u00ed krize,\u201c uv\u00e1d\u00ed se v \u010dl\u00e1nku.<\/p>\n<p>V p\u0159edve\u010der sch\u016fzky ve Stockholmu p\u0159ipravila diplomatick\u00e1 slu\u017eba EU pl\u00e1n p\u0159ehodnocen\u00ed vztah\u016f s Pekingem, kter\u00fd se zakl\u00e1d\u00e1 na sni\u017eov\u00e1n\u00ed rizika ekonomick\u00e9 z\u00e1vislosti na \u010cLR se sou\u010dasn\u00fdm pokra\u010dov\u00e1n\u00edm spolupr\u00e1ce v glob\u00e1ln\u00edch ot\u00e1zk\u00e1ch, p\u00ed\u0161\u00ed noviny.<\/p>\n<p>Politiku v\u016f\u010di \u010c\u00edn\u011b hodl\u00e1 EU budovat na z\u00e1klad\u011b t\u0159\u00ed pojm\u016f: \u201espolupr\u00e1ce, konkurence a soupe\u0159en\u00ed\u201c, p\u0159itom pom\u011br mezi nimi m\u00e1 b\u00fdt m\u011bn\u011bn v z\u00e1vislosti na chov\u00e1n\u00ed Pekingu.<\/p>\n<p>P\u0159itom, i kdy\u017e na jedn\u00e9 stran\u011b chce EU koordinovat sv\u00e9 kroky v \u010d\u00ednsk\u00e9m sm\u011bru s Washingtonem, na stran\u011b druh\u00e9 je proti\u00a0<em>\u201emy\u0161lence hry s nulovou \u010d\u00e1stkou, v n\u00ed\u017e podle v\u00fdsledk\u016f sout\u011b\u017ee USA a \u010cLR m\u016f\u017ee b\u00fdt jen jeden v\u00edt\u011bz,\u201c<\/em>\u00a0uv\u00e1d\u00ed se v \u010dl\u00e1nku.<\/p>\n<p>\u010c\u00ednsk\u00e1 vl\u00e1da navrhla v \u00fanoru m\u00edrov\u00fd pl\u00e1n urovn\u00e1n\u00ed ukrajinsk\u00e9 krize, kter\u00fd zahrnuje 12 bod\u016f v\u010detn\u011b v\u00fdzev k zastaven\u00ed palby a respektov\u00e1n\u00ed z\u00e1konn\u00fdch z\u00e1jm\u016f v\u0161ech stran v oblasti bezpe\u010dnosti. V Moskv\u011b vysoce ocenili snahu \u010c\u00edny p\u0159isp\u011bt sv\u00fdm p\u0159\u00ednosem k urovn\u00e1n\u00ed konfliktu na Ukrajin\u011b m\u00edrov\u00fdmi prost\u0159edky. Podle slov prezidenta RF Vladimira Putina mohou b\u00fdt mnoh\u00e9 body \u010d\u00ednsk\u00e9ho pl\u00e1nu vzaty jako z\u00e1klad pro urovn\u00e1n\u00ed, a\u017e k tomu budou p\u0159ipraveni na Z\u00e1pad\u011b a v Kyjev\u011b.<\/p>\n<p><img decoding=\"async\" loading=\"lazy\" class=\"alignnone size-full wp-image-1185\" src=\"http:\/\/www.infokuryr.cz\/n\/wp-content\/uploads\/2021\/04\/kuryr-podpis.png\" alt=\"\" width=\"84\" height=\"24\" \/><\/p>\n<p>&nbsp;<\/p>\n<p>&nbsp;<\/p>\n<p><img decoding=\"async\" loading=\"lazy\" class=\"wp-image-19187 aligncenter\" src=\"http:\/\/www.infokuryr.cz\/n\/wp-content\/uploads\/2022\/12\/1-PRO-300x36.jpg\" alt=\"\" width=\"1275\" height=\"153\" srcset=\"https:\/\/www.infokuryr.cz\/n\/wp-content\/uploads\/2022\/12\/1-PRO-300x36.jpg 300w, https:\/\/www.infokuryr.cz\/n\/wp-content\/uploads\/2022\/12\/1-PRO.jpg 699w\" sizes=\"(max-width: 1275px) 100vw, 1275px\" \/><\/p>\n<p>&nbsp;<\/p>\n<p>&nbsp;<\/p>\n","protected":false},"excerpt":{"rendered":"<p>Minist\u0159i \u010dlensk\u00fdch zem\u00ed EU na sch\u016fzce ve Stockholmu, kter\u00e1 se konala v p\u00e1tek 12. kv\u011btna,&#8230;<\/p>\n","protected":false},"author":2,"featured_media":3195,"comment_status":"closed","ping_status":"closed","sticky":false,"template":"","format":"standard","meta":[],"categories":[7],"tags":[30,41,4030,26],"_links":{"self":[{"href":"https:\/\/www.infokuryr.cz\/n\/wp-json\/wp\/v2\/posts\/28041"}],"collection":[{"href":"https:\/\/www.infokuryr.cz\/n\/wp-json\/wp\/v2\/posts"}],"about":[{"href":"https:\/\/www.infokuryr.cz\/n\/wp-json\/wp\/v2\/types\/post"}],"author":[{"embeddable":true,"href":"https:\/\/www.infokuryr.cz\/n\/wp-json\/wp\/v2\/users\/2"}],"replies":[{"embeddable":true,"href":"https:\/\/www.infokuryr.cz\/n\/wp-json\/wp\/v2\/comments?post=28041"}],"version-history":[{"count":0,"href":"https:\/\/www.infokuryr.cz\/n\/wp-json\/wp\/v2\/posts\/28041\/revisions"}],"wp:featuredmedia":[{"embeddable":true,"href":"https:\/\/www.infokuryr.cz\/n\/wp-json\/wp\/v2\/media\/3195"}],"wp:attachment":[{"href":"https:\/\/www.infokuryr.cz\/n\/wp-json\/wp\/v2\/media?parent=28041"}],"wp:term":[{"taxonomy":"category","embeddable":true,"href":"https:\/\/www.infokuryr.cz\/n\/wp-json\/wp\/v2\/categories?post=28041"},{"taxonomy":"post_tag","embeddable":true,"href":"https:\/\/www.infokuryr.cz\/n\/wp-json\/wp\/v2\/tags?post=28041"}],"curies":[{"name":"wp","href":"https:\/\/api.w.org\/{rel}","templated":true}]}}