{"id":28026,"date":"2023-05-14T05:49:18","date_gmt":"2023-05-14T03:49:18","guid":{"rendered":"http:\/\/www.infokuryr.cz\/n\/?p=28026"},"modified":"2023-05-14T06:22:34","modified_gmt":"2023-05-14T04:22:34","slug":"byt-zeleny-vas-muze-vyjit-draze-majitele-elektromobilu-z-ohia-stala-oprava-blatniku-42-000-dolaru","status":"publish","type":"post","link":"https:\/\/www.infokuryr.cz\/n\/2023\/05\/14\/byt-zeleny-vas-muze-vyjit-draze-majitele-elektromobilu-z-ohia-stala-oprava-blatniku-42-000-dolaru\/","title":{"rendered":"B\u00fdt zelen\u00fd v\u00e1\u0161 m\u016f\u017ee vyj\u00edt draze: Majitele elektromobilu z Ohia st\u00e1l\u00e1 oprava blatn\u00edku 42 000 dolar\u016f"},"content":{"rendered":"<div id=\"fb-root\"><\/div>\n<p><strong>Mu\u017e z Ohia, kter\u00fd vlastn\u00ed pln\u011b elektrick\u00fd pick-up Rivian R1T, ned\u00e1vno zaplatil 42 000 dolar\u016f za opravu sv\u00e9ho vozu kv\u016fli ohnut\u00e9mu blatn\u00edku.<\/strong><\/p>\n<p><span>Ob\u011bt\u00ed tohoto masivn\u00edho \u00fa\u010dtu za opravu je Chris Apfelstadt, krajinn\u00fd architekt z Columbusu, v americk\u00e9m st\u00e1t\u011b Ohio.\u00a0Cel\u00fd incident popsal ve sv\u00e9m p\u0159\u00edsp\u011bvku ve facebookov\u00e9 skupin\u011b \u201eRivian Electric Vehicles Discussion\u201c pro fanou\u0161ky elektromobil\u016f od spole\u010dnosti Rivian&#8217;s EVs.<\/span><\/p>\n<p><span>(Souvisej\u00edc\u00ed: Majitel\u00e9 elektrick\u00fdch vozidel si\u00a0<\/span><a href=\"https:\/\/www.naturalnews.com\/2023-03-01-ev-owners-logistical-nightmare-lack-charging-stations.html\" target=\"_blank\" rel=\"noopener\"><span>st\u011b\u017euj\u00ed<\/span><\/a><span>\u00a0na \u201elogistickou no\u010dn\u00ed m\u016fru\u201c zp\u016fsobenou nedostatkem nab\u00edjec\u00edch stanic.)<\/span><\/p>\n<p><span>Podle Apfelstadta byl za\u010d\u00e1tkem \u00fanora jeho R1T zezadu nara\u017een p\u0159i \u201erelativn\u011b n\u00edzk\u00e9 rychlosti\u201c \u2013 dostate\u010dn\u011b n\u00edzk\u00e9 na to, aby se v jeho vozidle nespustily \u017e\u00e1dn\u00e9 airbagy ani alarmy, ale zjevn\u011b dostate\u010dn\u011b rychl\u00e9 na to, aby zp\u016fsobila zna\u010dn\u00e9 \u0161kody.<\/span><\/p>\n<p><span>Obr\u00e1zky incidentu, kter\u00e9 sd\u00edlel na soci\u00e1ln\u00edch s\u00edt\u00edch, ukazuj\u00ed, \u017ee nehoda zp\u016fsobila jen mal\u00e9 po\u0161kozen\u00ed zadn\u00edho n\u00e1razn\u00edku jeho pickupu \u2013 a\u010dkoli po\u0161kozen\u00ed kapoty a p\u0159edn\u00edho n\u00e1razn\u00edku sedanu, kter\u00fd naboural Apfelstadtovo auto, vypad\u00e1 v\u00fdrazn\u011bji.<\/span><\/p>\n<p><span>Apfelstadt nakonec \u010dekal v\u00edce ne\u017e dva m\u011bs\u00edce, ne\u017e mohly b\u00fdt kone\u010dn\u011b provedeny opravy na jeho vozidle.\u00a0Poji\u0161\u0165ovna \u0159idi\u010de, kter\u00fd do n\u011bj zezadu narazil, vyhodnotila, \u017ee \u0161koda na Apfelstadtov\u011b voze bude st\u00e1t 1600 dolar\u016f a vypsala mu \u0161ek na tuto \u010d\u00e1stku.\u00a0Pozd\u011bji v\u0161ak zjistil, \u017ee na opravu vlastn\u00edho auta mine mnohem v\u00edce.<\/span><\/p>\n<p><span>Aby si nechal opravit sv\u00e9 R1T, Apfelstadt kontaktoval v\u00fdrobce auta Rivian, kter\u00fd mu \u0159ekl, aby \u0161el do jedn\u00e9 ze t\u0159\u00ed certifikovan\u00fdch karos\u00e1ren v Ohiu pro jejich vozidla.<\/span><\/p>\n<p><span>Karos\u00e1rna, do kter\u00e9 Apfelstadt \u0161el, byla ohledn\u011b cel\u00e9ho procesu opravy \u00fadajn\u011b velmi d\u016fkladn\u00e1 a pedantn\u00ed, p\u0159i\u010dem\u017e ka\u017ed\u00fd krok dokumentovala fotografiemi.<\/span><\/p>\n<p><span>Z n\u011bjak\u00e9ho d\u016fvodu v\u0161ak p\u0159itom rozebrali v\u011bt\u0161inu zadn\u00ed \u010d\u00e1sti auta, v\u010detn\u011b zadn\u00edho okna.\u00a0Tato dodate\u010dn\u00e1 pr\u00e1ce na jeho R1T nakonec st\u00e1la Apfelstadta v\u00edce ne\u017e 42 000 dolar\u016f.\u00a0Na\u0161t\u011bst\u00ed pro n\u011bj, poji\u0161t\u011bn\u00ed \u0159idi\u010de, kter\u00fd uvedenou nehodu zavinil, pokrylo cel\u00fd \u00fa\u010det za opravu.<\/span><\/p>\n<p><em><span>\u201eOdvedli neuv\u011b\u0159itelnou pr\u00e1ci a m\u016fj R1T vypad\u00e1 stejn\u011b dob\u0159e jako v den, kdy byl nov\u00fd,\u201c<\/span><\/em><span>\u00a0\u0159ekl Apfelstadt.<\/span><\/p>\n<p><em><span>\u201eSly\u0161el jsem, \u017ee spole\u010dnost Rivian ud\u011blala ur\u010dit\u00e9 \u00fastupky v opravitelnosti, aby ur\u010dit\u00fdm zp\u016fsobem zachovala estetiku.\u00a0V\u00edm jen, \u017ee tohle je velmi drah\u00e9 vozidlo na opravu!\u201c<\/span><\/em><\/p>\n<p>&nbsp;<\/p>\n<div class=\"twitter-tweet twitter-tweet-rendered\"><iframe id=\"twitter-widget-0\" class=\"\" title=\"Twitter Tweet\" src=\"https:\/\/platform.twitter.com\/embed\/Tweet.html?dnt=false&amp;embedId=twitter-widget-0&amp;features=eyJ0ZndfdGltZWxpbmVfbGlzdCI6eyJidWNrZXQiOltdLCJ2ZXJzaW9uIjpudWxsfSwidGZ3X2ZvbGxvd2VyX2NvdW50X3N1bnNldCI6eyJidWNrZXQiOnRydWUsInZlcnNpb24iOm51bGx9LCJ0ZndfdHdlZXRfZWRpdF9iYWNrZW5kIjp7ImJ1Y2tldCI6Im9uIiwidmVyc2lvbiI6bnVsbH0sInRmd19yZWZzcmNfc2Vzc2lvbiI6eyJidWNrZXQiOiJvbiIsInZlcnNpb24iOm51bGx9LCJ0ZndfZm9zbnJfc29mdF9pbnRlcnZlbnRpb25zX2VuYWJsZWQiOnsiYnVja2V0Ijoib24iLCJ2ZXJzaW9uIjpudWxsfSwidGZ3X21peGVkX21lZGlhXzE1ODk3Ijp7ImJ1Y2tldCI6InRyZWF0bWVudCIsInZlcnNpb24iOm51bGx9LCJ0ZndfZXhwZXJpbWVudHNfY29va2llX2V4cGlyYXRpb24iOnsiYnVja2V0IjoxMjA5NjAwLCJ2ZXJzaW9uIjpudWxsfSwidGZ3X3Nob3dfYmlyZHdhdGNoX3Bpdm90c19lbmFibGVkIjp7ImJ1Y2tldCI6Im9uIiwidmVyc2lvbiI6bnVsbH0sInRmd19kdXBsaWNhdGVfc2NyaWJlc190b19zZXR0aW5ncyI6eyJidWNrZXQiOiJvbiIsInZlcnNpb24iOm51bGx9LCJ0ZndfdXNlX3Byb2ZpbGVfaW1hZ2Vfc2hhcGVfZW5hYmxlZCI6eyJidWNrZXQiOiJvbiIsInZlcnNpb24iOm51bGx9LCJ0ZndfdmlkZW9faGxzX2R5bmFtaWNfbWFuaWZlc3RzXzE1MDgyIjp7ImJ1Y2tldCI6InRydWVfYml0cmF0ZSIsInZlcnNpb24iOm51bGx9LCJ0ZndfbGVnYWN5X3RpbWVsaW5lX3N1bnNldCI6eyJidWNrZXQiOnRydWUsInZlcnNpb24iOm51bGx9LCJ0ZndfdHdlZXRfZWRpdF9mcm9udGVuZCI6eyJidWNrZXQiOiJvbiIsInZlcnNpb24iOm51bGx9fQ%3D%3D&amp;frame=false&amp;hideCard=false&amp;hideThread=false&amp;id=1653203513571446784&amp;lang=cs&amp;origin=https%3A%2F%2Fwww.badatel.net%2Fbyt-zeleny-vas-moze-vyjst-draho-majitela-elektromobilu-z-ohia-stala-oprava-blatnika-42-000-dolarov%2F&amp;sessionId=6d5873e811fc485e9d7ae4d101005d518061fa51&amp;theme=light&amp;widgetsVersion=aaf4084522e3a%3A1674595607486&amp;width=550px\" frameborder=\"0\" scrolling=\"no\" allowfullscreen=\"allowfullscreen\" data-tweet-id=\"1653203513571446784\" data-mce-fragment=\"1\"><\/iframe><\/div>\n<p>&nbsp;<\/p>\n<h2><span>N\u00e1kladn\u00e9 opravy odrazuj\u00ed lidi od elektromobil\u016f<\/span><\/h2>\n<p><span>Mnoz\u00ed z komentuj\u00edc\u00edch ve skupin\u011b se ptali, pro\u010d \u00fa\u010det za opravu st\u00e1l v\u00edce ne\u017e 42 000 dolar\u016f a nazna\u010dovali, \u017ee se za t\u00edm m\u016f\u017ee skr\u00fdvat n\u011bco nekal\u00e9ho.<\/span><\/p>\n<p><em><span>&#8222;Jde o 100procentn\u00ed pojistn\u00fd podvod tou autorizovanou opravnou,&#8220;<\/span><\/em><span>\u00a0komentovala jedna osoba.<\/span><\/p>\n<p><em><span>\u201eJe z\u0159ejm\u00e9, \u017ee vyu\u017e\u00edvaj\u00ed skute\u010dnosti, \u017ee jde o mimo\u0159\u00e1dn\u011b novou platformu, k ospravedln\u011bn\u00ed obrovsk\u00fdch n\u00e1klad\u016f.\u00a0Pokud odmontov\u00e1n\u00ed a namontov\u00e1n\u00ed d\u00edlc\u016f netrv\u00e1 300 hodin, tak pro tak vysok\u00e9 n\u00e1klady nen\u00ed \u017e\u00e1dn\u00fd d\u016fvod.\u00a0Oprava za 42 000 dolar\u016f je naprost\u00fd nesmysl!\u00a0Vid\u011bl jsem, jak Lamborghini m\u011blo cel\u00e9 zadn\u00ed karbonov\u00e9 \u010d\u00e1sti opraven\u00e9 a p\u0159elakovan\u00e9 za m\u00e9n\u011b pen\u011bz.\u201c<\/span><\/em><\/p>\n<p><em><span>\u201eKupujeme elektrick\u00e1 auta z d\u016fvod\u016f trval\u00e9 udr\u017eitelnosti,\u201c<\/span><\/em><span>\u00a0\u0159ekl Matthew Avery z Thatcham Research, spole\u010dnosti zab\u00fdvaj\u00edc\u00ed se zkoum\u00e1n\u00edm rizik v oblasti automobil\u016f.\u00a0<\/span><em><span>\u201eElektrick\u00fd v\u016fz v\u0161ak nen\u00ed p\u0159\u00edli\u0161 udr\u017eiteln\u00fd, pokud mus\u00edte po men\u0161\u00ed kolizi vyhodit celou baterii.\u201c<\/span><\/em><\/p>\n<p><span>V e-mailu pro port\u00e1l\u00a0<\/span><em><span>Just The News<\/span><\/em><span>\u00a0Apfelstadt uvedl, \u017ee si elektromobil Rivian nekoupil \u201eze \u017e\u00e1dn\u00fdch politick\u00fdch nebo ekologick\u00fdch motiv\u016f, ale jen proto, \u017ee se mu l\u00edbila zna\u010dka a vzhled pickupu\u201c.<\/span><\/p>\n<p><span>Pouk\u00e1zal v\u0161ak na to, \u017ee potenci\u00e1ln\u00ed majitel\u00e9\u00a0<\/span><a href=\"https:\/\/www.badatel.net\/trh-elektrickych-aut-sa-rozpada-vyrobcovia-znizuju-vyrobne-plany-a-navysuju-ceny\/\"><span>elektrick\u00fdch aut<\/span><\/a><span>\u00a0\u201eby si je nem\u011bli kupovat, pokud si nemohou dovolit n\u00e1klady na opravu, co\u017e plat\u00ed i pro klasick\u00e1 auta se spalovac\u00edmi motory\u201c.<\/span><\/p>\n<p><span>To ilustruje \u0161ir\u0161\u00ed obavu, \u017ee elektrick\u00e1 vozidla, p\u0159esto\u017ee jsou propagov\u00e1na jako \u00fadajn\u011b p\u0159\u00e1tel\u0161t\u011bj\u0161\u00ed pro lidi s men\u0161\u00edm rozpo\u010dtem, by mohla majitele p\u0159ekvapit bolestiv\u00fdmi skryt\u00fdmi n\u00e1klady.<\/span><\/p>\n<p><span>V\u00edce o nedostatc\u00edch elektrick\u00fdch vozidel se dozv\u00edte na str\u00e1nce\u00a0<\/span><a href=\"https:\/\/flyingcars.news\/\" target=\"_blank\" rel=\"noopener\"><span>FlyingCars.news<\/span><\/a><span> .<\/span><\/p>\n<p><span>Autor: Arsenio Toledo, Zdroj:\u00a0<\/span><a href=\"https:\/\/www.naturalnews.com\/2023-05-11-ohio-man-billed-42k-fix-rivian-pickup-ev.html\" target=\"_blank\" rel=\"noopener\"><span>naturalnews.com<\/span><\/a><\/p>\n<p>&nbsp;<\/p>\n<p>&nbsp;<\/p>\n<p><img decoding=\"async\" loading=\"lazy\" class=\"wp-image-19187 aligncenter\" src=\"http:\/\/www.infokuryr.cz\/n\/wp-content\/uploads\/2022\/12\/1-PRO-300x36.jpg\" alt=\"\" width=\"1300\" height=\"156\" srcset=\"https:\/\/www.infokuryr.cz\/n\/wp-content\/uploads\/2022\/12\/1-PRO-300x36.jpg 300w, https:\/\/www.infokuryr.cz\/n\/wp-content\/uploads\/2022\/12\/1-PRO.jpg 699w\" sizes=\"(max-width: 1300px) 100vw, 1300px\" \/><\/p>\n<p>&nbsp;<\/p>\n<p>&nbsp;<\/p>\n","protected":false},"excerpt":{"rendered":"<p>Mu\u017e z Ohia, kter\u00fd vlastn\u00ed pln\u011b elektrick\u00fd pick-up Rivian R1T, ned\u00e1vno zaplatil 42 000 dolar\u016f&#8230;<\/p>\n","protected":false},"author":2,"featured_media":2695,"comment_status":"closed","ping_status":"closed","sticky":false,"template":"","format":"standard","meta":[],"categories":[7],"tags":[67,582,3494],"_links":{"self":[{"href":"https:\/\/www.infokuryr.cz\/n\/wp-json\/wp\/v2\/posts\/28026"}],"collection":[{"href":"https:\/\/www.infokuryr.cz\/n\/wp-json\/wp\/v2\/posts"}],"about":[{"href":"https:\/\/www.infokuryr.cz\/n\/wp-json\/wp\/v2\/types\/post"}],"author":[{"embeddable":true,"href":"https:\/\/www.infokuryr.cz\/n\/wp-json\/wp\/v2\/users\/2"}],"replies":[{"embeddable":true,"href":"https:\/\/www.infokuryr.cz\/n\/wp-json\/wp\/v2\/comments?post=28026"}],"version-history":[{"count":0,"href":"https:\/\/www.infokuryr.cz\/n\/wp-json\/wp\/v2\/posts\/28026\/revisions"}],"wp:featuredmedia":[{"embeddable":true,"href":"https:\/\/www.infokuryr.cz\/n\/wp-json\/wp\/v2\/media\/2695"}],"wp:attachment":[{"href":"https:\/\/www.infokuryr.cz\/n\/wp-json\/wp\/v2\/media?parent=28026"}],"wp:term":[{"taxonomy":"category","embeddable":true,"href":"https:\/\/www.infokuryr.cz\/n\/wp-json\/wp\/v2\/categories?post=28026"},{"taxonomy":"post_tag","embeddable":true,"href":"https:\/\/www.infokuryr.cz\/n\/wp-json\/wp\/v2\/tags?post=28026"}],"curies":[{"name":"wp","href":"https:\/\/api.w.org\/{rel}","templated":true}]}}