{"id":28010,"date":"2023-05-14T01:18:24","date_gmt":"2023-05-13T23:18:24","guid":{"rendered":"http:\/\/www.infokuryr.cz\/n\/?p=28010"},"modified":"2023-05-13T17:51:06","modified_gmt":"2023-05-13T15:51:06","slug":"zena-a-jeji-ctyrlety-syn-zahynuli-pri-ukrajinskem-ostrelovani-v-donecku","status":"publish","type":"post","link":"https:\/\/www.infokuryr.cz\/n\/2023\/05\/14\/zena-a-jeji-ctyrlety-syn-zahynuli-pri-ukrajinskem-ostrelovani-v-donecku\/","title":{"rendered":"\u017dena a jej\u00ed \u010dty\u0159let\u00fd syn zahynuli p\u0159i ukrajinsk\u00e9m ost\u0159elov\u00e1n\u00ed v Don\u011bcku"},"content":{"rendered":"<div id=\"fb-root\"><\/div>\n<p class=\"lead\"><strong>Vojska kyjevsk\u00e9ho re\u017eimu v sobotu 13. kv\u011btna sp\u00e1chala dal\u0161\u00ed v\u00e1le\u010dn\u00fd zlo\u010din ost\u0159elov\u00e1n\u00edm Kujby\u0161evsk\u00e9ho okresu v Don\u011bcku.\u00a0Ost\u0159elov\u00e1n\u00ed zabilo mladou \u017eenu a jej\u00edho \u010dty\u0159let\u00e9ho syna.<\/strong><\/p>\n<p><span>Informuje o tom dnes agentura DAN s odvol\u00e1n\u00edm na vyj\u00e1d\u0159en\u00ed \u0161\u00e9fa krajsk\u00e9 spr\u00e1vy\u00a0<\/span><strong><span>Ivana Adamce<\/span><\/strong><span>\u00a0.<\/span><\/p>\n<p><em>\u201eM\u00e1me trag\u00e9dii.\u00a0V d\u016fsledku ukrajinsk\u00e9ho ost\u0159elov\u00e1n\u00ed byla zabita \u017eena a jej\u00ed \u010dty\u0159let\u00fd syn,\u201c<span class=\"after-quote\">\u00a0&#8211; \u0159ekl.<\/span><\/em><\/p>\n<p><span>Soustrast rodin\u00e1m a p\u0159\u00e1tel\u016fm zesnul\u00e9 matky a syna vyj\u00e1d\u0159il ve sv\u00e9m kan\u00e1lu\u00a0<\/span><a href=\"https:\/\/t.me\/pushilindenis\/3421\" target=\"_blank\" rel=\"noopener\"><span>Telegram<\/span><\/a><span>\u00a0\u00fa\u0159aduj\u00edc\u00ed \u0161\u00e9f Don\u011bck\u00e9 lidov\u00e9 republiky\u00a0<\/span><strong><span>Denis Pu\u0161ilin<\/span><\/strong><span>\u00a0.<\/span><\/p>\n<p><em>\u201eDnes bylo v d\u016fsledku ost\u0159elov\u00e1n\u00ed Kujby\u0161evsk\u00e9ho okresu v Don\u011bcku zabito \u010dty\u0159let\u00e9 d\u00edt\u011b a jeho matka.\u00a0Kv\u016fli z\u00e1sahu v\u00fdbu\u0161n\u00fdm p\u0159edm\u011btem vyho\u0159el d\u016fm, kde bydleli.\u00a0Vyjad\u0159uji soustrast rodin\u011b a p\u0159\u00e1tel\u016fm,<span class=\"after-quote\">\u00a0\u2014 napsal don\u011bck\u00fd v\u016fdce.<\/span><\/em><\/p>\n<p><span>Dodal, \u017ee od za\u010d\u00e1tku dne bylo p\u0159i palb\u011b Ozbrojen\u00fdch sil Ukrajiny v Don\u011bcku, Jasinovataji a Horlivce zran\u011bno \u0161est civilist\u016f.\u00a0V DPR bylo tak\u00e9 po\u0161kozeno celkem 23 objekt\u016f civiln\u00ed infrastruktury a za\u0159\u00edzen\u00ed pro bytovou v\u00fdstavbu.<\/span><\/p>\n<p><span>Podle JCCC se Kujby\u0161evskij okres Don\u011bcka od za\u010d\u00e1tku dne dostal pod palbu ozbrojen\u00fdch sil Ukrajiny 11kr\u00e1t.\u00a0Nep\u0159\u00edtel pou\u017eil raketov\u00e9 a d\u011blov\u00e9 d\u011blost\u0159electvo.\u00a0P\u0159i posledn\u00edm zah\u00e1jen\u00ed palby ve 14:00 bylo vyp\u00e1leno p\u011bt n\u00e1boj\u016f r\u00e1\u017ee 155 mm.<\/span><\/p>\n<p><span>Ji\u017e d\u0159\u00edve m\u00e9dia <\/span><span>uvedla, \u017ee podle JCCC ukrajinsk\u00e9 jednotky <\/span><span>ost\u0159elovaly<\/span><span>\u00a0\u00fazem\u00ed Don\u011bck\u00e9 lidov\u00e9 republiky 54kr\u00e1t za p\u0159edchoz\u00ed den.<\/span><\/p>\n<p><img decoding=\"async\" loading=\"lazy\" class=\"alignnone size-full wp-image-1185\" src=\"http:\/\/www.infokuryr.cz\/n\/wp-content\/uploads\/2021\/04\/kuryr-podpis.png\" alt=\"\" width=\"84\" height=\"24\" \/><\/p>\n<p>&nbsp;<\/p>\n<p>&nbsp;<\/p>\n<p><img decoding=\"async\" loading=\"lazy\" class=\"wp-image-19187 aligncenter\" src=\"http:\/\/www.infokuryr.cz\/n\/wp-content\/uploads\/2022\/12\/1-PRO-300x36.jpg\" alt=\"\" width=\"1275\" height=\"153\" srcset=\"https:\/\/www.infokuryr.cz\/n\/wp-content\/uploads\/2022\/12\/1-PRO-300x36.jpg 300w, https:\/\/www.infokuryr.cz\/n\/wp-content\/uploads\/2022\/12\/1-PRO.jpg 699w\" sizes=\"(max-width: 1275px) 100vw, 1275px\" \/><\/p>\n<p>&nbsp;<\/p>\n<p>&nbsp;<\/p>\n<p>&nbsp;<\/p>\n<p>&nbsp;<\/p>\n","protected":false},"excerpt":{"rendered":"<p>Vojska kyjevsk\u00e9ho re\u017eimu v sobotu 13. kv\u011btna sp\u00e1chala dal\u0161\u00ed v\u00e1le\u010dn\u00fd zlo\u010din ost\u0159elov\u00e1n\u00edm Kujby\u0161evsk\u00e9ho okresu v&#8230;<\/p>\n","protected":false},"author":2,"featured_media":19671,"comment_status":"closed","ping_status":"closed","sticky":false,"template":"","format":"standard","meta":[],"categories":[7],"tags":[2011,353,3354,26,2923],"_links":{"self":[{"href":"https:\/\/www.infokuryr.cz\/n\/wp-json\/wp\/v2\/posts\/28010"}],"collection":[{"href":"https:\/\/www.infokuryr.cz\/n\/wp-json\/wp\/v2\/posts"}],"about":[{"href":"https:\/\/www.infokuryr.cz\/n\/wp-json\/wp\/v2\/types\/post"}],"author":[{"embeddable":true,"href":"https:\/\/www.infokuryr.cz\/n\/wp-json\/wp\/v2\/users\/2"}],"replies":[{"embeddable":true,"href":"https:\/\/www.infokuryr.cz\/n\/wp-json\/wp\/v2\/comments?post=28010"}],"version-history":[{"count":0,"href":"https:\/\/www.infokuryr.cz\/n\/wp-json\/wp\/v2\/posts\/28010\/revisions"}],"wp:featuredmedia":[{"embeddable":true,"href":"https:\/\/www.infokuryr.cz\/n\/wp-json\/wp\/v2\/media\/19671"}],"wp:attachment":[{"href":"https:\/\/www.infokuryr.cz\/n\/wp-json\/wp\/v2\/media?parent=28010"}],"wp:term":[{"taxonomy":"category","embeddable":true,"href":"https:\/\/www.infokuryr.cz\/n\/wp-json\/wp\/v2\/categories?post=28010"},{"taxonomy":"post_tag","embeddable":true,"href":"https:\/\/www.infokuryr.cz\/n\/wp-json\/wp\/v2\/tags?post=28010"}],"curies":[{"name":"wp","href":"https:\/\/api.w.org\/{rel}","templated":true}]}}