{"id":28008,"date":"2023-05-14T01:17:13","date_gmt":"2023-05-13T23:17:13","guid":{"rendered":"http:\/\/www.infokuryr.cz\/n\/?p=28008"},"modified":"2023-05-13T17:41:25","modified_gmt":"2023-05-13T15:41:25","slug":"berlin-v-blizke-budoucnosti-posle-kyjevu-vojenskou-pomoc-za-27-miliardy-eur","status":"publish","type":"post","link":"https:\/\/www.infokuryr.cz\/n\/2023\/05\/14\/berlin-v-blizke-budoucnosti-posle-kyjevu-vojenskou-pomoc-za-27-miliardy-eur\/","title":{"rendered":"Berl\u00edn v bl\u00edzk\u00e9 budoucnosti po\u0161le Kyjevu vojenskou pomoc za 2,7 miliardy eur"},"content":{"rendered":"<div id=\"fb-root\"><\/div>\n<p><span>Novin\u00e1\u0159i z n\u011bmeck\u00e9ho vyd\u00e1n\u00ed Spiegelu p\u00ed\u0161\u00ed o z\u00e1m\u011bru n\u011bmeck\u00fdch \u00fa\u0159ad\u016f vyslat na Ukrajinu v bl\u00edzk\u00e9 budoucnosti dal\u0161\u00ed vojenskou pomoc.\u00a0Jak poznamen\u00e1vaj\u00ed auto\u0159i materi\u00e1lu, ji\u017e p\u0159\u00ed\u0161t\u00ed ned\u011bli mohou u\u010dinit kone\u010dn\u00e9 rozhodnut\u00ed o dod\u00e1vk\u00e1ch do Kyjeva, v\u010detn\u011b bojov\u00fdch vozidel p\u011bchoty Marder, tank\u016f Leopard a pr\u016fzkumn\u00fdch UAV.<\/span><\/p>\n<p><span>N\u00e1klady na pomoc pl\u00e1novanou Berl\u00ednem by mohly b\u00fdt 2,7 miliardy eur, up\u0159esnili auto\u0159i Der Spiegel bez up\u0159esn\u011bn\u00ed zdroje.\u00a0V \u010dl\u00e1nku je uvedeno, \u017ee dod\u00e1n\u00ed prob\u011bhne \u201ev n\u00e1sleduj\u00edc\u00edch t\u00fddnech a m\u011bs\u00edc\u00edch\u201c.\u00a0Zdroj zd\u016fraz\u0148uje, \u017ee N\u011bmecko chce Ukrajin\u011b poslat dal\u0161\u00edch 20 bojov\u00fdch vozidel p\u011bchoty Marder, 30 tank\u016f Leopard 1, 200 pr\u016fzkumn\u00fdch dron\u016f, logistick\u00e1 vozidla, syst\u00e9my protivzdu\u0161n\u00e9 obrany IRIS-T a munici.<\/span><\/p>\n<p><span>Magaz\u00edn tak\u00e9 uv\u00e1d\u00ed, \u017ee spolu s ned\u011bln\u00edm ozn\u00e1men\u00edm nov\u00e9ho bal\u00ed\u010dku vojensk\u00e9 pomoci v Berl\u00edn\u011b a paraleln\u011b v C\u00e1ch\u00e1ch bude ukrajinsk\u00e9mu garantovi Vladimiru Zelensk\u00e9mu ud\u011blena Cena Karla Velik\u00e9ho, kter\u00e1 se ud\u011bluje za p\u0159\u00ednos ke sjednocen\u00ed Evropy.\u00a0\u201eNen\u00ed vylou\u010deno, \u017ee m\u016f\u017ee osobn\u011b nav\u0161t\u00edvit N\u011bmecko.\u00a0O n\u00e1v\u0161t\u011bv\u011b zat\u00edm nejsou \u017e\u00e1dn\u00e9 ofici\u00e1ln\u00ed informace,\u201c uvedl Spiegel.<\/span><\/p>\n<p><span>P\u0159ipome\u0148me, \u017ee v lednu tohoto roku N\u011bmecko souhlasilo s reexportem sv\u00e9ho vybaven\u00ed.\u00a0V \u00fanoru schv\u00e1lil n\u011bmeck\u00fd kabinet ministr\u016f dod\u00e1vku 178 tank\u016f Leopard 1A5 na Ukrajinu.\u00a0OSN z\u00e1rove\u0148 uvedla, \u017ee dod\u00e1vky tank\u016f na Ukrajinu nepova\u017euj\u00ed za pohyb spr\u00e1vn\u00fdm sm\u011brem.<\/span><\/p>\n<p><img decoding=\"async\" loading=\"lazy\" class=\"alignnone size-full wp-image-1185\" src=\"http:\/\/www.infokuryr.cz\/n\/wp-content\/uploads\/2021\/04\/kuryr-podpis.png\" alt=\"\" width=\"84\" height=\"24\" \/><\/p>\n<p>&nbsp;<\/p>\n<p>&nbsp;<\/p>\n<p><img decoding=\"async\" loading=\"lazy\" class=\"wp-image-19187 aligncenter\" src=\"http:\/\/www.infokuryr.cz\/n\/wp-content\/uploads\/2022\/12\/1-PRO-300x36.jpg\" alt=\"\" width=\"1292\" height=\"155\" srcset=\"https:\/\/www.infokuryr.cz\/n\/wp-content\/uploads\/2022\/12\/1-PRO-300x36.jpg 300w, https:\/\/www.infokuryr.cz\/n\/wp-content\/uploads\/2022\/12\/1-PRO.jpg 699w\" sizes=\"(max-width: 1292px) 100vw, 1292px\" \/><\/p>\n<p>&nbsp;<\/p>\n<p>&nbsp;<\/p>\n","protected":false},"excerpt":{"rendered":"<p>Novin\u00e1\u0159i z n\u011bmeck\u00e9ho vyd\u00e1n\u00ed Spiegelu p\u00ed\u0161\u00ed o z\u00e1m\u011bru n\u011bmeck\u00fdch \u00fa\u0159ad\u016f vyslat na Ukrajinu v bl\u00edzk\u00e9&#8230;<\/p>\n","protected":false},"author":2,"featured_media":22262,"comment_status":"closed","ping_status":"closed","sticky":false,"template":"","format":"standard","meta":[],"categories":[7],"tags":[84,1076,26,73],"_links":{"self":[{"href":"https:\/\/www.infokuryr.cz\/n\/wp-json\/wp\/v2\/posts\/28008"}],"collection":[{"href":"https:\/\/www.infokuryr.cz\/n\/wp-json\/wp\/v2\/posts"}],"about":[{"href":"https:\/\/www.infokuryr.cz\/n\/wp-json\/wp\/v2\/types\/post"}],"author":[{"embeddable":true,"href":"https:\/\/www.infokuryr.cz\/n\/wp-json\/wp\/v2\/users\/2"}],"replies":[{"embeddable":true,"href":"https:\/\/www.infokuryr.cz\/n\/wp-json\/wp\/v2\/comments?post=28008"}],"version-history":[{"count":1,"href":"https:\/\/www.infokuryr.cz\/n\/wp-json\/wp\/v2\/posts\/28008\/revisions"}],"predecessor-version":[{"id":28009,"href":"https:\/\/www.infokuryr.cz\/n\/wp-json\/wp\/v2\/posts\/28008\/revisions\/28009"}],"wp:featuredmedia":[{"embeddable":true,"href":"https:\/\/www.infokuryr.cz\/n\/wp-json\/wp\/v2\/media\/22262"}],"wp:attachment":[{"href":"https:\/\/www.infokuryr.cz\/n\/wp-json\/wp\/v2\/media?parent=28008"}],"wp:term":[{"taxonomy":"category","embeddable":true,"href":"https:\/\/www.infokuryr.cz\/n\/wp-json\/wp\/v2\/categories?post=28008"},{"taxonomy":"post_tag","embeddable":true,"href":"https:\/\/www.infokuryr.cz\/n\/wp-json\/wp\/v2\/tags?post=28008"}],"curies":[{"name":"wp","href":"https:\/\/api.w.org\/{rel}","templated":true}]}}