{"id":27998,"date":"2023-05-14T01:13:50","date_gmt":"2023-05-13T23:13:50","guid":{"rendered":"http:\/\/www.infokuryr.cz\/n\/?p=27998"},"modified":"2023-05-13T16:38:56","modified_gmt":"2023-05-13T14:38:56","slug":"spojene-kralovstvi-bude-pokracovat-ve-snizovani-stavu-armady","status":"publish","type":"post","link":"https:\/\/www.infokuryr.cz\/n\/2023\/05\/14\/spojene-kralovstvi-bude-pokracovat-ve-snizovani-stavu-armady\/","title":{"rendered":"Spojen\u00e9 kr\u00e1lovstv\u00ed bude pokra\u010dovat ve sni\u017eov\u00e1n\u00ed stavu arm\u00e1dy"},"content":{"rendered":"<div id=\"fb-root\"><\/div>\n<p><span style=\"font-size: 18pt;\"><strong>Ministr obrany Ben Wallace se \u00fadajn\u011b chce dr\u017eet pl\u00e1n\u016f vypracovan\u00fdch p\u0159ed ukrajinsk\u00fdm konfliktem<\/strong><\/span><\/p>\n<p><span>Britsk\u00fd ministr obrany Ben Wallace bude pokra\u010dovat v pl\u00e1nech na sn\u00ed\u017een\u00ed velikosti britsk\u00e9 arm\u00e1dy navzdory ukrajinsk\u00e9mu konfliktu a zv\u00fd\u0161en\u00fdm vojensk\u00fdm v\u00fddaj\u016fm, uvedl v p\u00e1tek The Times s odkazem na zdroje.<\/span><\/p>\n<p><span>V roce 2021 ministerstvo obrany ozn\u00e1milo pl\u00e1ny na sn\u00ed\u017een\u00ed po\u010dtu voj\u00e1k\u016f z 82 000 na n\u011bco m\u00e1lo p\u0159es 70 000 a z\u00e1rove\u0148 sn\u00ed\u017een\u00ed po\u010dtu tank\u016f z 227 na 148. Vzhledem k pokra\u010duj\u00edc\u00edmu konfliktu mezi Moskvou a Kyjevem se v\u0161ak my\u0161lenka na sn\u00ed\u017een\u00ed stavu mnoho britsk\u00fdch poslanc\u016f a vojensk\u00fdch velitel\u016f je znepokojeno, p\u0159i\u010dem\u017e Patrick Sanders, \u0161\u00e9f arm\u00e1dy, to\u00a0v kontextu velk\u00e9ho konfliktu v Evrop\u011b nazval\u00a0<\/span><em><span>\u201eperverzn\u00ed\u201c .<\/span><\/em><\/p>\n<p><span>Navzdory t\u011bmto obav\u00e1m a vzhledem k tomu, \u017ee se spojenci Spojen\u00e9ho kr\u00e1lovstv\u00ed v NATO sna\u017e\u00ed pos\u00edlit sv\u00e9 arm\u00e1dy, brit\u0161t\u00ed minist\u0159i jsou pr\u00fd p\u0159esv\u011bd\u010deni, \u017ee Lond\u00fdn\u00a0<\/span><em><span>\u201enen\u00ed pod v\u00fdrazn\u00fdm tlakem, aby zm\u011bnil kurz\u201c.\u00a0<\/span><\/em><span>O\u010dek\u00e1v\u00e1 se, \u017ee tato z\u00e1le\u017eitost bude \u0159e\u0161ena v dokumentu velen\u00ed obrany, kter\u00fd m\u00e1 b\u00fdt zve\u0159ejn\u011bn v \u010dervnu.<\/span><\/p>\n<p><span>Britsk\u00e1 vl\u00e1da podle Times st\u00e1le pl\u00e1nuje sn\u00ed\u017eit po\u010det p\u011bchoty ve prosp\u011bch d\u011blost\u0159electva.<\/span><\/p>\n<p><em><span>\u201eM\u00e1me p\u0159\u00edli\u0161 mnoho p\u011bchoty \u2013 d\u011bdictv\u00ed protipovstaleck\u00fdch v\u00e1lek v Afgh\u00e1nist\u00e1nu a Ir\u00e1ku.\u00a0Pot\u0159ebujeme v\u00edce d\u011blost\u0159electva.\u00a0Porota rozhoduje o tom, zda pot\u0159ebujete hlavn\u00ed bojov\u00e9 tanky,\u201c<\/span><\/em><span>\u00a0\u0159ekl zdroj z vl\u00e1dy.<\/span><\/p>\n<p><span>Jin\u00fd arm\u00e1dn\u00ed zdroj \u0159ekl The Times, \u017ee\u00a0<\/span><em><span>\u201ehlavn\u00ed lekc\u00ed z Ukrajiny je, \u017ee pot\u0159ebujete masu\u201c,<\/span><\/em><span>\u00a0dodal, \u017ee\u00a0<\/span><em><span>\u201epravdou je, \u017ee nem\u00e1me dostatek p\u011bchoty a nem\u00e1me dostatek d\u011blost\u0159electva\u201c.<\/span><\/em><\/p>\n<p><span>V b\u0159eznu britsk\u00fd premi\u00e9r Rishi Sunak \u0159ekl, \u017ee rozpo\u010det na obranu b\u011bhem p\u0159\u00ed\u0161t\u00edch dvou let naroste o 5 miliard liber (6,2 miliardy dolar\u016f), p\u0159i\u010dem\u017e dal\u0161\u00ed prost\u0159edky budou ur\u010deny jak na dopln\u011bn\u00ed z\u00e1sob zbran\u00ed zas\u00edlan\u00fdch na Ukrajinu, tak na modernizaci jadern\u00e9ho arzen\u00e1lu.<\/span><\/p>\n<p><span>To p\u0159ich\u00e1z\u00ed uprost\u0159ed varov\u00e1n\u00ed, \u017ee Spojen\u00e9 kr\u00e1lovstv\u00ed by tento \u00fakol nezvl\u00e1dlo, kdyby muselo bojovat s t\u00e9m\u011b\u0159 rovnocenn\u00fdm protivn\u00edkem.\u00a0S\u00e1m Wallace v lednu prohl\u00e1sil, \u017ee arm\u00e1da je\u00a0<\/span><em><span>\u201evypr\u00e1zdn\u011bn\u00e1 a podfinancovan\u00e1\u201c.\u00a0<\/span><\/em><span>V \u00fanoru gener\u00e1l ve v\u00fdslu\u017eb\u011b Richard Barrons uvedl v op-ed pro The Sun, \u017ee Spojen\u00e9mu kr\u00e1lovstv\u00ed by v p\u0159\u00edpad\u011b velk\u00e9ho konfliktu mohla b\u011bhem n\u011bkolika hodin doj\u00edt munice.\u00a0Dodal, \u017ee britsk\u00e1 arm\u00e1da nem\u016f\u017ee b\u00fdt v sou\u010dasn\u00e9 dob\u011b pova\u017eov\u00e1na za s\u00edly NATO nejvy\u0161\u0161\u00ed \u00farovn\u011b.<\/span><\/p>\n<p><span>Uprost\u0159ed ukrajinsk\u00e9ho konfliktu mnoho z\u00e1padn\u00edch zem\u00ed, v\u010detn\u011b N\u011bmecka, Francie a Polska, zv\u00fd\u0161ilo sv\u00e9 vojensk\u00e9 rozpo\u010dty, p\u0159i\u010dem\u017e celkov\u00e9 vojensk\u00e9 v\u00fddaje v Evrop\u011b zaznamenaly podle Stockholmsk\u00e9ho mezin\u00e1rodn\u00edho m\u00edru nejstrm\u011bj\u0161\u00ed meziro\u010dn\u00ed n\u00e1r\u016fst za nejm\u00e9n\u011b 30 let.\u00a0<\/span><\/p>\n<p><img decoding=\"async\" loading=\"lazy\" class=\"alignnone size-full wp-image-1185\" src=\"http:\/\/www.infokuryr.cz\/n\/wp-content\/uploads\/2021\/04\/kuryr-podpis.png\" alt=\"\" width=\"84\" height=\"24\" \/><\/p>\n<p>&nbsp;<\/p>\n<p>&nbsp;<\/p>\n<p><img decoding=\"async\" loading=\"lazy\" class=\"wp-image-19187 aligncenter\" src=\"http:\/\/www.infokuryr.cz\/n\/wp-content\/uploads\/2022\/12\/1-PRO-300x36.jpg\" alt=\"\" width=\"1283\" height=\"154\" srcset=\"https:\/\/www.infokuryr.cz\/n\/wp-content\/uploads\/2022\/12\/1-PRO-300x36.jpg 300w, https:\/\/www.infokuryr.cz\/n\/wp-content\/uploads\/2022\/12\/1-PRO.jpg 699w\" sizes=\"(max-width: 1283px) 100vw, 1283px\" \/><\/p>\n<p>&nbsp;<\/p>\n<p>&nbsp;<\/p>\n","protected":false},"excerpt":{"rendered":"<p>Ministr obrany Ben Wallace se \u00fadajn\u011b chce dr\u017eet pl\u00e1n\u016f vypracovan\u00fdch p\u0159ed ukrajinsk\u00fdm konfliktem Britsk\u00fd ministr&#8230;<\/p>\n","protected":false},"author":2,"featured_media":27999,"comment_status":"closed","ping_status":"closed","sticky":false,"template":"","format":"standard","meta":[],"categories":[7],"tags":[80,2983,303,321],"_links":{"self":[{"href":"https:\/\/www.infokuryr.cz\/n\/wp-json\/wp\/v2\/posts\/27998"}],"collection":[{"href":"https:\/\/www.infokuryr.cz\/n\/wp-json\/wp\/v2\/posts"}],"about":[{"href":"https:\/\/www.infokuryr.cz\/n\/wp-json\/wp\/v2\/types\/post"}],"author":[{"embeddable":true,"href":"https:\/\/www.infokuryr.cz\/n\/wp-json\/wp\/v2\/users\/2"}],"replies":[{"embeddable":true,"href":"https:\/\/www.infokuryr.cz\/n\/wp-json\/wp\/v2\/comments?post=27998"}],"version-history":[{"count":1,"href":"https:\/\/www.infokuryr.cz\/n\/wp-json\/wp\/v2\/posts\/27998\/revisions"}],"predecessor-version":[{"id":28000,"href":"https:\/\/www.infokuryr.cz\/n\/wp-json\/wp\/v2\/posts\/27998\/revisions\/28000"}],"wp:featuredmedia":[{"embeddable":true,"href":"https:\/\/www.infokuryr.cz\/n\/wp-json\/wp\/v2\/media\/27999"}],"wp:attachment":[{"href":"https:\/\/www.infokuryr.cz\/n\/wp-json\/wp\/v2\/media?parent=27998"}],"wp:term":[{"taxonomy":"category","embeddable":true,"href":"https:\/\/www.infokuryr.cz\/n\/wp-json\/wp\/v2\/categories?post=27998"},{"taxonomy":"post_tag","embeddable":true,"href":"https:\/\/www.infokuryr.cz\/n\/wp-json\/wp\/v2\/tags?post=27998"}],"curies":[{"name":"wp","href":"https:\/\/api.w.org\/{rel}","templated":true}]}}