{"id":27976,"date":"2023-05-14T01:02:39","date_gmt":"2023-05-13T23:02:39","guid":{"rendered":"http:\/\/www.infokuryr.cz\/n\/?p=27976"},"modified":"2023-05-13T15:46:37","modified_gmt":"2023-05-13T13:46:37","slug":"ze-by-neskutecnemu-darebakovi-reporyjci-novotnemu-z-ods-priteli-fialy-a-generala-pavla-sklaplo-a-musel-do-vezeni","status":"publish","type":"post","link":"https:\/\/www.infokuryr.cz\/n\/2023\/05\/14\/ze-by-neskutecnemu-darebakovi-reporyjci-novotnemu-z-ods-priteli-fialy-a-generala-pavla-sklaplo-a-musel-do-vezeni\/","title":{"rendered":"\u017de by neskute\u010dn\u00e9mu dareb\u00e1kovi \u0158eporyjci Novotn\u00e9mu z ODS, p\u0159\u00edteli Fialy a gener\u00e1la Pavla sklaplo a musel do v\u011bzen\u00ed?"},"content":{"rendered":"<div id=\"fb-root\"><\/div>\n<div class=\"introtext\">\n<p>Posledn\u00ed dobou se st\u00e1le \u010dast\u011bji oh\u00e1n\u011bl, \u017ee je z p\u016flky \u017eidovsk\u00e9ho p\u016fvodu a proto na n\u011bj nikdo nem\u00e1 a m\u016f\u017ee ur\u00e1\u017eet, \u010di likvidovat, koho chce. A poslankyn\u011b:<\/p>\n<\/div>\n<div class=\"fulltext\">\n<h3 id=\":r5qu:\" class=\"x1heor9g x1qlqyl8 x1pd3egz x1a2a7pz x1gslohp x1yc453h\"><span class=\"xt0psk2\"><a class=\"x1i10hfl xjbqb8w x6umtig x1b1mbwd xaqea5y xav7gou x9f619 x1ypdohk xt0psk2 xe8uvvx xdj266r x11i5rnm xat24cr x1mh8g0r xexx8yu x4uap5 x18d9i69 xkhd6sd x16tdsg8 x1hl2dhg xggy1nq x1a2a7pz xt0b8zv xzsf02u x1s688f\" tabindex=\"0\" role=\"link\" href=\"https:\/\/www.facebook.com\/BerenikaPestovaPoslankyne?__cft__[0]=AZU_dYINq6Wf5Z6Da2y_EC5eofrWFQY-FMVsF2o9eyLqXRHaYavdET16hSRa-jdgoKexkLb4HklMo_PmNG_0L-ZKeiDB4xMk4fVeSM5YCiFsvVSyXksQ4ozHnHg7NlnG6js&amp;__tn__=-UC%2CP-R\"><strong>Berenika Pe\u0161tov\u00e1-poslankyn\u011b<\/strong><\/a><\/span><\/h3>\n<p>Ledy se hnuly? Toto bude test, v jak\u00e9m stavu je na\u0161e justice. Jak dlouh\u00e9 jsou pa\u0159\u00e1ty politik\u016f v justi\u010dn\u00edm prost\u0159ed\u00ed.<\/p>\n<p><strong>Zde je origin\u00e1l<\/strong><\/p>\n<p><img decoding=\"async\" class=\"aligncenter\" src=\"https:\/\/www.skrytapravda.cz\/images\/blogy\/2951\/2023\/5kveten\/bere_0b524.webp\" alt=\"bere 0b524\" \/><\/p>\n<p><strong><em>A co zaprd\u011bnej \u010dech\u00e1\u010dek? \u010ce\u0161i by pot\u0159ebovali v\u00e1lku. Vyhnat je v noci z bar\u00e1ku, zab\u00edt d\u00edt\u011b a zap\u00e1lit bar\u00e1k. Abyste pochopili, co to je v\u00e1lka,\u201c \u0159val nen\u00e1vistn\u011b Novotn\u00fd.\u201eVy se je\u0161t\u011b budete omlouvat Fialovi a Pavlovi. Kde jsou ty va\u0161e v\u00e1le\u010dn\u00fd rozkazy, vy mr*ky,\u201c k\u0159i\u010del starosta \u0158eporyj\u00ed.<\/em><\/strong><\/p>\n<p><a href=\"https:\/\/www.idnes.cz\/zpravy\/domaci\/pavel-novotny-video-urazky-trestni-oznameni-cizek-ods.A230308_152843_domaci_pitt\">ZDROJ<\/a><\/p>\n<\/div>\n<div class=\"fulltext\">\n<h2><strong>Kdo jsou ti, kte\u0159\u00ed zlo\u010dince a dareb\u00e1ky kryj\u00ed?<\/strong><\/h2>\n<h2><strong>Mus\u00ed poslouchat justice rozkazy gener\u00e1la a Fialy, nebo je nez\u00e1visl\u00e1?<\/strong><\/h2>\n<p><img decoding=\"async\" class=\"aligncenter\" src=\"https:\/\/www.skrytapravda.cz\/images\/blogy\/2951\/2023\/5kveten\/repu_pavek_9f18f.webp\" alt=\"repu pavek 9f18f\" \/><\/p>\n<p>A neskute\u010dn\u00e1 drzost politika z ODS, kter\u00fd se netaj\u00ed t\u00edm, \u017ee<strong>\u00a0vyhro\u017eovat vra\u017edou, zab\u00edjen\u00edm, vra\u017ed\u011bn\u00edm d\u011bt\u00ed a likvidac\u00ed \u017een ho bav\u00ed<\/strong>\u00a0(<em>viz i odkaz v\u00fd\u0161e<\/em>) a \u017ee m\u00e1 sv\u00e9 fanou\u0161ky\u00a0<em>(jako snad nacista Mengele<\/em>), a proto postavil pomn\u00edk i Vlasovc\u016fm? To je ta &#8222;z\u00e1padn\u00ed&#8220; demokracie?<\/p>\n<p><a href=\"https:\/\/www.skrytapravda.cz\/z-domova\/1223-ze-by-neskutecnemu-darebakovi-reporyjci-novotnemu-z-ods-priteli-fialy-a-generala-pavla-sklaplo-a-musel-do-vezeni\">Petr Pokorn\u00fd<\/a><\/p>\n<\/div>\n<p>&nbsp;<\/p>\n<p>&nbsp;<\/p>\n<p><img decoding=\"async\" loading=\"lazy\" class=\"wp-image-19187 aligncenter\" src=\"http:\/\/www.infokuryr.cz\/n\/wp-content\/uploads\/2022\/12\/1-PRO-300x36.jpg\" alt=\"\" width=\"1267\" height=\"152\" srcset=\"https:\/\/www.infokuryr.cz\/n\/wp-content\/uploads\/2022\/12\/1-PRO-300x36.jpg 300w, https:\/\/www.infokuryr.cz\/n\/wp-content\/uploads\/2022\/12\/1-PRO.jpg 699w\" sizes=\"(max-width: 1267px) 100vw, 1267px\" \/><\/p>\n<p>&nbsp;<\/p>\n<p>&nbsp;<\/p>\n","protected":false},"excerpt":{"rendered":"<p>Posledn\u00ed dobou se st\u00e1le \u010dast\u011bji oh\u00e1n\u011bl, \u017ee je z p\u016flky \u017eidovsk\u00e9ho p\u016fvodu a proto na&#8230;<\/p>\n","protected":false},"author":2,"featured_media":27977,"comment_status":"closed","ping_status":"closed","sticky":false,"template":"","format":"standard","meta":[],"categories":[6],"tags":[1497,4567,869,520],"_links":{"self":[{"href":"https:\/\/www.infokuryr.cz\/n\/wp-json\/wp\/v2\/posts\/27976"}],"collection":[{"href":"https:\/\/www.infokuryr.cz\/n\/wp-json\/wp\/v2\/posts"}],"about":[{"href":"https:\/\/www.infokuryr.cz\/n\/wp-json\/wp\/v2\/types\/post"}],"author":[{"embeddable":true,"href":"https:\/\/www.infokuryr.cz\/n\/wp-json\/wp\/v2\/users\/2"}],"replies":[{"embeddable":true,"href":"https:\/\/www.infokuryr.cz\/n\/wp-json\/wp\/v2\/comments?post=27976"}],"version-history":[{"count":1,"href":"https:\/\/www.infokuryr.cz\/n\/wp-json\/wp\/v2\/posts\/27976\/revisions"}],"predecessor-version":[{"id":27978,"href":"https:\/\/www.infokuryr.cz\/n\/wp-json\/wp\/v2\/posts\/27976\/revisions\/27978"}],"wp:featuredmedia":[{"embeddable":true,"href":"https:\/\/www.infokuryr.cz\/n\/wp-json\/wp\/v2\/media\/27977"}],"wp:attachment":[{"href":"https:\/\/www.infokuryr.cz\/n\/wp-json\/wp\/v2\/media?parent=27976"}],"wp:term":[{"taxonomy":"category","embeddable":true,"href":"https:\/\/www.infokuryr.cz\/n\/wp-json\/wp\/v2\/categories?post=27976"},{"taxonomy":"post_tag","embeddable":true,"href":"https:\/\/www.infokuryr.cz\/n\/wp-json\/wp\/v2\/tags?post=27976"}],"curies":[{"name":"wp","href":"https:\/\/api.w.org\/{rel}","templated":true}]}}