{"id":2794,"date":"2021-06-25T05:23:20","date_gmt":"2021-06-25T03:23:20","guid":{"rendered":"http:\/\/www.infokuryr.cz\/n\/?p=2794"},"modified":"2021-06-25T05:23:20","modified_gmt":"2021-06-25T03:23:20","slug":"rusko-se-vraci","status":"publish","type":"post","link":"https:\/\/www.infokuryr.cz\/n\/2021\/06\/25\/rusko-se-vraci\/","title":{"rendered":"Rusko se vrac\u00ed\u2026"},"content":{"rendered":"<div id=\"fb-root\"><\/div>\n<div class=\"perex\">Macron s Merkelovou volaj\u00ed po dialogu s Putinem. Ka\u017ed\u00fd m\u00e1 sv\u00e9 chyby a m\u00e1 je i odch\u00e1zej\u00edc\u00ed n\u011bmeck\u00e1 kancl\u00e9\u0159ka Angela Merkelov\u00e1 i mo\u017en\u00e1 u\u017e za rok odch\u00e1zej\u00edc\u00ed francouzsk\u00fd prezident Emmanuel Macron.<\/div>\n<div class=\"content\">\n<p>Ale je t\u0159eba jim p\u0159iznat, \u017ee sv\u00fdm glob\u00e1ln\u00edm my\u0161len\u00edm a zejm\u00e9na u Angely Merkelov\u00e9 i mezin\u00e1rodn\u00edm vlivem v\u00fdrazn\u011b p\u0159evy\u0161uj\u00ed \u00farove\u0148 sv\u00fdch evropsk\u00fdch koleg\u016f, a i kdy\u017e se n\u011bkdy seknou, jak nap\u0159\u00edklad v euforick\u00e9m v\u00edt\u00e1n\u00ed uprchl\u00edk\u016f ze S\u00fdrie, jsou schopni hledat cestu k n\u00e1prav\u011b, i kdy\u017e t\u0159eba nep\u0159iznaj\u00ed chybu, co\u017e v p\u0159\u00edpad\u011b dohody EU-Turecko a zadr\u017eov\u00e1n\u00ed migrant\u016f v celkov\u00e9m mno\u017estv\u00ed tu\u0161\u00edm 3,5 mili\u00f3n\u016f je t\u0159eba ocenit a rozhodn\u011b balk\u00e1nsk\u00e1 cesta t\u00edm byla do zna\u010dn\u00e9 m\u00edry vy\u0159e\u0161ena.<\/p>\n<p>V \u010dem jsou v\u00fdjime\u010dn\u00ed je, \u017ee nemaj\u00ed onen zastydl\u00fd komplex proti Rusku, proto\u017ee ch\u00e1pou, \u017ee USA jsou spojencem, ale Rusko je jedinou geopolitickou velmoc\u00ed Evropy a jej\u00edm sousedem.<\/p>\n<p>Mo\u017en\u00e1 stoj\u00ed za p\u0159ipomenut\u00ed, \u017ee sv\u00e9ho \u010dasu to byl francouzsk\u00fd prezident Jack Chirac a n\u011bmeck\u00fd kancl\u00e9\u0159 Gerhard Schr\u00f6der, kte\u0159\u00ed se rozhodn\u011b postavili proti v\u00e1lce v Ir\u00e1ku, zat\u00edmco my jsme se p\u0159ipojili podpisem tehdy kon\u010d\u00edc\u00edho prezidenta Havla (bez souhlasu vl\u00e1dy i Parlamentu) a byli jsme na \u010dele tzv. Koalice ochotn\u00fdch, kter\u00e1 tuto, nepochybn\u011b nez\u00e1konnou v\u00e1lku podpo\u0159ili. Nikdo Havla za to neodsoudil, by\u0165 \u00fadajn\u011b \u0160pidla, coby premi\u00e9r p\u0159em\u00fd\u0161lel, zda nepodat na Havla \u00fastavn\u00ed \u017ealobu. Ale stejn\u011b kon\u010dil.<\/p>\n<p>My\u0161lenka uspo\u0159\u00e1d\u00e1n\u00ed summitu EU-Rusko se vyl\u00edhla v hlav\u011b Angely Merkelov\u00e9, kter\u00e1 nepochybn\u011b u\u017e b\u011bhem sch\u016fzky NATO \u010di G7 vyjad\u0159ovala disentn\u00ed pohled na pot\u0159ebu vyhrotit postoje k Rusku i \u010c\u00edn\u011b a stejnou m\u011brou je t\u0159eba ocenit i Macrona.<\/p>\n<p>Biden ur\u010dit\u011b nen\u00ed m\u016fj \u0161\u00e1lek k\u00e1vy, ale sv\u00fdm setk\u00e1n\u00edm s Putinem, o kter\u00e9 kone\u010dn\u011b s\u00e1m po\u017e\u00e1dal, u\u010dinil pr\u016flom v mezin\u00e1rodn\u00edch vztaz\u00edch.<\/p>\n<p>To z\u00e1kladn\u00ed toti\u017e bylo konkludentn\u011b ujedn\u00e1no. Na rozd\u00edl od Gorba\u010dova, kter\u00fd doslova dychtil po to vyhov\u011bt Z\u00e1padu z d\u016fvod\u016f jak\u00e9si idee spole\u010dn\u00e9 Evropy od Lisabonu po Vladivostok ( a nesm\u011bjte se: I Thatcher rad\u011bji cht\u011bla za spojence Rusko ne\u017e spojen\u00e9 N\u011bmecko) , \u010di na rozd\u00edl od Jelcina, kter\u00fd v\u011bcem moc nerozum\u011bl a v\u011b\u0159il v moc svobodn\u00fdch tr\u017en\u00edch sil a d\u011blal v\u0161e, co mu USA radila, Putin m\u00e1 svou \u2026.dubovou hlavu (St\u016fj noho! posv\u00e1tn\u00e1 m\u00edsta jsou kamkoli kr\u00e1\u010d\u00ed\u0161,<br \/>\nk obloze, Tatry synu, vznes se, vyv\u00fd\u0161e pohled,<br \/>\nneb rad\u011bji k velik\u00e9mu p\u0159ichyl tomu tam se dubisku,<br \/>\nje\u017e vzdoruje zhoubn\u00fdm a\u017e dosav\u00e1de \u010das\u016fm.)<\/p>\n<p>A tak Putin neustoupil ani milimetr a t\u00edm pomohl upevnit stabilitu.<\/p>\n<p>Stru\u010dn\u011b \u0159e\u010deno: tak d\u011bsiv\u00fd p\u0159evrat, jako byl euromajdan si Z\u00e1pad u\u017e nedovol\u00ed, Navalnyj, kter\u00fd byl vysl\u00e1n jak agent Z\u00e1padu k rozvr\u00e1cen\u00ed Ruska, ale nesporn\u011b na z\u00e1klad\u011b vlastn\u00ed touhy, m\u00e1 sm\u016flu. S nejv\u011bt\u0161\u00ed pravd\u011bpodobnost\u00ed si odbyde sv\u016fj v\u00fdkon trestu odn\u011bt\u00ed svobody, a\u010dkoliv to jist\u011b nemuselo b\u00fdt, Nord Stream II nikdo nezastav\u00ed, a a\u010d to nikdo ne\u0159ekne, nikdo neroz\u0161\u00ed\u0159\u00ed NATO o Ukrajinu, Gruzii atd.<\/p>\n<p>Z\u0159ejm\u011b d\u00e1vno ji\u017e budou v\u0161ichni mimo funkci, ale Putin bude vl\u00e1dnout. Evropsk\u00e1 unie se bude z\u0159ejm\u011b d\u00e1l rozd\u00edrat ve sv\u00fdch \u017eabomy\u0161\u00edch ideologick\u00fdch v\u00e1lk\u00e1ch veden\u00fdch floskulemi typu lidsk\u00fdch pr\u00e1v \u010di demokracie, ne nepodobn\u00fdch fluskuli obrany k\u0159es\u0165ansk\u00e9 Evropy z doby V\u00edde\u0148sk\u00e9ho kongresu.<\/p>\n<p>Velk\u00e9 evropsk\u00e9 n\u00e1rody, tj. Francouzi i N\u011bmci, ale i Italov\u00e9 si jsou toho v\u011bdomy a v\u00ed, \u017ee Evropa bez Ruska je ni\u010d\u00edm. Ekonomicky je sice stagnuj\u00edc\u00edm, ale st\u00e1le mohutn\u00fdm sv\u011btov\u00fdm balvanem, geopoliticky, m\u011b\u0159eno mo\u017enost\u00ed zas\u00e1hnout a ovlivnit d\u011bje kolem sebe, tj. na Bl\u00edzk\u00e9m V\u00fdchodu, v S\u00fdrii, Libyi, Ir\u00e1ku \u010di v b\u00fdval\u00fdch zem\u00edch SSSR, na Ukrajin\u011b, Gruzii je s v\u00fdjimkou sv\u00fdch pen\u011bz slabou\u010dk\u00e1. A pen\u00edze m\u00e1 \u010dasto daleko v\u00edce \u010c\u00edna.<\/p>\n<p>Angela kon\u010d\u00ed a chce se rozlou\u010dit\u2026 \u017de s Putinem, Babi\u0161 nepochop\u00ed a Barto\u0161 u\u017e v\u016fbec ne. \u010ce\u0161i j\u00ed nemaj\u00ed r\u00e1di, ale z hlediska onoho imagin\u00e1rn\u00edho z\u00e1padn\u00edho ve\u0159ejn\u00e9ho m\u00edn\u011bn\u00ed je ch\u00e1p\u00e1na jako number 1. a hned za n\u00ed i ten Macron.<\/p>\n<p>Bol\u00ed m\u011b to, co \u0159\u00edk\u00e1m, ale z hlediska budoucnosti sv\u011bta i Evropy, je \u010cesko provinci\u00e1ln\u00ed zem\u011b. K t\u00e9 provincion\u00e1lnosti, k tomu, \u017ee mindr\u00e1ky sv\u00fdch volen\u00fdch politik\u016f jsme p\u0159evt\u011blili v re\u00e1lnou zahrani\u010dn\u00ed politiku zapo\u010dal i na\u0161\u00ed opozic\u00ed milovan\u00fd vzor V\u00e1clav Havel, kter\u00fd nepokl\u00e1dal Rusko za sou\u010d\u00e1st evropsk\u00e9ho a t\u00edm m\u00e9n\u011b ne z\u00e1padn\u00edho prostoru.<\/p>\n<p>Havel se po\u0159\u00e1dn\u011b seknul ve vysm\u00edv\u00e1n\u00ed \u201ekr\u00e1l\u00edk\u00e1ren\u201c a m\u016fj b\u00fdval\u00fd dru\u017estevn\u00ed byt je k m\u00e9mu \u00fa\u017easu lukrativn\u00ed n\u011bkolikamili\u00f3novou investic\u00ed (Samoz\u0159ejm\u011b neprod\u00e1v\u00e1m. Na rozd\u00edl od m\u00fdch rodi\u010d\u016f, kte\u0159\u00ed mi byt v hodnot\u011b p\u00e1r des\u00edtek tis\u00edc darovali, by si dnes na to m\u00e9 d\u011bti nebyly schopny vyd\u011blat).<\/p>\n<p>Ale hlavn\u011b, se seknul v odv\u00edjen\u00ed budoucnosti. A to je dob\u0159e.<\/p>\n<p>Zat\u00edmco podporoval humanit\u00e1rn\u00ed bombardov\u00e1n\u00ed Srbska, dnes v\u00edme, \u017ee to byl zlo\u010din a \u0159ekl to jin\u00fd prezident \u2013 Zeman, zat\u00edmco cht\u011bl vytla\u010dovat Rusko z Evropy, jej\u00ed\u017e d\u011bjiny Rusko spoluur\u010dovalo po n\u011bkolik stalet\u00ed, jak \u0159\u00edkaj\u00ed Francouzi petit\u00b4a petit, Rusko se vrac\u00ed.<\/p>\n<p>A Rusko si po\u010dk\u00e1. M\u00e1 skv\u011bl\u00e9ho partnera \u2013 \u0158\u00ed\u0161i St\u0159edu &#8211; \u010c\u00ednu, kter\u00e1 se nezapojuje do geopolitick\u00fdch st\u0159et\u016f s v\u00fdjimkou t\u011bch, kter\u00e9 se t\u00fdkaj\u00ed \u010c\u00edny samotn\u00e9, kde je naopak ostr\u00e1 jako b\u0159itva, viz reakce na usnesen\u00ed EU o Ujgurech a akc\u00edch na podporu Thajwanu, \u010di proti Hongkongu.<\/p>\n<p>Nejsem fakt ekonom, ale koronavirus m\u00e1 mimo jin\u00e9 d\u016fsledek v n\u00e1r\u016fstu spot\u0159eby ropy, ale i plynu. A sankce? No Rusko se stalo v jejich d\u016fsledku v\u00fdznamn\u00fdm producentem zem\u011bd\u011blsk\u00fdch v\u00fdrobk\u016f.<\/p>\n<p>\u0158ekl bych, \u017ee malost v\u011bt\u0161iny evropsk\u00fdch politik\u016f, samoz\u0159ejm\u011b v\u010detn\u011b nap\u0159\u00edklad Babi\u0161e asi neumo\u017en\u00ed uspo\u0159\u00e1dat summit EU-Rusko.<\/p>\n<p>P\u0159esto Angelce a Emmanuelovi bychom m\u011bli pod\u011bkovat za odvahu.<\/p>\n<p>Rusko se toti\u017e vrac\u00ed\u2026<\/p>\n<\/div>\n<p><a href=\"http:\/\/vasevec.parlamentnilisty.cz\/komentare\/rusko-se-vraci\">Ji\u0159\u00ed Vyvadil<\/a><\/p>\n<p>&nbsp;<\/p>\n","protected":false},"excerpt":{"rendered":"<p>Macron s Merkelovou volaj\u00ed po dialogu s Putinem. Ka\u017ed\u00fd m\u00e1 sv\u00e9 chyby a m\u00e1 je&#8230;<\/p>\n","protected":false},"author":2,"featured_media":672,"comment_status":"closed","ping_status":"closed","sticky":false,"template":"","format":"standard","meta":[],"categories":[6],"tags":[130,29,84,22],"_links":{"self":[{"href":"https:\/\/www.infokuryr.cz\/n\/wp-json\/wp\/v2\/posts\/2794"}],"collection":[{"href":"https:\/\/www.infokuryr.cz\/n\/wp-json\/wp\/v2\/posts"}],"about":[{"href":"https:\/\/www.infokuryr.cz\/n\/wp-json\/wp\/v2\/types\/post"}],"author":[{"embeddable":true,"href":"https:\/\/www.infokuryr.cz\/n\/wp-json\/wp\/v2\/users\/2"}],"replies":[{"embeddable":true,"href":"https:\/\/www.infokuryr.cz\/n\/wp-json\/wp\/v2\/comments?post=2794"}],"version-history":[{"count":0,"href":"https:\/\/www.infokuryr.cz\/n\/wp-json\/wp\/v2\/posts\/2794\/revisions"}],"wp:featuredmedia":[{"embeddable":true,"href":"https:\/\/www.infokuryr.cz\/n\/wp-json\/wp\/v2\/media\/672"}],"wp:attachment":[{"href":"https:\/\/www.infokuryr.cz\/n\/wp-json\/wp\/v2\/media?parent=2794"}],"wp:term":[{"taxonomy":"category","embeddable":true,"href":"https:\/\/www.infokuryr.cz\/n\/wp-json\/wp\/v2\/categories?post=2794"},{"taxonomy":"post_tag","embeddable":true,"href":"https:\/\/www.infokuryr.cz\/n\/wp-json\/wp\/v2\/tags?post=2794"}],"curies":[{"name":"wp","href":"https:\/\/api.w.org\/{rel}","templated":true}]}}