{"id":2792,"date":"2021-06-25T05:19:35","date_gmt":"2021-06-25T03:19:35","guid":{"rendered":"http:\/\/www.infokuryr.cz\/n\/?p=2792"},"modified":"2021-06-25T05:19:35","modified_gmt":"2021-06-25T03:19:35","slug":"nesmime-nikdy-zapomenout-na-to-ze-nemecko-chtelo-nas-narod-vyhubit-jako-podle-nich-soucast-podradne-rasy","status":"publish","type":"post","link":"https:\/\/www.infokuryr.cz\/n\/2021\/06\/25\/nesmime-nikdy-zapomenout-na-to-ze-nemecko-chtelo-nas-narod-vyhubit-jako-podle-nich-soucast-podradne-rasy\/","title":{"rendered":"Nesm\u00edme nikdy zapomenout na to, \u017ee N\u011bmecko cht\u011blo n\u00e1\u0161 n\u00e1rod vyhubit jako podle nich sou\u010d\u00e1st pod\u0159adn\u00e9 rasy"},"content":{"rendered":"<div id=\"fb-root\"><\/div>\n<p>Dnes si p\u0159ipom\u00edn\u00e1me vyp\u00e1len\u00ed a vyhlazen\u00ed Le\u017e\u00e1k\u016f n\u011bmeck\u00fdmi okupanty. Tato obec byla vyvra\u017ed\u011bna 14 dn\u00ed po Lidic\u00edch. Nesm\u00edme nikdy zapomenout na to, \u017ee N\u011bmecko cht\u011blo n\u00e1\u0161 n\u00e1rod vyhubit jako podle nich sou\u010d\u00e1st pod\u0159adn\u00e9 rasy, a kdybychom se nebr\u00e1nili, mohl jako Lidice a Le\u017e\u00e1ky dopadnout cel\u00fd n\u00e1\u0161 n\u00e1rod. N\u011bmci se v tomto p\u0159\u00edpad\u011b mstili za atent\u00e1t na Heydricha, kter\u00fd byl husarsk\u00fdm kouskem na\u0161eho odboje, ale dle pl\u00e1nu N\u011bmecka m\u011bl zaniknout cel\u00fd n\u00e1\u0161 n\u00e1rod. Nesm\u00edme zapomenout na ob\u011bti vlastenc\u016f, kte\u0159\u00ed polo\u017eili \u017eivot za svobodu a suverenitu na\u0161eho n\u00e1roda a v boji proti zr\u016fdn\u00e9mu nacistick\u00e9mu re\u017eimu, kter\u00fd vra\u017edil lidi jenom kv\u016fli odli\u0161n\u00e9mu rasov\u00e9mu p\u016fvodu \u010di jin\u00e9mu politick\u00e9mu n\u00e1zoru.<\/p>\n<p>I nyn\u00ed bohu\u017eel vid\u00edme v Evrop\u011b nen\u00e1vistnou isl\u00e1mskou ideologii, kter\u00e1 lidi ostatn\u00edch n\u00e1bo\u017eenstv\u00ed pova\u017euje za pod\u0159adn\u00e9 a dle n\u00ed\u017e tito lid\u00e9 mohou b\u00fdt vra\u017ed\u011bni a zotro\u010deni. I nyn\u00ed v Evrop\u011b vid\u00edme ofenzivu slun\u00ed\u010dk\u00e1\u0159sk\u00fdch neomarxist\u016f, kte\u0159\u00ed neuzn\u00e1vaj\u00ed v\u00fdsledky demokratick\u00fdch voleb a lidi s opa\u010dn\u00fdmi n\u00e1zory slovn\u011b a n\u011bkdy dokonce i fyzicky napadaj\u00ed. Nacist\u00e9 nejsou ti, kte\u0159\u00ed se cht\u011bj\u00ed br\u00e1nit proti nov\u00fdm totalitn\u00edm ideologi\u00edm, ale d\u011bdici nacismu jsou ti, kte\u0159\u00ed tyto ideologie prosazuj\u00ed. Ke krveprolit\u00ed nemus\u00ed b\u00fdt daleko. Vid\u011bli jsme to v Ukrajin\u011b na Majdanu. Vid\u00edme to v Americe. Vid\u00edme to v m\u011bstech z\u00e1padn\u00edch Evropy.<\/p>\n<p>Dne 24. \u010dervna 1942 \u010dasn\u011b odpoledne byly Le\u017e\u00e1ky obkl\u00ed\u010deny a obyvatel\u00e9 shrom\u00e1\u017ed\u011bni a p\u0159evezeni do Pardubic, kde bylo 33 dosp\u011bl\u00fdch pozd\u011b ve\u010der zast\u0159eleno. Jeden\u00e1ct d\u011bt\u00ed bylo odesl\u00e1no do plynov\u00fdch komor a jen dv\u011b d\u00e1ny na p\u0159ev\u00fdchovu do N\u011bmecka, odkud se po v\u00e1lce vr\u00e1tily.<\/p>\n<p>I v na\u0161\u00ed republice m\u00e1me lidi, kte\u0159\u00ed se hl\u00e1s\u00ed k n\u00e1siln\u00e9mu Majdanu \u010di k n\u00e1siln\u00fdm protest\u016fm v Americe. Le\u017e\u00e1ky i Lidice jsou mementem, \u017ee se mus\u00edme proti totalitn\u00edm tendenc\u00edm br\u00e1nit a jsou mementem toho, \u017ee mus\u00edme br\u00e1nit svou svobodu a suverenitu.<\/p>\n<p>K\u00e9\u017e by i dnes pro n\u00e1s v\u0161echny platilo to, co vzk\u00e1zali para\u0161utist\u00e9 \u00fa\u010dastn\u00edc\u00ed se atent\u00e1tu na Heydricha N\u011bmc\u016fm: \u201eJsme \u010ce\u0161i! Nikdy se nevzd\u00e1me, sly\u0161\u00edte? Nikdy!\u201c<\/p>\n<p>Radim Fiala, SPD<\/p>\n<p>&nbsp;<\/p>\n<p>&nbsp;<\/p>\n","protected":false},"excerpt":{"rendered":"<p>Dnes si p\u0159ipom\u00edn\u00e1me vyp\u00e1len\u00ed a vyhlazen\u00ed Le\u017e\u00e1k\u016f n\u011bmeck\u00fdmi okupanty. Tato obec byla vyvra\u017ed\u011bna 14 dn\u00ed&#8230;<\/p>\n","protected":false},"author":2,"featured_media":2793,"comment_status":"closed","ping_status":"closed","sticky":false,"template":"","format":"standard","meta":[],"categories":[6],"tags":[712,470,429,40],"_links":{"self":[{"href":"https:\/\/www.infokuryr.cz\/n\/wp-json\/wp\/v2\/posts\/2792"}],"collection":[{"href":"https:\/\/www.infokuryr.cz\/n\/wp-json\/wp\/v2\/posts"}],"about":[{"href":"https:\/\/www.infokuryr.cz\/n\/wp-json\/wp\/v2\/types\/post"}],"author":[{"embeddable":true,"href":"https:\/\/www.infokuryr.cz\/n\/wp-json\/wp\/v2\/users\/2"}],"replies":[{"embeddable":true,"href":"https:\/\/www.infokuryr.cz\/n\/wp-json\/wp\/v2\/comments?post=2792"}],"version-history":[{"count":0,"href":"https:\/\/www.infokuryr.cz\/n\/wp-json\/wp\/v2\/posts\/2792\/revisions"}],"wp:featuredmedia":[{"embeddable":true,"href":"https:\/\/www.infokuryr.cz\/n\/wp-json\/wp\/v2\/media\/2793"}],"wp:attachment":[{"href":"https:\/\/www.infokuryr.cz\/n\/wp-json\/wp\/v2\/media?parent=2792"}],"wp:term":[{"taxonomy":"category","embeddable":true,"href":"https:\/\/www.infokuryr.cz\/n\/wp-json\/wp\/v2\/categories?post=2792"},{"taxonomy":"post_tag","embeddable":true,"href":"https:\/\/www.infokuryr.cz\/n\/wp-json\/wp\/v2\/tags?post=2792"}],"curies":[{"name":"wp","href":"https:\/\/api.w.org\/{rel}","templated":true}]}}