{"id":27911,"date":"2023-05-13T01:00:55","date_gmt":"2023-05-12T23:00:55","guid":{"rendered":"http:\/\/www.infokuryr.cz\/n\/?p=27911"},"modified":"2023-05-12T12:29:23","modified_gmt":"2023-05-12T10:29:23","slug":"trump-se-hluboce-mylil-v-dulezite-veci-kterou-rekl-ve-studiu-cnn","status":"publish","type":"post","link":"https:\/\/www.infokuryr.cz\/n\/2023\/05\/13\/trump-se-hluboce-mylil-v-dulezite-veci-kterou-rekl-ve-studiu-cnn\/","title":{"rendered":"Trump se hluboce m\u00fdlil v d\u016fle\u017eit\u00e9 v\u011bci, kterou \u0159ekl ve studiu CNN"},"content":{"rendered":"<div id=\"fb-root\"><\/div>\n<div class=\"elementor-element elementor-element-1fb4c2c elementor-widget elementor-widget-theme-post-content\" data-id=\"1fb4c2c\" data-element_type=\"widget\" data-widget_type=\"theme-post-content.default\">\n<div class=\"elementor-widget-container\">\n<p><strong>Naprost\u00e1 v\u011bt\u0161ina toho, co \u0159ekl, odpov\u00eddala perspektiv\u011b \u201eAmerika na prvn\u00edm m\u00edst\u011b\u201c.\u00a0Ale byla tu jedna v\u011bc, kterou n\u011bkolikr\u00e1t zd\u016fraznil, kter\u00e1 byla prost\u011b \u0161patn\u00e1.<\/strong><\/p>\n<p><span>&#8222;Na\u0161i zemi ni\u010d\u00ed hloup\u00ed lid\u00e9, velmi hloup\u00ed lid\u00e9,&#8220; \u0159ekl Donald Trump b\u011bhem rozhovoru na CNN ve st\u0159edu ve\u010der.<\/span><\/p>\n<p><span>V re\u017eimu Bidena-Harrise jsou rozhodn\u011b hloup\u00ed lid\u00e9, v\u010detn\u011b a zejm\u00e9na dvou lid\u00ed, kte\u0159\u00ed jsou \u00fadajn\u011b na vrcholu potravinov\u00e9ho \u0159et\u011bzce B\u00edl\u00e9ho domu.\u00a0Ale mus\u00edme vid\u011bt nep\u0159\u00edtele velmi jasn\u011b.\u00a0Tento n\u00e1rod nezni\u010d\u00ed hloup\u00ed lid\u00e9.\u00a0Ni\u010d\u00ed ji extr\u00e9mn\u011b vychytral\u00ed, manipulativn\u00ed a mo\u017en\u00e1 i d\u00e9moni\u010dt\u00ed jedinci.<\/span><\/p>\n<p><span>Prohla\u0161ov\u00e1n\u00ed, \u017ee jsou hloup\u00ed, je vynikaj\u00edc\u00edm krmivem pro kampa\u0148, ale zleh\u010duje situaci, ve kter\u00e9 se nach\u00e1z\u00edme.\u00a0Kdy\u017e bojujeme s hloupost\u00ed, m\u016f\u017eeme ji porazit zdrav\u00fdm rozumem a \u0161\u00ed\u0159en\u00edm pravdy.\u00a0Bohu\u017eel skute\u010dn\u00ed protivn\u00edci vyu\u017e\u00edvaj\u00ed hloup\u00e9 lidi, jako jsou Joe Biden a Kamala Harris, aby prohloubili sv\u00e9 machinace, ale ti, kte\u0159\u00ed jsou u moci, jsou v\u0161echno, jen ne hloup\u00ed.<\/span><\/p>\n<p><span>I na\u010dasov\u00e1n\u00ed samotn\u00e9ho jedn\u00e1n\u00ed radnice je velmi chytr\u00fd tah mocn\u00fdch.\u00a0V\u011bd\u011bli, \u017ee dojde ke krvav\u00e9 l\u00e1zni.\u00a0V\u011bd\u011bli, \u017ee Caitlan Collinsov\u00e1 nen\u00ed na to, aby si zahr\u00e1la s Trumpem.\u00a0Sm\u00edch a v\u00fdsm\u011bch, kter\u00fd se na ni rozho\u0159el, se dal o\u010dek\u00e1vat.\u00a0CNN padla na me\u010d a z\u00edskala malou v\u00fdhodu n\u011bkolika dolar\u016f za reklamu nav\u00edc v\u00fdm\u011bnou za to, \u017ee budou vypadat h\u016f\u0159 ne\u017e obvykle.\u00a0Ale cht\u011blo to n\u011bco velk\u00e9ho, aby Patriots za\u010dali mluvit o n\u011b\u010dem jin\u00e9m ne\u017e o krizi na hranic\u00edch, a soud\u011b podle reakce soci\u00e1ln\u00edch s\u00edt\u00ed dnes r\u00e1no to fungovalo kr\u00e1sn\u011b.<\/span><\/p>\n<p><span>Trumpova v\u00edt\u011bzn\u00e1 radnice zv\u00edt\u011bzila nad zru\u0161en\u00edm hlavy 42 (\u00a0<\/span><em><span>zru\u0161en\u00ed hlavy 42 by znamenalo, \u017ee tito imigranti by m\u011bli op\u011bt pr\u00e1vo \u017e\u00e1dat o azyl v USA.<\/span><\/em><span>\u00a0) v prvn\u00edm zpravodajsk\u00e9m cyklu, p\u0159esn\u011b tak, jak bylo zam\u00fd\u0161leno.\u00a0U ka\u017ed\u00e9ho \u010dl\u00e1nku nebo videa, kter\u00e9 vid\u00edm na soci\u00e1ln\u00edch s\u00edt\u00edch o prob\u00edhaj\u00edc\u00ed invazi na hranice, vid\u00edm tucet nebo v\u00edce klip\u016f a \u010dl\u00e1nk\u016f o tom, jak Trump porazil Liby.<\/span><\/p>\n<p><span>Mus\u00edme uznat, \u017ee n\u00e1\u0161 protivn\u00edk je daleko chyt\u0159ej\u0161\u00ed ne\u017e ti dva nohsledi, kter\u00e9 prezentuj\u00ed sv\u011btu.\u00a0Joe Biden za nic nem\u016f\u017ee a Kamala Harris m\u00e1 na sv\u011bdom\u00ed je\u0161t\u011b m\u00e9n\u011b.\u00a0Nejsou to skute\u010dn\u00ed nep\u0159\u00e1tel\u00e9.\u00a0Jsou to nep\u0159\u00e1tel\u0161t\u00ed rud\u00ed sledi, kte\u0159\u00ed br\u00e1n\u00ed v\u011bt\u0161in\u011b Ameri\u010dan\u016f \u2013 zejm\u00e9na vlastenc\u016fm \u2013 v\u011bnovat pozornost \u0161patn\u00fdm v\u011bcem nebo nev\u011bnovat pozornost v\u016fbec.<\/span><\/p>\n<p><span>I kdy\u017e m\u011b v\u011bt\u0161ina reakc\u00ed Donalda Trumpa ve st\u0159edu ve\u010der bavila, mus\u00edm si post\u011b\u017eovat, \u017ee \u0159\u00edkal o Americe, \u017ee hloup\u00ed lid\u00e9 ni\u010d\u00ed tuto zemi. Na\u0161i skute\u010dn\u00ed nep\u0159\u00e1tel\u00e9 jsou brilantn\u00ed, a jakkoli m\u011b to bol\u00ed, kdy\u017e to \u0159\u00edk\u00e1m, je\u0161t\u011b v\u00edc m\u011b bol\u00ed, kdy\u017e sly\u0161\u00edm, \u017ee hrozby v\u016f\u010di t\u00e9to zemi jsou bagatelizov\u00e1ny jako neinteligentn\u00ed.<\/span><\/p>\n<p><span>Pokud bychom v\u011b\u0159ili, \u017ee je to naprost\u00e1 neschopnost, co n\u00e1s stahuje dol\u016f, pak bychom ke sv\u00fdm probl\u00e9m\u016fm p\u0159istupovali ur\u010dit\u00fdm zp\u016fsobem.\u00a0Ale pokud v\u00edme, \u017ee nejsou nekompetentn\u00ed, \u017ee ve skute\u010dnosti dosahuj\u00ed sv\u00fdch c\u00edl\u016f zni\u010dit ekonomiku, \u017eenou n\u00e1s k v\u00e1lce a prosazuj\u00ed post-pravdivou spole\u010dnost, pak budeme k probl\u00e9m\u016fm p\u0159istupovat \u00fapln\u011b jinak, ne\u017e kdy\u017e \u0159e\u0161\u00edme idioti.<\/span><\/p>\n<\/div>\n<\/div>\n<div class=\"elementor-element elementor-element-8c57238 quelle dc-has-condition dc-condition-empty elementor-widget elementor-widget-heading\" data-id=\"8c57238\" data-element_type=\"widget\" data-widget_type=\"heading.default\">\n<div class=\"elementor-widget-container\">\n<h3 class=\"elementor-heading-title elementor-size-default\"><span style=\"font-size: 8pt;\"><a href=\"https:\/\/jdrucker.substack.com\/p\/trump-was-very-wrong-about-one-important?utm_source=post-email-title&amp;publication_id=682517&amp;post_id=120792720&amp;isFreemail=true&amp;utm_medium=email\" target=\"_blank\" rel=\"nofollow noopener\">ZDROJ<\/a><\/span><\/h3>\n<\/div>\n<\/div>\n<p>&nbsp;<\/p>\n<p>&nbsp;<\/p>\n<p><img decoding=\"async\" loading=\"lazy\" class=\"wp-image-19187 aligncenter\" src=\"http:\/\/www.infokuryr.cz\/n\/wp-content\/uploads\/2022\/12\/1-PRO-300x36.jpg\" alt=\"\" width=\"1292\" height=\"155\" srcset=\"https:\/\/www.infokuryr.cz\/n\/wp-content\/uploads\/2022\/12\/1-PRO-300x36.jpg 300w, https:\/\/www.infokuryr.cz\/n\/wp-content\/uploads\/2022\/12\/1-PRO.jpg 699w\" sizes=\"(max-width: 1292px) 100vw, 1292px\" \/><\/p>\n<p>&nbsp;<\/p>\n<p>&nbsp;<\/p>\n","protected":false},"excerpt":{"rendered":"<p>Naprost\u00e1 v\u011bt\u0161ina toho, co \u0159ekl, odpov\u00eddala perspektiv\u011b \u201eAmerika na prvn\u00edm m\u00edst\u011b\u201c.\u00a0Ale byla tu jedna v\u011bc,&#8230;<\/p>\n","protected":false},"author":2,"featured_media":27912,"comment_status":"closed","ping_status":"closed","sticky":false,"template":"","format":"standard","meta":[],"categories":[7],"tags":[667,1352,1052],"_links":{"self":[{"href":"https:\/\/www.infokuryr.cz\/n\/wp-json\/wp\/v2\/posts\/27911"}],"collection":[{"href":"https:\/\/www.infokuryr.cz\/n\/wp-json\/wp\/v2\/posts"}],"about":[{"href":"https:\/\/www.infokuryr.cz\/n\/wp-json\/wp\/v2\/types\/post"}],"author":[{"embeddable":true,"href":"https:\/\/www.infokuryr.cz\/n\/wp-json\/wp\/v2\/users\/2"}],"replies":[{"embeddable":true,"href":"https:\/\/www.infokuryr.cz\/n\/wp-json\/wp\/v2\/comments?post=27911"}],"version-history":[{"count":1,"href":"https:\/\/www.infokuryr.cz\/n\/wp-json\/wp\/v2\/posts\/27911\/revisions"}],"predecessor-version":[{"id":27913,"href":"https:\/\/www.infokuryr.cz\/n\/wp-json\/wp\/v2\/posts\/27911\/revisions\/27913"}],"wp:featuredmedia":[{"embeddable":true,"href":"https:\/\/www.infokuryr.cz\/n\/wp-json\/wp\/v2\/media\/27912"}],"wp:attachment":[{"href":"https:\/\/www.infokuryr.cz\/n\/wp-json\/wp\/v2\/media?parent=27911"}],"wp:term":[{"taxonomy":"category","embeddable":true,"href":"https:\/\/www.infokuryr.cz\/n\/wp-json\/wp\/v2\/categories?post=27911"},{"taxonomy":"post_tag","embeddable":true,"href":"https:\/\/www.infokuryr.cz\/n\/wp-json\/wp\/v2\/tags?post=27911"}],"curies":[{"name":"wp","href":"https:\/\/api.w.org\/{rel}","templated":true}]}}