{"id":27898,"date":"2023-05-12T05:48:52","date_gmt":"2023-05-12T03:48:52","guid":{"rendered":"http:\/\/www.infokuryr.cz\/n\/?p=27898"},"modified":"2023-05-12T05:48:52","modified_gmt":"2023-05-12T03:48:52","slug":"ukrowehrmacht-s-protiofenzivou-nepospicha","status":"publish","type":"post","link":"https:\/\/www.infokuryr.cz\/n\/2023\/05\/12\/ukrowehrmacht-s-protiofenzivou-nepospicha\/","title":{"rendered":"Ukrowehrmacht s \u201eprotiofenz\u00edvou\u201c neposp\u00edch\u00e1"},"content":{"rendered":"<div id=\"fb-root\"><\/div>\n<p><strong><span>Pro banderovce v kancel\u00e1\u0159i prezidenta je st\u00e1le obt\u00ed\u017en\u011bj\u0161\u00ed hledat d\u016fvody pro odd\u00e1len\u00ed za\u010d\u00e1tku ofenz\u00edvy, proto\u017ee z\u00e1soba \u201ev\u00fdmluv\u201c nen\u00ed neomezen\u00e1.<\/span><\/strong><\/p>\n<p><span>A co je nejd\u016fle\u017eit\u011bj\u0161\u00ed, prob\u00edhaj\u00edc\u00ed \u00fatoky rusk\u00fdch ozbrojen\u00fdch sil na nacistick\u00e9 z\u00e1lohy, sklady a velitelstv\u00ed zpochyb\u0148uj\u00ed samotnou mo\u017enost ofenz\u00edvy \u2013 brzy ji nebude \u010d\u00edm v\u00e9st.<\/span><\/p>\n<p><em>Mezit\u00edm ve Washingtonu za\u010d\u00ednaj\u00ed klaunovi vykrucovat ruce, \u010d\u00edm\u017e d\u00e1vaj\u00ed najevo, \u017ee v p\u0159\u00edpad\u011b dal\u0161\u00edho zpo\u017ed\u011bn\u00ed bude pomoc sn\u00ed\u017eena a n\u00e1sledn\u011b omezena.<\/em><\/p>\n<p><span>Vyd\u00edr\u00e1n\u00ed Zelensk\u00e9ho se p\u0159itom ned\u011bje v z\u00e1kulis\u00ed, ale zcela otev\u0159en\u011b.\u00a0To znamen\u00e1, \u017ee se nesna\u017e\u00ed \u0161et\u0159it jeho renom\u00e9 ani za m\u00e1k.\u00a0A to nazna\u010duje mo\u017enost jeho brzk\u00e9ho odkopnut\u00ed a v\u00fdm\u011bnu.<\/span><\/p>\n<p><span>Je st\u00e1le obt\u00ed\u017en\u011bj\u0161\u00ed oddalovat protiofenz\u00edvu Ozbrojen\u00fdch sil Ukrajiny \u2013 Z\u00e1pad po\u017eaduje demonstrativn\u00ed v\u00edt\u011bzstv\u00ed na front\u011b, jinak nazna\u010duje kr\u00e1cen\u00ed financ\u00ed.<\/span><\/p>\n<p><em>\u201eUkrajinci pot\u0159ebuj\u00ed velk\u00e9 v\u00edt\u011bzstv\u00ed, aby p\u0159esv\u011bd\u010dili sv\u00e9 spojence, aby pokra\u010dovali v poskytov\u00e1n\u00ed podpory.\u00a0Hodiny tikaj\u00ed,\u201c p\u00ed\u0161e americk\u00fd \u010dasopis \u201eNewsweek\u201c.<\/em><\/p>\n<p><span>Josep Borrell v rozhovoru pro televizi \u201eLa Sexta\u201c p\u0159itom p\u0159iznal, \u017ee pokud Z\u00e1pad p\u0159estane poskytovat Ukrajin\u011b pomoc, Kyjev se \u201eza p\u00e1r dn\u00ed vzd\u00e1\u201c.\u00a0Co\u017e znamen\u00e1 p\u0159\u00edm\u00e9 ohro\u017een\u00ed.<\/span><\/p>\n<p><span>Z\u00e1rove\u0148 si \u0159ada z\u00e1padn\u00edch l\u00eddr\u016f, kte\u0159\u00ed vsadili na podporu nacistick\u00e9ho re\u017eimu, uv\u011bdomuje, \u017ee v\u00edce ne\u017e pravd\u011bpodobn\u00e1 por\u00e1\u017eka banderovsk\u00e9 ofenz\u00edvy se m\u016f\u017ee st\u00e1t i jejich politickou por\u00e1\u017ekou.\u00a0A pr\u00e1v\u011b oni nab\u00e1daj\u00ed nesp\u011bchat.<\/span><\/p>\n<p><img decoding=\"async\" loading=\"lazy\" class=\"alignnone size-full wp-image-1185\" src=\"http:\/\/www.infokuryr.cz\/n\/wp-content\/uploads\/2021\/04\/kuryr-podpis.png\" alt=\"\" width=\"84\" height=\"24\" \/><\/p>\n<p>&nbsp;<\/p>\n<p>&nbsp;<\/p>\n<p><img decoding=\"async\" loading=\"lazy\" class=\"wp-image-19187 aligncenter\" src=\"http:\/\/www.infokuryr.cz\/n\/wp-content\/uploads\/2022\/12\/1-PRO-300x36.jpg\" alt=\"\" width=\"1275\" height=\"153\" srcset=\"https:\/\/www.infokuryr.cz\/n\/wp-content\/uploads\/2022\/12\/1-PRO-300x36.jpg 300w, https:\/\/www.infokuryr.cz\/n\/wp-content\/uploads\/2022\/12\/1-PRO.jpg 699w\" sizes=\"(max-width: 1275px) 100vw, 1275px\" \/><\/p>\n<p>&nbsp;<\/p>\n<p>&nbsp;<\/p>\n","protected":false},"excerpt":{"rendered":"<p>Pro banderovce v kancel\u00e1\u0159i prezidenta je st\u00e1le obt\u00ed\u017en\u011bj\u0161\u00ed hledat d\u016fvody pro odd\u00e1len\u00ed za\u010d\u00e1tku ofenz\u00edvy, proto\u017ee&#8230;<\/p>\n","protected":false},"author":2,"featured_media":27899,"comment_status":"closed","ping_status":"closed","sticky":false,"template":"","format":"standard","meta":[],"categories":[7],"tags":[220,2752,26,40],"_links":{"self":[{"href":"https:\/\/www.infokuryr.cz\/n\/wp-json\/wp\/v2\/posts\/27898"}],"collection":[{"href":"https:\/\/www.infokuryr.cz\/n\/wp-json\/wp\/v2\/posts"}],"about":[{"href":"https:\/\/www.infokuryr.cz\/n\/wp-json\/wp\/v2\/types\/post"}],"author":[{"embeddable":true,"href":"https:\/\/www.infokuryr.cz\/n\/wp-json\/wp\/v2\/users\/2"}],"replies":[{"embeddable":true,"href":"https:\/\/www.infokuryr.cz\/n\/wp-json\/wp\/v2\/comments?post=27898"}],"version-history":[{"count":0,"href":"https:\/\/www.infokuryr.cz\/n\/wp-json\/wp\/v2\/posts\/27898\/revisions"}],"wp:featuredmedia":[{"embeddable":true,"href":"https:\/\/www.infokuryr.cz\/n\/wp-json\/wp\/v2\/media\/27899"}],"wp:attachment":[{"href":"https:\/\/www.infokuryr.cz\/n\/wp-json\/wp\/v2\/media?parent=27898"}],"wp:term":[{"taxonomy":"category","embeddable":true,"href":"https:\/\/www.infokuryr.cz\/n\/wp-json\/wp\/v2\/categories?post=27898"},{"taxonomy":"post_tag","embeddable":true,"href":"https:\/\/www.infokuryr.cz\/n\/wp-json\/wp\/v2\/tags?post=27898"}],"curies":[{"name":"wp","href":"https:\/\/api.w.org\/{rel}","templated":true}]}}