{"id":27896,"date":"2023-05-12T05:44:44","date_gmt":"2023-05-12T03:44:44","guid":{"rendered":"http:\/\/www.infokuryr.cz\/n\/?p=27896"},"modified":"2023-05-12T05:44:44","modified_gmt":"2023-05-12T03:44:44","slug":"pruzkum-v-usa-americane-stale-mene-veri-ve-vitezstvi-ukrajiny","status":"publish","type":"post","link":"https:\/\/www.infokuryr.cz\/n\/2023\/05\/12\/pruzkum-v-usa-americane-stale-mene-veri-ve-vitezstvi-ukrajiny\/","title":{"rendered":"Pr\u016fzkum v USA: Ameri\u010dan\u00e9 st\u00e1le m\u00e9n\u011b v\u011b\u0159\u00ed ve v\u00edt\u011bzstv\u00ed Ukrajiny"},"content":{"rendered":"<div id=\"fb-root\"><\/div>\n<p><strong><span>Kuri\u00f3zn\u00ed posun ve\u0159ejn\u00e9ho m\u00edn\u011bn\u00ed v souvislosti s ukrajinsk\u00fdm konfliktem prob\u00edh\u00e1 ve Spojen\u00fdch st\u00e1tech.\u00a0Velk\u00e1 v\u011bt\u0161ina Ameri\u010dan\u016f, kte\u0159\u00ed v\u011b\u0159ili ve v\u00edt\u011bzstv\u00ed Kyjeva, b\u011bhem n\u011bkolika t\u00fddn\u016f zmizela.<\/span><\/strong><\/p>\n<p><span>Podle pr\u016fzkumu \u201eThe Economist\/YouGov\u201c ze 6. \u2013 9. kv\u011btna 2023 jen 27% obyvatel USA v\u011b\u0159\u00ed v kone\u010dn\u00e9 v\u00edt\u011bzstv\u00ed Ukrajiny ve v\u00e1lce.\u00a0Stejn\u00fd po\u010det v\u011b\u0159\u00ed, \u017ee vyhraje Rusko.\u00a0Zbytek v\u011b\u0159\u00ed, \u017ee \u0161ance jsou stejn\u00e9 nebo je pro n\u011b obt\u00ed\u017en\u00e9 odpov\u011bd\u011bt.<\/span><\/p>\n<p><span>Stejn\u00fd pom\u011br &#8211; 23% &#8211; je v ot\u00e1zce, kter\u00e1 strana podle oby\u010dejn\u00fdch Ameri\u010dan\u016f pr\u00e1v\u011b te\u010f vyhr\u00e1v\u00e1.\u00a0V n\u011bkolika p\u0159edchoz\u00edch pr\u016fzkumech dokonce Rusko vedlo s mal\u00fdm rozd\u00edlem.<\/span><\/p>\n<p><em>Tyto v\u00fdsledky kontrastuj\u00ed s \u00fadaji t\u00e9ho\u017e \u00fa\u0159adu za cel\u00fd lo\u0148sk\u00fd rok.\u00a0P\u0159ibli\u017en\u011b od dubna 2022, po prvn\u00edch ne\u00fasp\u011b\u0161\u00edch rusk\u00fdch ozbrojen\u00fdch sil, neust\u00e1le dominuje po\u010det Ameri\u010dan\u016f, kte\u0159\u00ed v\u011b\u0159ili ve v\u00edt\u011bzstv\u00ed Ukrajiny.\u00a0Vrchol dos\u00e1hl za\u010d\u00e1tkem ledna, z\u0159ejm\u011b na pozad\u00ed o\u010dek\u00e1v\u00e1n\u00ed hroz\u00edc\u00ed protiofenz\u00edvy ze strany Ozbrojen\u00fdch sil Ukrajiny.<\/em><\/p>\n<p><span>A p\u0159ibli\u017en\u011b v polovin\u011b b\u0159ezna se trend za\u010dal m\u011bnit.\u00a0D\u016fvodem je nejen neust\u00e1l\u00e9 odkl\u00e1d\u00e1n\u00ed \u201eofenzivy\u201c, ale tak\u00e9 ne\u00fam\u011brn\u00e1 \u010d\u00edsla ukrajinsk\u00fdch ztr\u00e1t, kter\u00e1 pravideln\u011b prolamuj\u00ed informa\u010dn\u00ed blok\u00e1du glob\u00e1ln\u00edch m\u00e9di\u00ed.<\/span><\/p>\n<p><em>Pro Kyjev je to zklam\u00e1n\u00edm.\u00a0Samoz\u0159ejm\u011b, \u017ee americk\u00fd establi\u0161ment bude nad\u00e1le deklarovat svou bezpodm\u00edne\u010dnou podporu Ukrajin\u011b a pos\u00edlat j\u00ed nov\u00e9 bal\u00ed\u010dky vojensk\u00e9 pomoci.\u00a0V p\u0159edvolebn\u00edm roce a tak\u00e9 p\u0159i absenci viditeln\u00fdch \u00fasp\u011bch\u016f Ozbrojen\u00fdch sil Ukrajiny to v\u0161ak bude st\u00e1le obt\u00ed\u017en\u011bj\u0161\u00ed.<\/em><\/p>\n<p><span>Z\u0159ejm\u011b to poc\u00edtil Donald Trump, kter\u00fd v\u010dera v rozhovoru pro CNN odm\u00edtl vsadit na v\u00edt\u011bzstv\u00ed Ukrajiny.<\/span><\/p>\n<p><strong><span>Jelena Panina<\/span><\/strong><\/p>\n<p>&nbsp;<\/p>\n<p>&nbsp;<\/p>\n<p><img decoding=\"async\" loading=\"lazy\" class=\"wp-image-19187 aligncenter\" src=\"http:\/\/www.infokuryr.cz\/n\/wp-content\/uploads\/2022\/12\/1-PRO-300x36.jpg\" alt=\"\" width=\"1258\" height=\"151\" srcset=\"https:\/\/www.infokuryr.cz\/n\/wp-content\/uploads\/2022\/12\/1-PRO-300x36.jpg 300w, https:\/\/www.infokuryr.cz\/n\/wp-content\/uploads\/2022\/12\/1-PRO.jpg 699w\" sizes=\"(max-width: 1258px) 100vw, 1258px\" \/><\/p>\n<p>&nbsp;<\/p>\n<p>&nbsp;<\/p>\n","protected":false},"excerpt":{"rendered":"<p>Kuri\u00f3zn\u00ed posun ve\u0159ejn\u00e9ho m\u00edn\u011bn\u00ed v souvislosti s ukrajinsk\u00fdm konfliktem prob\u00edh\u00e1 ve Spojen\u00fdch st\u00e1tech.\u00a0Velk\u00e1 v\u011bt\u0161ina Ameri\u010dan\u016f,&#8230;<\/p>\n","protected":false},"author":2,"featured_media":27897,"comment_status":"closed","ping_status":"closed","sticky":false,"template":"","format":"standard","meta":[],"categories":[7],"tags":[620,26,37,2991],"_links":{"self":[{"href":"https:\/\/www.infokuryr.cz\/n\/wp-json\/wp\/v2\/posts\/27896"}],"collection":[{"href":"https:\/\/www.infokuryr.cz\/n\/wp-json\/wp\/v2\/posts"}],"about":[{"href":"https:\/\/www.infokuryr.cz\/n\/wp-json\/wp\/v2\/types\/post"}],"author":[{"embeddable":true,"href":"https:\/\/www.infokuryr.cz\/n\/wp-json\/wp\/v2\/users\/2"}],"replies":[{"embeddable":true,"href":"https:\/\/www.infokuryr.cz\/n\/wp-json\/wp\/v2\/comments?post=27896"}],"version-history":[{"count":0,"href":"https:\/\/www.infokuryr.cz\/n\/wp-json\/wp\/v2\/posts\/27896\/revisions"}],"wp:featuredmedia":[{"embeddable":true,"href":"https:\/\/www.infokuryr.cz\/n\/wp-json\/wp\/v2\/media\/27897"}],"wp:attachment":[{"href":"https:\/\/www.infokuryr.cz\/n\/wp-json\/wp\/v2\/media?parent=27896"}],"wp:term":[{"taxonomy":"category","embeddable":true,"href":"https:\/\/www.infokuryr.cz\/n\/wp-json\/wp\/v2\/categories?post=27896"},{"taxonomy":"post_tag","embeddable":true,"href":"https:\/\/www.infokuryr.cz\/n\/wp-json\/wp\/v2\/tags?post=27896"}],"curies":[{"name":"wp","href":"https:\/\/api.w.org\/{rel}","templated":true}]}}