{"id":27877,"date":"2023-05-12T01:14:24","date_gmt":"2023-05-11T23:14:24","guid":{"rendered":"http:\/\/www.infokuryr.cz\/n\/?p=27877"},"modified":"2023-05-11T18:39:00","modified_gmt":"2023-05-11T16:39:00","slug":"usa-by-mely-byt-na-lavici-obzalovanych-za-poruseni-mezinarodnich-pravidel","status":"publish","type":"post","link":"https:\/\/www.infokuryr.cz\/n\/2023\/05\/12\/usa-by-mely-byt-na-lavici-obzalovanych-za-poruseni-mezinarodnich-pravidel\/","title":{"rendered":"USA \u201eby m\u011bly b\u00fdt na lavici ob\u017ealovan\u00fdch\u201c za poru\u0161en\u00ed mezin\u00e1rodn\u00edch pravidel"},"content":{"rendered":"<div id=\"fb-root\"><\/div>\n<p><span style=\"font-size: 18pt;\"><strong>Washington \u201enen\u00ed v pozici, aby mohl ukazovat prstem\u201c na Peking, tvrdil \u00fa\u0159edn\u00edk ministerstva zahrani\u010d\u00ed Wang Wenbin<\/strong><\/span><\/p>\n<p><span>Mluv\u010d\u00ed \u010d\u00ednsk\u00e9ho ministerstva zahrani\u010d\u00ed Wang Wenbin prohl\u00e1sil, \u017ee USA bezosty\u0161n\u011b poru\u0161ily mezin\u00e1rodn\u00ed pr\u00e1vo, kdy\u017e sv\u011btu vnucovaly sv\u00e1 vlastn\u00ed pravidla silou.\u00a0Koment\u00e1\u0159e n\u00e1sledovaly po zpr\u00e1v\u00e1ch, \u017ee Washington a jeho spojenci pl\u00e1nuj\u00ed vyu\u017e\u00edt nadch\u00e1zej\u00edc\u00ed summit G7 k po\u017eadavku, aby \u010c\u00edna<strong>\u00a0<\/strong><\/span><em><span><strong>\u201ejednala zodpov\u011bdn\u011b\u201c<\/strong>.<\/span><\/em><\/p>\n<p><span>B\u011bhem Wangova pravideln\u00e9ho tiskov\u00e9ho br\u00edfinku ve \u010dtvrtek novin\u00e1\u0159 z China&#8217;s Global Times zm\u00ednil spekulace, \u017ee l\u00edd\u0159i G7 po\u017e\u00e1daj\u00ed Peking, aby\u00a0\u00a0<\/span><strong><em>\u201edodr\u017eoval mezin\u00e1rodn\u00ed pravidla\u201c<\/em><\/strong><span>\u00a0, a\u017e se koncem tohoto m\u011bs\u00edce sejdou v Japonsku.\u00a0<\/span><\/p>\n<p><span>Wang vydal dlouhou odpov\u011b\u010f a za\u010dal tvrzen\u00edm, \u017ee<strong>\u00a0<\/strong><\/span><strong><em>\u201epro drtivou v\u011bt\u0161inu zem\u00ed sv\u011bta\u201c<\/em>\u00a0pojem\u00a0<em>\u201emezin\u00e1rodn\u00ed pravidla\u201c<\/em><\/strong><span><strong>\u00a0<\/strong>znamen\u00e1 z\u00e1kladn\u00ed standardy vztah\u016f zakotven\u00e9 v Chart\u011b OSN.<\/span><\/p>\n<p><strong><em>\u201eKdy\u017e v\u0161ak G7 mluv\u00ed o mezin\u00e1rodn\u00edch pravidlech, mysl\u00ed t\u00edm z\u00e1padn\u00ed pravidla,\u201c<\/em>\u00a0pokra\u010doval.\u00a0<em>&#8222;Tato pravidla slou\u017e\u00ed sp\u00ed\u0161e osobn\u00edmu z\u00e1jmu velmi m\u00e1lo zem\u00ed, v\u010detn\u011b G7, ne\u017e spole\u010dn\u00fdm z\u00e1jm\u016fm mezin\u00e1rodn\u00edho spole\u010denstv\u00ed.&#8220;<\/em><\/strong><\/p>\n<p><span>Zat\u00edmco USA \u017e\u00e1daj\u00ed \u010c\u00ednu, aby se \u0159\u00eddila t\u011bmito pravidly, odstoupily od 17 mezin\u00e1rodn\u00edch organizac\u00ed a smluv,<strong>\u00a0<\/strong><\/span><strong><em>\u201enerozli\u0161ovan\u011b \u0161pehovaly\u201c<\/em><\/strong><span>\u00a0sv\u00e9 spojence i nep\u0159\u00e1tele,\u00a0<\/span><em><span>\u201e<strong>vyzbrojily diplomaticky siln\u00e9 zem\u011b a aplikovaly ekonomick\u00fd n\u00e1tlak a vojensk\u00e9 vm\u011b\u0161ov\u00e1n\u00ed,\u201c<\/strong><\/span><\/em><span>\u00a0tvrdil Wang .\u00a0.<\/span><\/p>\n<p><strong><em>&#8222;Spojen\u00e9 st\u00e1ty nehor\u00e1zn\u011b napadly Afgh\u00e1nist\u00e1n, Ir\u00e1k a S\u00fdrii a dal\u0161\u00ed zem\u011b, kter\u00e9 jsou men\u0161\u00ed a slab\u0161\u00ed ne\u017e USA, zabily a vys\u00eddlily des\u00edtky milion\u016f nevinn\u00fdch civilist\u016f,&#8220; dodal \u00fa\u0159edn\u00edk<\/em>\u00a0.\u00a0<em>\u201ePokud jde o mezin\u00e1rodn\u00ed pravidla, m\u00edsto USA je v doku.\u00a0Nen\u00ed v \u017e\u00e1dn\u00e9 pozici ukazovat prstem na jin\u00e9 zem\u011b.&#8220;<\/em><\/strong><\/p>\n<p><span>Nen\u00ed jasn\u00e9, kterou zpr\u00e1vu m\u011bl novin\u00e1\u0159 Global Times na mysli.\u00a0Japonsk\u00e9 noviny Nikkei v\u0161ak minul\u00fd t\u00fdden informovaly, \u017ee spole\u010dn\u00e9 komunik\u00e9 G7 \u2013 obvykle zve\u0159ej\u0148ovan\u00e9 po summitech \u2013 bude obsahovat celou sekci vyz\u00fdvaj\u00edc\u00ed \u010c\u00ednu, aby\u00a0<\/span><strong><em>\u201ejednala zodpov\u011bdn\u011b\u201c<\/em><\/strong><span>\u00a0, pokud jde o jej\u00ed n\u00e1rok na Tchaj-wan a jej\u00ed vztah s Ruskem.<\/span><\/p>\n<p><span>Jazyk komunik\u00e9 bude pravd\u011bpodobn\u011b odr\u00e1\u017eet spole\u010dn\u00e9 prohl\u00e1\u0161en\u00ed ministr\u016f zahrani\u010d\u00ed G7 vydan\u00e9 minul\u00fd m\u011bs\u00edc.\u00a0V tomto prohl\u00e1\u0161en\u00ed minist\u0159i obvinili Peking z poru\u0161ov\u00e1n\u00ed lidsk\u00fdch pr\u00e1v v Sin-\u0165iangu a Tibetu, odsoudili jeho n\u00e1roky v Jiho\u010d\u00ednsk\u00e9m mo\u0159i a po\u017eadovali, aby jednal\u00a0<\/span><em><span><strong>\u201ejako odpov\u011bdn\u00fd \u010dlen mezin\u00e1rodn\u00edho spole\u010denstv\u00ed\u201c<\/strong>.<\/span><\/em><\/p>\n<p><span>\u010c\u00edn\u0161t\u00ed p\u0159edstavitel\u00e9 takov\u00e9 zpr\u00e1vy ze Z\u00e1padu opakovan\u011b odm\u00edtli a Wang ji\u017e d\u0159\u00edve\u00a0<\/span><span>prohl\u00e1sil<\/span><span>\u00a0, \u017ee Peking nebude naslouchat obvin\u011bn\u00edm ze zem\u011b, kter\u00e1 se dopou\u0161t\u00ed<strong>\u00a0<\/strong><\/span><strong><em>\u201ev\u00e1le\u010dn\u00fdch zlo\u010din\u016f a zlo\u010din\u016f proti lidskosti\u201c.<\/em><\/strong><\/p>\n<p><img decoding=\"async\" loading=\"lazy\" class=\"alignnone size-full wp-image-1185\" src=\"http:\/\/www.infokuryr.cz\/n\/wp-content\/uploads\/2021\/04\/kuryr-podpis.png\" alt=\"\" width=\"84\" height=\"24\" \/><\/p>\n<p>&nbsp;<\/p>\n<p><img decoding=\"async\" loading=\"lazy\" class=\"wp-image-19187 aligncenter\" src=\"http:\/\/www.infokuryr.cz\/n\/wp-content\/uploads\/2022\/12\/1-PRO-300x36.jpg\" alt=\"\" width=\"1300\" height=\"156\" srcset=\"https:\/\/www.infokuryr.cz\/n\/wp-content\/uploads\/2022\/12\/1-PRO-300x36.jpg 300w, https:\/\/www.infokuryr.cz\/n\/wp-content\/uploads\/2022\/12\/1-PRO.jpg 699w\" sizes=\"(max-width: 1300px) 100vw, 1300px\" \/><\/p>\n<p>&nbsp;<\/p>\n<p>&nbsp;<\/p>\n","protected":false},"excerpt":{"rendered":"<p>Washington \u201enen\u00ed v pozici, aby mohl ukazovat prstem\u201c na Peking, tvrdil \u00fa\u0159edn\u00edk ministerstva zahrani\u010d\u00ed Wang&#8230;<\/p>\n","protected":false},"author":2,"featured_media":6049,"comment_status":"closed","ping_status":"closed","sticky":false,"template":"","format":"standard","meta":[],"categories":[7],"tags":[30,700,37,491],"_links":{"self":[{"href":"https:\/\/www.infokuryr.cz\/n\/wp-json\/wp\/v2\/posts\/27877"}],"collection":[{"href":"https:\/\/www.infokuryr.cz\/n\/wp-json\/wp\/v2\/posts"}],"about":[{"href":"https:\/\/www.infokuryr.cz\/n\/wp-json\/wp\/v2\/types\/post"}],"author":[{"embeddable":true,"href":"https:\/\/www.infokuryr.cz\/n\/wp-json\/wp\/v2\/users\/2"}],"replies":[{"embeddable":true,"href":"https:\/\/www.infokuryr.cz\/n\/wp-json\/wp\/v2\/comments?post=27877"}],"version-history":[{"count":1,"href":"https:\/\/www.infokuryr.cz\/n\/wp-json\/wp\/v2\/posts\/27877\/revisions"}],"predecessor-version":[{"id":27878,"href":"https:\/\/www.infokuryr.cz\/n\/wp-json\/wp\/v2\/posts\/27877\/revisions\/27878"}],"wp:featuredmedia":[{"embeddable":true,"href":"https:\/\/www.infokuryr.cz\/n\/wp-json\/wp\/v2\/media\/6049"}],"wp:attachment":[{"href":"https:\/\/www.infokuryr.cz\/n\/wp-json\/wp\/v2\/media?parent=27877"}],"wp:term":[{"taxonomy":"category","embeddable":true,"href":"https:\/\/www.infokuryr.cz\/n\/wp-json\/wp\/v2\/categories?post=27877"},{"taxonomy":"post_tag","embeddable":true,"href":"https:\/\/www.infokuryr.cz\/n\/wp-json\/wp\/v2\/tags?post=27877"}],"curies":[{"name":"wp","href":"https:\/\/api.w.org\/{rel}","templated":true}]}}