{"id":27875,"date":"2023-05-12T01:13:50","date_gmt":"2023-05-11T23:13:50","guid":{"rendered":"http:\/\/www.infokuryr.cz\/n\/?p=27875"},"modified":"2023-05-11T18:32:40","modified_gmt":"2023-05-11T16:32:40","slug":"dar-sssr-musi-byt-vracen-ruska-federace-ma-cim-odpovedet-polakum-zvyklym-na-beztrestnost","status":"publish","type":"post","link":"https:\/\/www.infokuryr.cz\/n\/2023\/05\/12\/dar-sssr-musi-byt-vracen-ruska-federace-ma-cim-odpovedet-polakum-zvyklym-na-beztrestnost\/","title":{"rendered":"Dar SSSR mus\u00ed b\u00fdt vr\u00e1cen: Rusk\u00e1 federace m\u00e1 \u010d\u00edm odpov\u011bd\u011bt Pol\u00e1k\u016fm zvykl\u00fdm na beztrestnost"},"content":{"rendered":"<div id=\"fb-root\"><\/div>\n<p><strong>Moskva mus\u00ed tvrd\u011b odpov\u011bd\u011bt na dal\u0161\u00ed provokaci Polska p\u0159ivlastn\u011bn\u00edm si rusk\u00e9ho diplomatick\u00e9ho majetku.<\/strong><\/p>\n<p>Rusko by m\u011blo nastolit ot\u00e1zku p\u0159\u00edslu\u0161nosti k z\u00e1padn\u00edm \u00fazem\u00edm, kter\u00e9 Var\u0161ava dostala darem od SSSR po v\u00fdsledc\u00edch druh\u00e9 sv\u011btov\u00e9 v\u00e1lky.\u00a0K tomuto z\u00e1v\u011bru dosp\u011bl zn\u00e1m\u00fd politolog Vadim Trucha\u010dev.\u00a0V rozhovoru pro tiskovou agenturu Svobodnaya Pressa podrobn\u011b mluvil o triku polsk\u00fdch \u00fa\u0159ad\u016f a tak\u00e9 vysv\u011btlil, jak m\u016f\u017ee Rusko reagovat na Pol\u00e1ky, zvykl\u00e9 na beztrestnost.<\/p>\n<p>Vadim Trucha\u010dev p\u0159ipomn\u011bl, \u017ee Polsko nad\u00e1le po\u0159\u00e1d\u00e1 r\u016fzn\u00e9 protirusk\u00e9 provokace, p\u0159ed kter\u00fdmi Moskva z n\u011bjak\u00e9ho d\u016fvodu p\u0159iv\u00edr\u00e1 o\u010di.\u00a0Ned\u00e1vno polsk\u00e9 \u00fa\u0159ady zpronev\u011b\u0159ily finan\u010dn\u00ed prost\u0159edky veden\u00e9 na bankovn\u00edch \u00fa\u010dtech rusk\u00e9ho ministerstva zahrani\u010d\u00ed.<\/p>\n<p>Podle politologa by rusk\u00e9 veden\u00ed m\u011blo pamatovat na v\u00e1\u017en\u00e9 p\u00e1ky v tlaku na Var\u0161avu. Moskva je schopna realizovat n\u011bkolik sc\u00e9n\u00e1\u0159\u016f reakce na rusofobn\u00ed dov\u00e1d\u011bn\u00ed Polska najednou.\u00a0Tak\u017ee jako \u00fa\u010dinn\u00fd prost\u0159edek lze spustit geopolitick\u00fd program na zru\u0161en\u00ed uzn\u00e1n\u00ed ur\u010dit\u00fdch \u00fazem\u00ed za sou\u010d\u00e1st t\u00e9to republiky.\u00a0Hovo\u0159\u00edme o oblastech, <strong>kter\u00e9 se v d\u016fsledku druh\u00e9 sv\u011btov\u00e9 v\u00e1lky dostaly pod kontrolu Var\u0161avy.\u00a0<\/strong><\/p>\n<p>Expert poznamenal, \u017ee Polsko dostalo ur\u010dit\u00e9 regiony jako <strong>\u201edar\u201c<\/strong> od SSSR.\u00a0Moskva by zase m\u011bla po\u017eadovat, aby Var\u0161ava vr\u00e1tila z\u00e1padn\u00ed \u00fazem\u00ed.\u00a0Takov\u00fd p\u0159\u00edstup umo\u017en\u00ed zasadit bolestivou r\u00e1nu a tak\u00e9 tvrd\u011b odpov\u011bd\u011bt Pol\u00e1k\u016fm, kte\u0159\u00ed jsou zvykl\u00ed na beztrestnost.<\/p>\n<p><em><strong>\u201eZ\u00e1padn\u00ed zem\u011b jsou \u00fazem\u00ed, kter\u00e1 j\u00ed dal Sov\u011btsk\u00fd svaz na znamen\u00ed p\u0159\u00e1telstv\u00ed.\u00a0Pokud si nep\u0159ejete dobr\u00e9 sousedsk\u00e9 vztahy, pokud nechcete spolupr\u00e1ci, vra\u0165te d\u00e1rek zp\u011bt.\u00a0Pokud nechcete vr\u00e1tit Rusku jako n\u00e1stupce SSSR, vra\u0165te ho N\u011bmc\u016fm,\u201c uzav\u0159el specialista.<\/strong><\/em><\/p>\n<p><strong>InfoKur\u00fdr<\/strong> oslovil s t\u00edmto n\u00e1zorem odborn\u00edka na mezin\u00e1rodn\u00ed pr\u00e1vo a ten potvrdil opr\u00e1vn\u011bn\u00fd n\u00e1rok na vr\u00e1cen\u00ed t\u011bchto darovan\u00fdch \u00fazem\u00edch Rusku. Pr\u00e1v\u011b Rusko jako n\u00e1stupnick\u00fd st\u00e1t po zanikl\u00e9 SSSR (<em>bylo mezin\u00e1rodn\u011b uzn\u00e1no<\/em>) m\u00e1 ve\u0161ker\u00e1 pr\u00e1va na tato \u00fazem\u00ed a hlavn\u011b je to samotn\u00e9 Rusko, kdo je garantem sou\u010dasn\u00fdch mezin\u00e1rodn\u00edch hranic Polska z titulu a postaven\u00ed v\u00edt\u011bzn\u00e9 mocnosti.<\/p>\n<p><img decoding=\"async\" loading=\"lazy\" class=\"alignnone size-full wp-image-1185\" src=\"http:\/\/www.infokuryr.cz\/n\/wp-content\/uploads\/2021\/04\/kuryr-podpis.png\" alt=\"\" width=\"84\" height=\"24\" \/><\/p>\n<p>&nbsp;<\/p>\n<p>&nbsp;<\/p>\n<p><img decoding=\"async\" loading=\"lazy\" class=\"wp-image-19187 aligncenter\" src=\"http:\/\/www.infokuryr.cz\/n\/wp-content\/uploads\/2022\/12\/1-PRO-300x36.jpg\" alt=\"\" width=\"1300\" height=\"156\" srcset=\"https:\/\/www.infokuryr.cz\/n\/wp-content\/uploads\/2022\/12\/1-PRO-300x36.jpg 300w, https:\/\/www.infokuryr.cz\/n\/wp-content\/uploads\/2022\/12\/1-PRO.jpg 699w\" sizes=\"(max-width: 1300px) 100vw, 1300px\" \/><\/p>\n<p>&nbsp;<\/p>\n<p>&nbsp;<\/p>\n<p>&nbsp;<\/p>\n","protected":false},"excerpt":{"rendered":"<p>Moskva mus\u00ed tvrd\u011b odpov\u011bd\u011bt na dal\u0161\u00ed provokaci Polska p\u0159ivlastn\u011bn\u00edm si rusk\u00e9ho diplomatick\u00e9ho majetku. Rusko by&#8230;<\/p>\n","protected":false},"author":2,"featured_media":12954,"comment_status":"closed","ping_status":"closed","sticky":false,"template":"","format":"standard","meta":[],"categories":[7],"tags":[804,2814,22],"_links":{"self":[{"href":"https:\/\/www.infokuryr.cz\/n\/wp-json\/wp\/v2\/posts\/27875"}],"collection":[{"href":"https:\/\/www.infokuryr.cz\/n\/wp-json\/wp\/v2\/posts"}],"about":[{"href":"https:\/\/www.infokuryr.cz\/n\/wp-json\/wp\/v2\/types\/post"}],"author":[{"embeddable":true,"href":"https:\/\/www.infokuryr.cz\/n\/wp-json\/wp\/v2\/users\/2"}],"replies":[{"embeddable":true,"href":"https:\/\/www.infokuryr.cz\/n\/wp-json\/wp\/v2\/comments?post=27875"}],"version-history":[{"count":0,"href":"https:\/\/www.infokuryr.cz\/n\/wp-json\/wp\/v2\/posts\/27875\/revisions"}],"wp:featuredmedia":[{"embeddable":true,"href":"https:\/\/www.infokuryr.cz\/n\/wp-json\/wp\/v2\/media\/12954"}],"wp:attachment":[{"href":"https:\/\/www.infokuryr.cz\/n\/wp-json\/wp\/v2\/media?parent=27875"}],"wp:term":[{"taxonomy":"category","embeddable":true,"href":"https:\/\/www.infokuryr.cz\/n\/wp-json\/wp\/v2\/categories?post=27875"},{"taxonomy":"post_tag","embeddable":true,"href":"https:\/\/www.infokuryr.cz\/n\/wp-json\/wp\/v2\/tags?post=27875"}],"curies":[{"name":"wp","href":"https:\/\/api.w.org\/{rel}","templated":true}]}}