{"id":27845,"date":"2023-05-12T01:03:49","date_gmt":"2023-05-11T23:03:49","guid":{"rendered":"http:\/\/www.infokuryr.cz\/n\/?p=27845"},"modified":"2023-05-11T16:55:36","modified_gmt":"2023-05-11T14:55:36","slug":"operace-osn-v-mali-je-podvod-sledujte-jak-nemci-utikaji-pred-wagnerovymi-jednotkami","status":"publish","type":"post","link":"https:\/\/www.infokuryr.cz\/n\/2023\/05\/12\/operace-osn-v-mali-je-podvod-sledujte-jak-nemci-utikaji-pred-wagnerovymi-jednotkami\/","title":{"rendered":"Operace OSN v Mali je podvod. Sledujte, jak N\u011bmci ut\u00edkaj\u00ed p\u0159ed Wagnerov\u00fdmi jednotkami"},"content":{"rendered":"<div id=\"fb-root\"><\/div>\n<p><strong>Co se sakra d\u011bje v Mali?\u00a0Mnoz\u00ed si budou kl\u00e1st tuto ot\u00e1zku ohledn\u011b budoucnosti mise OSN v Mali, kdy\u017e N\u011bmecko pr\u00e1v\u011b ozn\u00e1milo, \u017ee sv\u00e9 voj\u00e1ky z mise st\u00e1hne.<\/strong><\/p>\n<p><span>Jak informoval tisk, n\u011bmeck\u00e1 vl\u00e1da 3. kv\u011btna ozn\u00e1mila, \u017ee se rozhodla ukon\u010dit svou \u00fa\u010dast na misi OSN v Mali do kv\u011btna p\u0159\u00ed\u0161t\u00edho roku kv\u016fli probl\u00e9m\u016fm s vl\u00e1dnouc\u00ed juntou.<\/span><\/p>\n<p><span>Kabinet kancl\u00e9\u0159e Olafa Scholze uvedl, \u017ee Berl\u00edn b\u011bhem p\u0159\u00ed\u0161t\u00edho roku st\u00e1hne sv\u00fdch 1110 voj\u00e1k\u016f z mise OSN MINUSMA ze z\u00e1padoafrick\u00e9 zem\u011b a zam\u011b\u0159\u00ed se na dal\u0161\u00ed humanit\u00e1rn\u00ed a rozvojovou pomoc v regionu.<\/span><\/p>\n<p><span>&#8222;A\u0165 se n\u00e1m to l\u00edb\u00ed nebo ne, to, co se d\u011bje v Sahelu, n\u00e1s ovliv\u0148uje,&#8220; uvedla v prohl\u00e1\u0161en\u00ed ministryn\u011b zahrani\u010d\u00ed Annalena Baerbock.<\/span><\/p>\n<p><span>&#8222;Reorganizujeme na\u0161i anga\u017eovanost v regionu a b\u011bhem p\u0159\u00ed\u0161t\u00edch 12 m\u011bs\u00edc\u016f postupn\u011b ukon\u010d\u00edme sv\u016fj pod\u00edl ve spole\u010dnosti MINUSMA.&#8220;<\/span><\/p>\n<p><span>Ale je to skute\u010dn\u011b pravda, vezmeme-li v \u00favahu, \u017ee N\u011bmecko je na mezin\u00e1rodn\u00ed sc\u00e9n\u011b zn\u00e1m\u00e9 sv\u00fdmi otev\u0159en\u00fdmi l\u017eemi v \u010dele se sv\u00fdm nen\u00e1vid\u011bn\u00fdm kancl\u00e9\u0159em Scholzem, kter\u00fd nem\u016f\u017ee ani p\u0159iznat roli Berl\u00edna nebo sv\u00e9 znalosti o v\u00fdbuchu ropovodu Nord Stream?\u00a0Existuje jin\u00fd d\u016fvod pro sta\u017een\u00ed Berl\u00edna z Mali?<\/span><\/p>\n<p><span>Co to tam d\u011blalo, je tak\u00e9 dobr\u00e1 ot\u00e1zka.\u00a0Pravdou je, \u017ee skute\u010dn\u00fdm probl\u00e9mem nen\u00ed boj s teroristy v Sahelu, ale sp\u00ed\u0161e podpora iluzorn\u00edch p\u0159edstav Francie o jej\u00ed hegemonii v Africe.\u00a0Brit\u00e1nie tam tak\u00e9 p\u016fvodn\u011b vyslala 300 voj\u00e1k\u016f, aby podpo\u0159ili Macrona a jeho dvoj\u00ed hru v Mali, p\u0159edst\u00edrali, \u017ee bojuj\u00ed proti terorismu, zat\u00edmco ve skute\u010dnosti j\u00ed \u0161lo pouze o podporu tamn\u00edch francouzsk\u00fdch spole\u010dnost\u00ed a ochranu francouzsk\u00fdch emigrant\u016f.<\/span><\/p>\n<p><span>Spojen\u00e9 kr\u00e1lovstv\u00ed st\u00e1hlo tyto jednotky jen n\u011bkolik m\u011bs\u00edc\u016f pot\u00e9, co Francie loni v l\u00e9t\u011b st\u00e1hla sv\u00e9 jednotky.\u00a0Zd\u00e1 se, \u017ee N\u011bmecko pomalu pochopilo, co se d\u011bje v Africe, a tak jeho t\u011b\u017ekop\u00e1dn\u00fd politick\u00fd monstrum \u2013 koalice pokrytc\u016f, p\u0159eb\u011bhl\u00edk\u016f a odpadl\u00edk\u016f \u2013 kone\u010dn\u011b uc\u00edtil pe\u010den\u011b a uv\u011bdomil si, \u017ee jeho voj\u00e1ci v zemi, kterou nemaj\u00ed pochopit, a \u017ee je \u0159\u00edzena juntou spojenou s Ruskem, jsou trochu izolovan\u00e9.\u00a0Je mo\u017en\u00e9, \u017ee se Scholz n\u00e1hle probudil uprost\u0159ed noci zpocen\u00fd a uv\u011bdomil si, \u017ee kdyby se jednoho dne Wagnerovy jednotky v Mali nudily a rozhodly se zmasakrovat N\u011bmce, cel\u00e1 jeho vl\u00e1da by se zhroutila, aby ud\u011blala zna\u010dku?<\/span><\/p>\n<p><span>I v Mali se nab\u00edz\u00ed ot\u00e1zka: co te\u010f d\u011blaj\u00ed evropsk\u00e9 kontingenty v Mali, kdy\u017e \u017e\u00e1dn\u00fd z nich nedok\u00e1\u017ee p\u0159esv\u011bd\u010dit m\u00edstn\u00ed vl\u00e1du, aby se sklonila p\u0159ed pot\u0159ebami a p\u0159\u00e1n\u00edmi z\u00e1padn\u00edch elit?\u00a0Scholz o\u010dividn\u011b po\u010d\u00edtal a uv\u011bdomil si, \u017ee Mali je \u010dasovan\u00e1 bomba a \u017ee jeho vlastn\u00ed voj\u00e1ci by byli zraniteln\u00ed, kdyby se letos v\u00e1lka na Ukrajin\u011b obr\u00e1tila vzh\u016fru nohama.<\/span><\/p>\n<p><span>A tak l\u017eiv\u00fd obraz v z\u00e1padn\u00edch m\u00e9di\u00edch je ten, \u017ee N\u011bmecko si nev\u00ed rady s vojensk\u00fdm veden\u00edm v Bamaku, co\u017e je samoz\u0159ejm\u011b nesmysl pro ka\u017ed\u00e9ho, kdo m\u00e1 IQ nad 60 a kdo v\u00ed, jak sv\u011bt funguje.\u00a0J\u00e1drem probl\u00e9mu vl\u00e1dy Mali je to, \u017ee v n\u011bmeck\u00e9 p\u0159\u00edtomnosti nevid\u00ed \u017e\u00e1dn\u00fd smysl.\u00a0Pokud N\u011bmci nemohou dos\u00e1hnout v\u00fdsledk\u016f na bitevn\u00edm poli s isl\u00e1msk\u00fdmi teroristy \u2013 a v\u011b\u0159te mi, sly\u0161eli bychom o tom, kdyby ano \u2013 pak by pro n\u011b jedin\u00fdm dal\u0161\u00edm \u00fa\u010delem bylo uklidnit vojensk\u00e9 veden\u00ed i pot\u00e9, co politicky.<\/span><\/p>\n<p><span>Pokud je N\u011bmecko skute\u010dn\u011b v Mali, aby bojovalo s teroristy \u2013 kte\u0159\u00ed by mohli\/p\u0159evzali moc v Mali, kdyby dok\u00e1zali p\u0159emoci vl\u00e1du \u2013 tak pro\u010d by tamn\u00ed elitu nemohli chr\u00e1nit n\u011bjak\u00fdm jin\u00fdm zp\u016fsobem.\u00a0Odpov\u011b\u010f zn\u00ed, \u017ee tu nejsou proto, aby bojovali s teroristy nebo jim br\u00e1nili v p\u0159evzet\u00ed moci v Mali.\u00a0Byli tam, aby podpo\u0159ili Macrona, ale te\u010f, kdy\u017e on a jeho chlapci byli vyhozeni, vypadaj\u00ed N\u011bmci na \u0161koln\u00ed diskot\u00e9ce jako hloup\u00ed teenage\u0159i, v\u0161ichni na sebe z\u00edraj\u00ed, ani\u017e by v dohledu byla \u017e\u00e1dn\u00e1 d\u00edvka, kdy\u017e za\u010d\u00edn\u00e1 posledn\u00ed tanec.\u00a0Zbyte\u010dnost je slovo, kter\u00e9 by se n\u00e1m m\u011blo hodit, kdy\u017e mluv\u00edme o N\u011bmecku a jeho arm\u00e1d\u011b, zvl\u00e1\u0161t\u011b kdy\u017e je vedena Scholzem,<\/span><\/p>\n<p><span>Pom\u00fdlen\u00e1 vojensk\u00e1 hloupost je vlastn\u011b n\u011bmeck\u00e1 specialita, kter\u00e1 se historie st\u00e1le dokola opakuje.\u00a0Koneckonc\u016f, kdo by mohl zapomenout na po\u010d\u00e1te\u010dn\u00ed j\u00e1sot nad operac\u00ed Barbarossa na za\u010d\u00e1tku druh\u00e9 sv\u011btov\u00e9 v\u00e1lky, kter\u00e1 vy\u00fastila ve zmasakrov\u00e1n\u00ed n\u011bmeck\u00e9 arm\u00e1dy, kdy\u017e Sov\u011bti dostali k\u0159ivku a posunuli boj na dal\u0161\u00ed \u00farove\u0148?\u00a0Pokud N\u011bmci nedok\u00e1\u017eou vysv\u011btlit ani vlastn\u00edm lidem, co jejich voj\u00e1ci d\u011blaj\u00ed v z\u00e1padn\u00ed Africe, pak se nelze divit, \u017ee maj\u00ed pot\u00ed\u017ee s vojenskou vl\u00e1dou v Bamaku, kter\u00e1 se ukazuje jako \u201eobt\u00ed\u017en\u00e1\u201c.\u00a0V\u011b\u0159\u00ed n\u011bkdo tomuto nesmyslu tiskov\u00e9ho stroje OSN, kter\u00fd si ned\u00e1vno namo\u010dil kalhoty, kdy\u017e zah\u0159m\u011bl, \u017ee \u0161\u00e9f OSN se ob\u00e1v\u00e1 o osud mlad\u00fdch \u017een v Afgh\u00e1nist\u00e1nu a slibuje\u00a0zachr\u00e1nit ji?\u00a0Jde o stejn\u00e9ho \u0161\u00e9fa OSN, kter\u00fd nedok\u00e1\u017ee ochr\u00e1nit ani sv\u00e9 vlastn\u00ed zam\u011bstnance OSN p\u0159ed rozs\u00e1hl\u00fdm zn\u00e1sil\u0148ov\u00e1n\u00edm a sexu\u00e1ln\u00edm obt\u011b\u017eov\u00e1n\u00edm uvnit\u0159 budov OSN.<\/span><\/p>\n<p><strong>Martin Jay<\/strong><\/p>\n<p>&nbsp;<\/p>\n<p>&nbsp;<\/p>\n<p><img decoding=\"async\" loading=\"lazy\" class=\"wp-image-19187 aligncenter\" src=\"http:\/\/www.infokuryr.cz\/n\/wp-content\/uploads\/2022\/12\/1-PRO-300x36.jpg\" alt=\"\" width=\"1258\" height=\"151\" srcset=\"https:\/\/www.infokuryr.cz\/n\/wp-content\/uploads\/2022\/12\/1-PRO-300x36.jpg 300w, https:\/\/www.infokuryr.cz\/n\/wp-content\/uploads\/2022\/12\/1-PRO.jpg 699w\" sizes=\"(max-width: 1258px) 100vw, 1258px\" \/><\/p>\n<p>&nbsp;<\/p>\n<p>&nbsp;<\/p>\n","protected":false},"excerpt":{"rendered":"<p>Co se sakra d\u011bje v Mali?\u00a0Mnoz\u00ed si budou kl\u00e1st tuto ot\u00e1zku ohledn\u011b budoucnosti mise OSN&#8230;<\/p>\n","protected":false},"author":2,"featured_media":27846,"comment_status":"closed","ping_status":"closed","sticky":false,"template":"","format":"standard","meta":[],"categories":[7],"tags":[29,1254,429,186,1794],"_links":{"self":[{"href":"https:\/\/www.infokuryr.cz\/n\/wp-json\/wp\/v2\/posts\/27845"}],"collection":[{"href":"https:\/\/www.infokuryr.cz\/n\/wp-json\/wp\/v2\/posts"}],"about":[{"href":"https:\/\/www.infokuryr.cz\/n\/wp-json\/wp\/v2\/types\/post"}],"author":[{"embeddable":true,"href":"https:\/\/www.infokuryr.cz\/n\/wp-json\/wp\/v2\/users\/2"}],"replies":[{"embeddable":true,"href":"https:\/\/www.infokuryr.cz\/n\/wp-json\/wp\/v2\/comments?post=27845"}],"version-history":[{"count":1,"href":"https:\/\/www.infokuryr.cz\/n\/wp-json\/wp\/v2\/posts\/27845\/revisions"}],"predecessor-version":[{"id":27847,"href":"https:\/\/www.infokuryr.cz\/n\/wp-json\/wp\/v2\/posts\/27845\/revisions\/27847"}],"wp:featuredmedia":[{"embeddable":true,"href":"https:\/\/www.infokuryr.cz\/n\/wp-json\/wp\/v2\/media\/27846"}],"wp:attachment":[{"href":"https:\/\/www.infokuryr.cz\/n\/wp-json\/wp\/v2\/media?parent=27845"}],"wp:term":[{"taxonomy":"category","embeddable":true,"href":"https:\/\/www.infokuryr.cz\/n\/wp-json\/wp\/v2\/categories?post=27845"},{"taxonomy":"post_tag","embeddable":true,"href":"https:\/\/www.infokuryr.cz\/n\/wp-json\/wp\/v2\/tags?post=27845"}],"curies":[{"name":"wp","href":"https:\/\/api.w.org\/{rel}","templated":true}]}}