{"id":27840,"date":"2023-05-12T01:00:36","date_gmt":"2023-05-11T23:00:36","guid":{"rendered":"http:\/\/www.infokuryr.cz\/n\/?p=27840"},"modified":"2023-05-11T16:46:44","modified_gmt":"2023-05-11T14:46:44","slug":"covidpandemie-a-obnovena-podpora-vzestupu-nacismu","status":"publish","type":"post","link":"https:\/\/www.infokuryr.cz\/n\/2023\/05\/12\/covidpandemie-a-obnovena-podpora-vzestupu-nacismu\/","title":{"rendered":"Covidpandemie a obnoven\u00e1 podpora vzestupu nacismu"},"content":{"rendered":"<div id=\"fb-root\"><\/div>\n<div class=\"elementor-element elementor-element-1fb4c2c elementor-widget elementor-widget-theme-post-content\" data-id=\"1fb4c2c\" data-element_type=\"widget\" data-widget_type=\"theme-post-content.default\">\n<div class=\"elementor-widget-container\">\n<p><span>Mnoho lid\u00ed je na\u0161tvan\u00fdch, \u017ee jejich chov\u00e1n\u00ed b\u011bhem pandemie Covid je srovn\u00e1v\u00e1no s chov\u00e1n\u00edm N\u011bmc\u016f, kte\u0159\u00ed podporuj\u00ed vzestup nacismu.<\/span><\/p>\n<p><span>Poj\u010fme si to zrekapitulovat.<\/span><\/p>\n<p><span>P\u011btina obyvatel byla pr\u00e1vn\u011b klasifikov\u00e1na jako ne\u010dist\u00e1.\u00a0Byl jim odep\u0159en p\u0159\u00edstup do v\u011bt\u0161iny ve\u0159ejn\u00fdch za\u0159\u00edzen\u00ed, jako jsou divadla, restaurace, kina, hospody, kluby, baz\u00e9ny, sportovn\u00ed akce, koncerty, setk\u00e1n\u00ed atd.<\/span><\/p>\n<p><span>Aby lid\u00e9 z\u00edskali p\u0159\u00edstup do ve\u0159ejn\u00fdch za\u0159\u00edzen\u00ed, museli nosit digit\u00e1ln\u00ed identifik\u00e1tor, aby \u00fa\u0159ady mohly potvrdit, \u017ee nejsou ne\u010dist\u00e9.<\/span><\/p>\n<p><span>Ne\u010dist\u00ed byli vyhozeni z pr\u00e1ce a byla jim zak\u00e1z\u00e1na v\u011bt\u0161ina zam\u011bstn\u00e1n\u00ed: \u0161kolstv\u00ed, zdravotnictv\u00ed, soudnictv\u00ed, cel\u00fd ve\u0159ejn\u00fd sektor, v\u011bt\u0161ina velk\u00fdch odbor\u016f a mnoho velk\u00fdch soukrom\u00fdch zam\u011bstnavatel\u016f.\u00a0Pokud byli propu\u0161t\u011bni, bylo ne\u010dist\u00fdm odep\u0159eno pracovn\u00ed poji\u0161t\u011bn\u00ed na z\u00e1klad\u011b toho, \u017ee byli propu\u0161t\u011bni z dobr\u00e9ho d\u016fvodu, proto\u017ee byli ne\u010dist\u00ed.<\/span><\/p>\n<p><span>Ne\u010dist\u00fdm nebylo dovoleno cestovat vlakem, letadlem nebo pronajatou lod\u00ed.\u00a0Nem\u011bli \u017e\u00e1dn\u00fd leg\u00e1ln\u00ed zp\u016fsob, jak opustit zemi.\u00a0I kdyby cht\u011bli, nemohli uniknout ze zem\u011b, kter\u00e1 je zjevn\u011b tak nen\u00e1vid\u011bla.<\/span><\/p>\n<p><span>Setk\u00e1n\u00ed s ne\u010dist\u00fdmi bylo zak\u00e1z\u00e1no.\u00a0Nesm\u011bli nav\u0161t\u011bvovat svatby nebo poh\u0159by nebo nav\u0161t\u011bvovat nemocn\u00e9 p\u0159\u00edbuzn\u00e9 nebo p\u0159\u00e1tele v nemocnici.<\/span><\/p>\n<p><span>Pro ne\u010dist\u00e9 byly p\u0159ijaty zvl\u00e1\u0161tn\u00ed z\u00e1kony, kter\u00e9 je uvalovaly do dom\u00e1c\u00edho v\u011bzen\u00ed, pokud se nach\u00e1zeli v bl\u00edzkosti osoby, kter\u00e1 m\u011bla ned\u00e1vno pozitivn\u00ed test PCR.\u00a0Kdy\u017e bylo v\u0161eobecn\u00e9 zahalov\u00e1n\u00ed zru\u0161eno, ne\u010dist\u00ed si i nad\u00e1le museli na ve\u0159ejnosti zakr\u00fdvat tv\u00e1\u0159e.<\/span><\/p>\n<p><span>Bylo spole\u010densky p\u0159ijateln\u00e9 p\u0159\u00e1t smrt ne\u010dist\u00e9mu na soci\u00e1ln\u00edch s\u00edt\u00edch a ve velk\u00fdch zpravodajsk\u00fdch organizac\u00edch.\u00a0Zdravotn\u00edci a dal\u0161\u00ed politici po\u0159\u00e1dali tiskov\u00e9 konference, aby zahanbili a urazili ne\u010dist\u00e9.\u00a0Ve\u0159ejnost pro n\u011b vytv\u00e1\u0159ela b\u011b\u017en\u00e1 hanliv\u00e1 jm\u00e9na a m\u011bla radost ze zneu\u017e\u00edv\u00e1n\u00ed ne\u010dist\u00e9ho.<\/span><\/p>\n<p><span>V m\u00e9di\u00edch se pravideln\u011b prov\u00e1d\u011bly pr\u016fzkumy, zda m\u00e1 b\u00fdt ne\u010dist\u00fd zat\u010den nebo pokutov\u00e1n.\u00a0Ve\u0159ejn\u00ed \u010dinitel\u00e9 otev\u0159en\u011b a hrd\u011b hovo\u0159ili o tom, \u017ee ne\u010dist\u00fdm odep\u0159eli l\u00e9ka\u0159sky nezbytn\u00e9 o\u0161et\u0159en\u00ed \u2013 nechali je zem\u0159\u00edt.\u00a0Ne\u010dist\u00ed byli odstran\u011bni ze seznam\u016f transplantovan\u00fdch org\u00e1n\u016f a odsouzeni k t\u00e9m\u011b\u0159 jist\u00e9 smrti.<\/span><\/p>\n<p><span>Nikdy nebylo navr\u017eeno \u017e\u00e1dn\u00e9 kone\u010dn\u00e9 datum t\u011bchto opat\u0159en\u00ed, nebyl uveden \u017e\u00e1dn\u00fd harmonogram.\u00a0Naopak, dostalo se mu ozna\u010den\u00ed \u201enov\u00fd norm\u00e1l\u201c.<\/span><\/p>\n<p><span>Ti, kte\u0159\u00ed kritizovali kter\u00fdkoli z t\u011bchto v\u00fdvoj\u016f, se stali spole\u010densk\u00fdmi vyvr\u017eenci a pravd\u011bpodobn\u011b ztratili v\u011bt\u0161inu sv\u00fdch p\u0159\u00e1telstv\u00ed a rodinn\u00fdch vazeb, ne-li dokonce pr\u00e1ci.<\/span><\/p>\n<p><span>Ponau\u010den\u00ed z holocaustu &#8211; a Covidu &#8211; nen\u00ed, \u017ee N\u011bmci, Albertan\u00e9 nebo lid\u00e9 21. stolet\u00ed jsou zvl\u00e1\u0161t\u011b d\u016fv\u011b\u0159iv\u00ed nebo zl\u00ed.\u00a0Jde o to, \u017ee pro v\u011bt\u0161inu lid\u00ed nen\u00ed \u201emor\u00e1lka\u201c ot\u00e1zkou principu, ale sp\u00ed\u0161e z\u00e1le\u017eitost\u00ed p\u0159ijet\u00ed toho, co vn\u00edmaj\u00ed jako dominantn\u00ed skupinovou ideologii \u2013 i kdy\u017e se tato ideologie vyzna\u010duje sv\u00e9volnou iracionalitou nebo brut\u00e1ln\u00ed nelidskost\u00ed.<\/span><\/p>\n<p><span>Stejn\u011b jako u ur\u010dit\u00fdch kult\u016f nebo gang\u016f brutalita nebo iracionalita akc\u00ed nebo p\u0159esv\u011bd\u010den\u00ed nutn\u00fdch k signalizaci \u010dlenstv\u00ed ve skupin\u011b zp\u016fsob\u00ed, \u017ee se lid\u00e9 k ideologii sp\u00ed\u0161e ukotv\u00ed, ne\u017e aby ji odpudili;\u00a0druh zvr\u00e1cen\u00e9ho omylu o utopen\u00fdch n\u00e1kladech ve velk\u00e9m m\u011b\u0159\u00edtku.<\/span><\/p>\n<p><span>Tak\u017ee ano, pokud jste typick\u00fd \u010dlov\u011bk &#8211; Albertan, Kana\u010fan nebo jin\u00fd &#8211; pak je velmi dobr\u00e1 \u0161ance, \u017ee byste byl nacistou, kdybyste se narodil v nacistick\u00e9m N\u011bmecku.\u00a0Pokud jste fandili uzam\u010den\u00edm a mand\u00e1t\u016fm, tato pravd\u011bpodobnost se bl\u00ed\u017e\u00ed jistot\u011b.<\/span><\/p>\n<p><em><span>Don Wilson<\/span><\/em><\/p>\n<\/div>\n<\/div>\n<div class=\"elementor-element elementor-element-8c57238 quelle dc-has-condition dc-condition-empty elementor-widget elementor-widget-heading\" data-id=\"8c57238\" data-element_type=\"widget\" data-widget_type=\"heading.default\">\n<div class=\"elementor-widget-container\">\n<h3 class=\"elementor-heading-title elementor-size-default\"><span style=\"font-size: 8pt;\"><a href=\"https:\/\/twitter.com\/DNSWilson\/status\/1655819673756389376\" target=\"_blank\" rel=\"nofollow noopener\">ZDROJ<\/a><\/span><\/h3>\n<\/div>\n<\/div>\n<p>&nbsp;<\/p>\n<p><img decoding=\"async\" loading=\"lazy\" class=\"wp-image-19187 aligncenter\" src=\"http:\/\/www.infokuryr.cz\/n\/wp-content\/uploads\/2022\/12\/1-PRO-300x36.jpg\" alt=\"\" width=\"1283\" height=\"154\" srcset=\"https:\/\/www.infokuryr.cz\/n\/wp-content\/uploads\/2022\/12\/1-PRO-300x36.jpg 300w, https:\/\/www.infokuryr.cz\/n\/wp-content\/uploads\/2022\/12\/1-PRO.jpg 699w\" sizes=\"(max-width: 1283px) 100vw, 1283px\" \/><\/p>\n<p>&nbsp;<\/p>\n<p>&nbsp;<\/p>\n","protected":false},"excerpt":{"rendered":"<p>Mnoho lid\u00ed je na\u0161tvan\u00fdch, \u017ee jejich chov\u00e1n\u00ed b\u011bhem pandemie Covid je srovn\u00e1v\u00e1no s chov\u00e1n\u00edm N\u011bmc\u016f,&#8230;<\/p>\n","protected":false},"author":2,"featured_media":1919,"comment_status":"closed","ping_status":"closed","sticky":false,"template":"","format":"standard","meta":[],"categories":[7],"tags":[1042,23,470,259],"_links":{"self":[{"href":"https:\/\/www.infokuryr.cz\/n\/wp-json\/wp\/v2\/posts\/27840"}],"collection":[{"href":"https:\/\/www.infokuryr.cz\/n\/wp-json\/wp\/v2\/posts"}],"about":[{"href":"https:\/\/www.infokuryr.cz\/n\/wp-json\/wp\/v2\/types\/post"}],"author":[{"embeddable":true,"href":"https:\/\/www.infokuryr.cz\/n\/wp-json\/wp\/v2\/users\/2"}],"replies":[{"embeddable":true,"href":"https:\/\/www.infokuryr.cz\/n\/wp-json\/wp\/v2\/comments?post=27840"}],"version-history":[{"count":0,"href":"https:\/\/www.infokuryr.cz\/n\/wp-json\/wp\/v2\/posts\/27840\/revisions"}],"wp:featuredmedia":[{"embeddable":true,"href":"https:\/\/www.infokuryr.cz\/n\/wp-json\/wp\/v2\/media\/1919"}],"wp:attachment":[{"href":"https:\/\/www.infokuryr.cz\/n\/wp-json\/wp\/v2\/media?parent=27840"}],"wp:term":[{"taxonomy":"category","embeddable":true,"href":"https:\/\/www.infokuryr.cz\/n\/wp-json\/wp\/v2\/categories?post=27840"},{"taxonomy":"post_tag","embeddable":true,"href":"https:\/\/www.infokuryr.cz\/n\/wp-json\/wp\/v2\/tags?post=27840"}],"curies":[{"name":"wp","href":"https:\/\/api.w.org\/{rel}","templated":true}]}}