{"id":27765,"date":"2023-05-10T06:56:55","date_gmt":"2023-05-10T04:56:55","guid":{"rendered":"http:\/\/www.infokuryr.cz\/n\/?p=27765"},"modified":"2023-05-10T06:56:55","modified_gmt":"2023-05-10T04:56:55","slug":"thierry-meyssan-dva-svety-predstavene-6-a-9-kvetna","status":"publish","type":"post","link":"https:\/\/www.infokuryr.cz\/n\/2023\/05\/10\/thierry-meyssan-dva-svety-predstavene-6-a-9-kvetna\/","title":{"rendered":"Thierry Meyssan: Dva sv\u011bty p\u0159edstaven\u00e9 6. a 9. kv\u011btna\u2026"},"content":{"rendered":"<div id=\"fb-root\"><\/div>\n<p><em>Lond\u00fdn a Moskva jsou d\u011bji\u0161t\u011bm velk\u00fdch kolektivn\u00edch ud\u00e1lost\u00ed.\u00a0Ka\u017ed\u00e1 zem\u011b vyjad\u0159uje sv\u00e9 vlastn\u00ed hodnoty.\u00a0<\/em><\/p>\n<p><em>V Anglii se za ok\u00e1zalost\u00ed skr\u00fdv\u00e1 p\u016fvod bohat\u00fdch ozdob a \u0161perk\u016f, \u010dasto bez skrupul\u00ed kraden\u00fdch.\u00a0V Rusku je oslava mu\u010dedn\u00edk\u016f druh\u00e9 sv\u011btov\u00e9 v\u00e1lky z\u00e1vazkem a v\u00fdrazem p\u0159ipravenosti p\u0159in\u00e9st stejnou ob\u011b\u0165 pro dobro vlasti. V Lond\u00fdn\u011b se \u00fasp\u011bch m\u011b\u0159\u00ed podle toho, co jste pro sebe uko\u0159istili.\u00a0V Moskv\u011b se hodnot\u00ed podle toho, co jste ud\u011blali pro sv\u016fj n\u00e1rod.<\/em><\/p>\n<p><strong>Oslavy 6. kv\u011btna v Lond\u00fdn\u011b a 9. kv\u011btna v Moskv\u011b p\u0159edvedly dva navz\u00e1jem ciz\u00ed sv\u011bty.<\/strong><\/p>\n<h3><span style=\"font-size: 18pt;\">BRITSK\u00c1 SC\u00c9NA<\/span><\/h3>\n<div class=\"wp-block-image\" style=\"text-align: center;\">\n<figure class=\"aligncenter size-large is-resized\"><img decoding=\"async\" loading=\"lazy\" class=\"aligncenter\" src=\"https:\/\/www.voltairenet.org\/local\/cache-vignettes\/L668xH501\/400_-_1_1_-56-57ef9.jpg?1683394404\" alt=\"\" width=\"716\" height=\"538\" \/><figcaption><strong>Kr\u00e1l Karel III. v Regalii Jej\u00edho Veli\u010denstva.<\/strong><\/figcaption><\/figure>\n<\/div>\n<p>V Anglii jsme byli 6. kv\u011btna sv\u011bdky korunovace nejv\u011bt\u0161\u00edho ze v\u0161ech kr\u00e1l\u016f.\u00a0Britsk\u00fd tisk n\u00e1s preventivn\u011b ujistil, \u017ee nem\u00e1 \u017e\u00e1dn\u00e1 politick\u00e1 pr\u00e1va, pouze zastupitelskou funkci.<\/p>\n<p>Opravdu?\u00a0Tak\u017ee d\u00edky \u010demu mohl princ z Walesu za vl\u00e1dy sv\u00e9 matky asi stokr\u00e1t zm\u011bnit agendu Doln\u00ed sn\u011bmovny a nechat z Doln\u00ed sn\u011bmovny odstranit z\u00e1le\u017eitosti, kter\u00e9 se mu nel\u00edbily?\u00a0Odborn\u00edci n\u00e1s uji\u0161\u0165uj\u00ed, \u017ee \u0161lo jen o drobn\u00e9 n\u00e1vrhy z\u00e1kon\u016f, ale jak\u00fdm pr\u00e1vem je pova\u017eoval za ned\u016fle\u017eit\u00e9 princ, a ne poslanci?<\/p>\n<p>Jako princ z Walesu se Charles stal patronem Muslimsk\u00e9ho bratrstva, tajn\u00e9 politick\u00e9 organizace vytvo\u0159en\u00e9 MI6 b\u011bhem kolonizace Egypta.\u00a0V mnoha muslimsk\u00fdch zem\u00edch je zak\u00e1z\u00e1na kv\u016fli jej\u00edm probritsk\u00fdm teroristick\u00fdm aktivit\u00e1m.<\/p>\n<p>V roce 1993 se stal patronem Oxfordsk\u00e9ho centra isl\u00e1msk\u00fdch studi\u00ed, odkud Muslimsk\u00e9 bratrstvo a MI6 za\u010dnou pracovat na cel\u00e9m Bl\u00edzk\u00e9m v\u00fdchod\u011b v tradici Lawrence z Ar\u00e1bie.<\/p>\n<p>D\u00edky horlivosti prince Charlese se Lond\u00fdn prom\u011bnil v Londonistan, kde s\u00eddl\u00ed mnoho v\u016fdc\u016f Bratrstva, v\u010detn\u011b sa\u00fadsk\u00e9ho Us\u00e1my bin L\u00e1dina.<\/p>\n<p>Princ cestoval 120kr\u00e1t, aby se setkal s panovn\u00edky ze Z\u00e1livu, kte\u0159\u00ed tuto organizaci podporovali.<\/p>\n<h2><\/h2>\n<div class=\"wp-block-image\" style=\"text-align: center;\">\n<figure class=\"aligncenter size-large is-resized\"><img decoding=\"async\" loading=\"lazy\" class=\"aligncenter\" src=\"https:\/\/www.voltairenet.org\/local\/cache-vignettes\/L692xH519\/400_-_1-56-16940.jpg?1683394404\" alt=\"\" width=\"764\" height=\"573\" \/><figcaption><strong>Na k\u016fru Westminstersk\u00e9ho opatstv\u00ed byla instalov\u00e1na vy\u0161\u00edvan\u00e1 z\u00e1st\u011bna, aby publikum neoslepil B\u016fh, kter\u00fd sestoupil, aby zasv\u011btil kr\u00e1le b\u011bhem pomaz\u00e1n\u00ed arcibiskupem z Canterbury.<\/strong><\/figcaption><\/figure>\n<\/div>\n<h3><span style=\"font-size: 18pt;\">KONEC SV\u011aTA<\/span><\/h3>\n<p>Pod jm\u00e9nem Charles III. byl princ z Walesu pr\u00e1v\u011b korunov\u00e1n panovn\u00edkem Antiguy a Barbudy, Austr\u00e1lie, Baham, Belize, Kanady, Grenady, Jamajky, Nov\u00e9ho Z\u00e9landu, Papuy-Nov\u00e9 Guineje, Spojen\u00e9ho kr\u00e1lovstv\u00ed, Svat\u00e9ho Kry\u0161tofa a Nevisu, Svat\u00e9 Lucie, Svat\u00e9ho Vincence a Grenadiny, \u0160alamounov\u00fdch ostrov\u016f a Tuvalu.<\/p>\n<p>Odd\u00edly arm\u00e1d jeho kr\u00e1lovstv\u00ed pochodovaly, aby ho doprovodily do jeho pal\u00e1ce.<\/p>\n<p>Z\u00fa\u010dastnilo se nebo bylo zastoupeno sto hlav st\u00e1t\u016f a vl\u00e1d.\u00a0Ofici\u00e1ln\u00ed z\u00e1b\u011bry BBC je neuk\u00e1zaly.\u00a0Byli to host\u00e9, nic v\u00edc.<\/p>\n<p>Severokorejci, Sy\u0159an\u00e9 a Rusov\u00e9 nebyli na korunovaci v\u00edt\u00e1ni.\u00a0\u010c\u00ed\u0148an\u00e9 byli pozv\u00e1ni, ale vyvolali skand\u00e1l t\u00edm, \u017ee vyslali viceprezidenta Han Zhenga, kter\u00fd je ve Spojen\u00e9m kr\u00e1lovstv\u00ed p\u0159edstavov\u00e1n jako osoba odpov\u011bdn\u00e1 za protibritsk\u00fd z\u00e1sah v Hongkongu.<\/p>\n<p>Ceremoni\u00e1l se od dekolonizace \u0158\u00ed\u0161e, nad n\u00ed\u017e \u201eslunce nikdy nezapad\u00e1\u201c, t\u00e9m\u011b\u0159 nezm\u011bnil.\u00a0Nanejv\u00fd\u0161 bylo z korunova\u010dn\u00edch klenot\u016f odstran\u011bno p\u00e1r drah\u00fdch kamen\u016f ukraden\u00fdch v Indii.<\/p>\n<p>Je samoz\u0159ejm\u011b hloup\u00e9 posuzovat ceremoni\u00e1l minulosti podle krit\u00e9ri\u00ed jin\u00e9 \u00e9ry.\u00a0Ale Britov\u00e9 zvolili star\u00e9 symboly, jako by byly je\u0161t\u011b p\u0159ijateln\u00e9 v jednadvac\u00e1t\u00e9m stolet\u00ed.<\/p>\n<p>Nap\u0159\u00edklad velkolep\u00e1 z\u00e1st\u011bna z vy\u0161\u00edvan\u00e9 l\u00e1tky nejen skr\u00fdvala kr\u00e1le b\u011bhem jeho pomaz\u00e1n\u00ed arcibiskupem z Canterbury, ale tak\u00e9 br\u00e1nila tomu, aby sv\u011btlo Bo\u017e\u00ed oslepilo p\u0159\u00edtomn\u00e9.\u00a0Opravdu se n\u011bkdo b\u00e1l oslepnut\u00ed?\u00a0 Na konci korunovace byl kr\u00e1l Karel III.\u00a0prohl\u00e1\u0161en za \u201em\u00edstodr\u017eitele Boha na zemi\u201c.\u00a0Jak se k t\u00e9to ma\u0161kar\u00e1d\u011b mohli p\u0159ipojit duchovn\u00ed mnoha n\u00e1bo\u017eenstv\u00ed?<\/p>\n<p>Zd\u00e1lo se, \u017ee tyto pompy neodpov\u00eddaj\u00ed n\u00e1stupu kr\u00e1le, ale sp\u00ed\u0161e poh\u0159bu sv\u011bta.\u00a0Poh\u0159bu z\u00e1padn\u00edho sv\u011bta, kter\u00fd dominuje lidstvu.<\/p>\n<h3><span style=\"font-size: 18pt;\">DEN VLASTI<\/span><\/h3>\n<div class=\"wp-block-image\" style=\"text-align: center;\">\n<figure class=\"aligncenter size-large is-resized\"><img decoding=\"async\" loading=\"lazy\" class=\"aligncenter\" src=\"https:\/\/www.voltairenet.org\/local\/cache-vignettes\/L773xH580\/400_-_1_2_-26-002e8.jpg?1683394404\" alt=\"\" width=\"900\" height=\"675\" \/><figcaption><strong>9. kv\u011btna Rusov\u00e9 neslav\u00ed\u00a0<\/strong><strong>\u00a0sv\u00e9<\/strong>\u00a0<strong>vojensk\u00e9 v\u00fdboje v zahrani\u010d\u00ed \u2013 vzd\u00e1vaj\u00ed hold voj\u00e1k\u016fm, kte\u0159\u00ed zem\u0159eli za svou vlast.<\/strong><\/figcaption><\/figure>\n<\/div>\n<p>Dnes, 9. kv\u011btna, Rusko slav\u00ed v\u00edt\u011bzstv\u00ed SSSR nad nacismem.\u00a0Sov\u011btsk\u00e9 obyvatelstvo b\u011bhem druh\u00e9 sv\u011btov\u00e9 v\u00e1lky trp\u011blo stejn\u011b jako polsk\u00e9.\u00a0Zem\u0159elo 27 milion\u016f lid\u00ed, z toho v\u00edce ne\u017e polovina v boji.\u00a0Celkov\u011b zem\u0159el ka\u017ed\u00fd 7. sov\u011btsk\u00fd ob\u010dan (ve srovn\u00e1n\u00ed s ka\u017ed\u00fdm 10. N\u011bmcem, ka\u017ed\u00fdm 83. Francouzem a ka\u017ed\u00fdm 655. Ameri\u010danem).<\/p>\n<p>Aby \u010delila nep\u0159\u00edteli, zem\u011b se spojila.\u00a0Prvn\u00ed tajemn\u00edk Josif Stalin osvobodil v\u011bzn\u011b z ob\u010dansk\u00e9 v\u00e1lky (v gulagu byli disidenti-komunisti, men\u0161evici).\u00a0Skoncoval s n\u00e1bo\u017eenskou perzekuc\u00ed a uzav\u0159el spojenectv\u00ed s pravoslavnou c\u00edrkv\u00ed.\u00a0Toto tragick\u00e9 obdob\u00ed se tak z\u00e1rove\u0148 stalo obdob\u00edm sm\u00ed\u0159en\u00ed a n\u00e1rodn\u00ed jednoty.<\/p>\n<p>Oslava 9. kv\u011btna je tedy jak p\u0159ipom\u00ednkou v\u00e1le\u010dn\u00fdch hr\u016fz, tak schopnost\u00ed spolupracovat na vz\u00e1jemn\u00e9 z\u00e1chran\u011b.\u00a0V sou\u010dasn\u00e9 dob\u011b si Rusov\u00e9 uv\u011bdomuj\u00ed, \u017ee \u201eintegr\u00e1ln\u00ed nacionalist\u00e9\u201c, se kter\u00fdmi bojuj\u00ed na Ukrajin\u011b, jsou d\u011bdici t\u011bch, kte\u0159\u00ed se p\u0159idali k nacist\u016fm, aby vyvra\u017edili co nejv\u00edce \u017did\u016f, Cik\u00e1n\u016f a Slovan\u016f (Podle sou\u010dasn\u00e9ho ofici\u00e1ln\u00edho ukrajinsk\u00e9ho n\u00e1zoru Ukrajinci nejsou striktn\u011b Slovan\u00e9, ale potomci Viking\u016f, Varjagov\u00e9 sm\u00ed\u0161en\u00ed se Slovany).<\/p>\n<h3><span style=\"font-size: 18pt;\">NESMRTELN\u00dd PLUK<\/span><\/h3>\n<div class=\"wp-block-image\" style=\"text-align: center;\">\n<figure class=\"aligncenter size-large\"><img decoding=\"async\" loading=\"lazy\" class=\"aligncenter\" src=\"https:\/\/www.voltairenet.org\/local\/cache-vignettes\/L531xH398\/400_-_1_3_-16-f5ea4.jpg?1683394404\" alt=\"\" width=\"762\" height=\"571\" \/><figcaption><strong>Od roku 2012 pochoduj\u00ed miliony Rus\u016f s portr\u00e9ty p\u0159\u00edbuzn\u00fdch, kte\u0159\u00ed polo\u017eili \u017eivot za svou vlast.<br \/>\nT\u00edm demonstruj\u00ed svou oddanost stejn\u00e9 v\u011bci.<\/strong><\/figcaption><\/figure>\n<\/div>\n<p>Tradi\u010dn\u011b, od roku 1965, Rusov\u00e9 tak\u00e9 pochoduj\u00ed na Den v\u00edt\u011bzstv\u00ed, 9. kv\u011btna, na poctu sv\u00fdm prarodi\u010d\u016fm a praprarodi\u010d\u016fm, kte\u0159\u00ed byli zabiti v boji proti nacist\u016fm.<\/p>\n<p>Od roku 2012 se tato p\u0159ehl\u00eddka roz\u0161\u00ed\u0159ila po cel\u00e9 zemi a byla organizov\u00e1na pod n\u00e1zvem \u201eNesmrteln\u00fd pluk\u201c.\u00a0Dnes nejde ani tak o uct\u00edv\u00e1n\u00ed mrtv\u00fdch, ale o to, vystupovat jako jejich n\u00e1stupci, vyjad\u0159ovat svou ochotu zem\u0159\u00edt, abyste ochr\u00e1nili ostatn\u00ed.\u00a0Rusov\u00e9 nejsou \u0161ovinist\u00e9, ale vlastenci schopn\u00ed sebeob\u011btov\u00e1n\u00ed.<\/p>\n<p>Vzhledem k ukrajinsk\u00fdm \u00fatok\u016fm se v\u011bt\u0161ina t\u011bchto pr\u016fvod\u016f letos neuskute\u010dn\u00ed.\u00a0Vladimir Putin povede oslavy v\u010detn\u011b tradi\u010dn\u00ed p\u0159ehl\u00eddky arm\u00e1d na Rud\u00e9m n\u00e1m\u011bst\u00ed.\u00a0Na Z\u00e1pad\u011b je popisov\u00e1n jako dikt\u00e1tor \u017eij\u00edc\u00ed v luxusu daleko od sv\u00e9ho lidu.\u00a0Jeho spoluob\u010dan\u00e9 v\u011bd\u00ed, \u017ee to nen\u00ed pravda.\u00a0Poch\u00e1z\u00ed z rusk\u00e9 kultury, a proto stejn\u011b jako oni v\u011b\u0159\u00ed, \u017ee luxus by ho nem\u011bl p\u0159im\u011bt zapomenout, \u017ee je stejn\u00fd \u010dlov\u011bk.<\/p>\n<h3><span style=\"font-size: 18pt;\">DVA SV\u011aTY<\/span><\/h3>\n<p>Pokud jsou poddan\u00ed kr\u00e1le Karla III. fascinov\u00e1ni velkolepost\u00ed koruny, spoluob\u010dan\u00e9 prezidenta Putina se domn\u00edvaj\u00ed, \u017ee zdobit se ukraden\u00fdmi \u0161perky nen\u00ed \u017e\u00e1dn\u00e1 noblesa.\u00a0Pro n\u011b m\u00e1 hodnotu jen to, \u010deho \u010dlov\u011bk dos\u00e1hl svou prac\u00ed.<\/p>\n<p><strong>Thierry Meyssan<\/strong><\/p>\n<p><em>Pro Pokec24, odkud je \u010dl\u00e1nek p\u0159evzat, p\u0159elo\u017eila Janinna<\/em><\/p>\n<p><a href=\"https:\/\/www.voltairenet.org\/article219270.html\">ZDROJ<\/a><\/p>\n<p>&nbsp;<\/p>\n<p>&nbsp;<\/p>\n<p><img decoding=\"async\" loading=\"lazy\" class=\"wp-image-19187 aligncenter\" src=\"http:\/\/www.infokuryr.cz\/n\/wp-content\/uploads\/2022\/12\/1-PRO-300x36.jpg\" alt=\"\" width=\"1275\" height=\"153\" srcset=\"https:\/\/www.infokuryr.cz\/n\/wp-content\/uploads\/2022\/12\/1-PRO-300x36.jpg 300w, https:\/\/www.infokuryr.cz\/n\/wp-content\/uploads\/2022\/12\/1-PRO.jpg 699w\" sizes=\"(max-width: 1275px) 100vw, 1275px\" \/><\/p>\n<p>&nbsp;<\/p>\n<p>&nbsp;<\/p>\n","protected":false},"excerpt":{"rendered":"<p>Lond\u00fdn a Moskva jsou d\u011bji\u0161t\u011bm velk\u00fdch kolektivn\u00edch ud\u00e1lost\u00ed.\u00a0Ka\u017ed\u00e1 zem\u011b vyjad\u0159uje sv\u00e9 vlastn\u00ed hodnoty.\u00a0 V Anglii&#8230;<\/p>\n","protected":false},"author":2,"featured_media":27766,"comment_status":"closed","ping_status":"closed","sticky":false,"template":"","format":"standard","meta":[],"categories":[7],"tags":[3291,29,102,22,276,303],"_links":{"self":[{"href":"https:\/\/www.infokuryr.cz\/n\/wp-json\/wp\/v2\/posts\/27765"}],"collection":[{"href":"https:\/\/www.infokuryr.cz\/n\/wp-json\/wp\/v2\/posts"}],"about":[{"href":"https:\/\/www.infokuryr.cz\/n\/wp-json\/wp\/v2\/types\/post"}],"author":[{"embeddable":true,"href":"https:\/\/www.infokuryr.cz\/n\/wp-json\/wp\/v2\/users\/2"}],"replies":[{"embeddable":true,"href":"https:\/\/www.infokuryr.cz\/n\/wp-json\/wp\/v2\/comments?post=27765"}],"version-history":[{"count":0,"href":"https:\/\/www.infokuryr.cz\/n\/wp-json\/wp\/v2\/posts\/27765\/revisions"}],"wp:featuredmedia":[{"embeddable":true,"href":"https:\/\/www.infokuryr.cz\/n\/wp-json\/wp\/v2\/media\/27766"}],"wp:attachment":[{"href":"https:\/\/www.infokuryr.cz\/n\/wp-json\/wp\/v2\/media?parent=27765"}],"wp:term":[{"taxonomy":"category","embeddable":true,"href":"https:\/\/www.infokuryr.cz\/n\/wp-json\/wp\/v2\/categories?post=27765"},{"taxonomy":"post_tag","embeddable":true,"href":"https:\/\/www.infokuryr.cz\/n\/wp-json\/wp\/v2\/tags?post=27765"}],"curies":[{"name":"wp","href":"https:\/\/api.w.org\/{rel}","templated":true}]}}