{"id":27763,"date":"2023-05-10T06:45:55","date_gmt":"2023-05-10T04:45:55","guid":{"rendered":"http:\/\/www.infokuryr.cz\/n\/?p=27763"},"modified":"2023-05-10T06:45:55","modified_gmt":"2023-05-10T04:45:55","slug":"vlada-jako-ustavni-pat-a-mat-vlada-odvolala-a-jmenovala-ministra","status":"publish","type":"post","link":"https:\/\/www.infokuryr.cz\/n\/2023\/05\/10\/vlada-jako-ustavni-pat-a-mat-vlada-odvolala-a-jmenovala-ministra\/","title":{"rendered":"Vl\u00e1da jako \u00fastavn\u00ed Pat a Mat: Vl\u00e1da odvolala a jmenovala ministra"},"content":{"rendered":"<div id=\"fb-root\"><\/div>\n<p><span style=\"font-size: 18pt;\"><strong>Vl\u00e1da Petra Fialy se \u00dastavou m\u00e1st nenech\u00e1. Rozhodla se, \u017ee bude jmenovat ministry sama.<\/strong><\/span><\/p>\n<p>Na\u0161el jsem na\u00a0<a href=\"about:blank\">usnesen\u00ed vl\u00e1dy ze\u00a04.\u00a05.\u00a02023 \u010d.\u00a0326 o\u00a0odvol\u00e1n\u00ed a\u00a0jmenov\u00e1n\u00ed ministra pro evropsk\u00e9 z\u00e1le\u017eitosti<\/a>:\u00a0<em>Vl\u00e1da<\/em><\/p>\n<ol start=\"4\">\n<li><em>odvol\u00e1v\u00e1 ke dni 4.\u00a0kv\u011btna 2023 ministra pro evropsk\u00e9 z\u00e1le\u017eitosti doc. PhDr. Mikul\u00e1\u0161e Beka, Ph.D.;<\/em><\/li>\n<li><em>jmenuje ke dni 4.\u00a0kv\u011btna 2023 ministra Ing. Martina Dvo\u0159\u00e1ka ministrem pro evropsk\u00e9 z\u00e1le\u017eitosti.<\/em><\/li>\n<\/ol>\n<p><strong>Podle \u00dastavy jmenuje a\u00a0odvol\u00e1v\u00e1 ministra prezident<\/strong><\/p>\n<p>Podle \u010dl\u00e1nku 62 p\u00edsmeno a) \u00dastavy v\u0161ak odvol\u00e1v\u00e1 a\u00a0jmenuje ministra prezident republiky, kter\u00fd tak v\u00a0p\u0159\u00edpad\u011b Mikul\u00e1\u0161e Beka a\u00a0Martina Dvo\u0159\u00e1ka u\u010dinil 4.\u00a05.\u00a02023, kdy\u017e pov\u011b\u0159il Mikul\u00e1\u0161e Beka \u0159\u00edzen\u00edm Ministerstva \u0161kolstv\u00ed, ml\u00e1de\u017ee a\u00a0t\u011blov\u00fdchovy a\u00a0Martina Dvo\u0159\u00e1ka jmenoval ministrem.<\/p>\n<p>\u017d\u00e1dn\u00e9 Ministerstvo pro evropsk\u00e9 z\u00e1le\u017eitosti u\u00a0n\u00e1s neexistuje, proto de iure nen\u00ed a\u00a0nebyl \u017e\u00e1dn\u00fd ministr pro evropsk\u00e9 z\u00e1le\u017eitosti. Bek byl i\u00a0Dvo\u0159\u00e1k je pouh\u00fdm ministrem bez ministerstva, kter\u00fd se b\u011b\u017en\u011b naz\u00fdv\u00e1 ministrem bez portfeje (z\u00a0francouzsk\u00e9ho bez aktovky, proto\u017ee nespravuje \u017e\u00e1dn\u00e9 ministerstvo). Jsou jmenov\u00e1n\u00ed proto, aby se v\u00edce osob dostalo k\u00a0vl\u00e1dn\u00edmu obro\u010d\u00ed. Jsou to minist\u0159i druh\u00e9 politick\u00e9 kategorie. Vl\u00e1dy, kter\u00e9 \u0161et\u0159\u00ed, takov\u00e9 ministry nez\u0159izuj\u00ed (nem\u011bla je prvn\u00ed vl\u00e1da Mirka Topol\u00e1nka 2006-07, vl\u00e1da Ji\u0159\u00edho Rusnoka 2013-14 a\u00a0prvn\u00ed vl\u00e1da Andreje Babi\u0161e 2017-18). Ostatn\u00ed vl\u00e1dy ne\u0161et\u0159ily a\u00a0tyto ministry m\u011bly. Aby skryla pl\u00fdtv\u00e1n\u00ed, sna\u017e\u00ed se vl\u00e1da tyto ministry prezentovat jako ministry s\u00a0resortn\u00ed n\u00e1pln\u00ed, ale pr\u00e1vo to tak nevid\u00ed.<\/p>\n<p>Ne\u00fastavn\u00ed usnesen\u00ed vl\u00e1dy je minim\u00e1ln\u011b hloup\u00e9. Prost\u011b \u017e\u00e1dn\u00e9 ministry vl\u00e1da jmenovat nem\u016f\u017ee a\u00a0nem\u016f\u017ee je ani odvolat. Z\u0159ejm\u011b vl\u00e1da cht\u011bla vyj\u00e1d\u0159it, \u017ee Bek i\u00a0Dvo\u0159\u00e1k budou pov\u011b\u0159eni n\u011bjakou \u010dinnost\u00ed, ale to nen\u00ed jmenov\u00e1n\u00ed \u010di\u00a0odvol\u00e1n\u00ed ministra.<\/p>\n<p>Dv\u011b slovensk\u00e9 poh\u00e1dkov\u00e9 figury Pat a\u00a0Mat se staly synonymem sna\u017eiv\u00e9 neschopnosti. Jak kdyby Pat a\u00a0Mat psali toto usnesen\u00ed vl\u00e1dy. A\u00a0vl\u00e1da tento zjevn\u00fd nesmysl odsouhlasila 18 hlasy z\u00a018 \u010dlen\u016f. V\u0161ichni na \u00dastavu p\u0159\u00edsahali. Nem\u011bli by ji tedy zn\u00e1t? M\u016f\u017eeme nad t\u00edm m\u00e1vnout rukou, kdyby \u0161lo jen o\u00a0jednu neznalost \u00dastavy, ale nepostupuje i\u00a0v\u00a0jin\u00fdch v\u011bcech vl\u00e1da obdobn\u011b?<\/p>\n<p><strong>Zden\u011bk Koudelka<\/strong><\/p>\n<p><img decoding=\"async\" loading=\"lazy\" class=\"alignnone size-full wp-image-6154\" src=\"http:\/\/www.infokuryr.cz\/n\/wp-content\/uploads\/2021\/11\/zdenek-koudelka.jpeg\" alt=\"\" width=\"280\" height=\"210\" \/><\/p>\n<p>___________________________<\/p>\n<p>&nbsp;<\/p>\n<p>&nbsp;<\/p>\n<p><img decoding=\"async\" loading=\"lazy\" class=\"wp-image-19187 aligncenter\" src=\"http:\/\/www.infokuryr.cz\/n\/wp-content\/uploads\/2022\/12\/1-PRO-300x36.jpg\" alt=\"\" width=\"1275\" height=\"153\" srcset=\"https:\/\/www.infokuryr.cz\/n\/wp-content\/uploads\/2022\/12\/1-PRO-300x36.jpg 300w, https:\/\/www.infokuryr.cz\/n\/wp-content\/uploads\/2022\/12\/1-PRO.jpg 699w\" sizes=\"(max-width: 1275px) 100vw, 1275px\" \/><\/p>\n<p>&nbsp;<\/p>\n<p>&nbsp;<\/p>\n<p>&nbsp;<\/p>\n<p>&nbsp;<\/p>\n","protected":false},"excerpt":{"rendered":"<p>Vl\u00e1da Petra Fialy se \u00dastavou m\u00e1st nenech\u00e1. Rozhodla se, \u017ee bude jmenovat ministry sama. Na\u0161el&#8230;<\/p>\n","protected":false},"author":2,"featured_media":6914,"comment_status":"closed","ping_status":"closed","sticky":false,"template":"","format":"standard","meta":[],"categories":[6],"tags":[4938,1426,322,99],"_links":{"self":[{"href":"https:\/\/www.infokuryr.cz\/n\/wp-json\/wp\/v2\/posts\/27763"}],"collection":[{"href":"https:\/\/www.infokuryr.cz\/n\/wp-json\/wp\/v2\/posts"}],"about":[{"href":"https:\/\/www.infokuryr.cz\/n\/wp-json\/wp\/v2\/types\/post"}],"author":[{"embeddable":true,"href":"https:\/\/www.infokuryr.cz\/n\/wp-json\/wp\/v2\/users\/2"}],"replies":[{"embeddable":true,"href":"https:\/\/www.infokuryr.cz\/n\/wp-json\/wp\/v2\/comments?post=27763"}],"version-history":[{"count":0,"href":"https:\/\/www.infokuryr.cz\/n\/wp-json\/wp\/v2\/posts\/27763\/revisions"}],"wp:featuredmedia":[{"embeddable":true,"href":"https:\/\/www.infokuryr.cz\/n\/wp-json\/wp\/v2\/media\/6914"}],"wp:attachment":[{"href":"https:\/\/www.infokuryr.cz\/n\/wp-json\/wp\/v2\/media?parent=27763"}],"wp:term":[{"taxonomy":"category","embeddable":true,"href":"https:\/\/www.infokuryr.cz\/n\/wp-json\/wp\/v2\/categories?post=27763"},{"taxonomy":"post_tag","embeddable":true,"href":"https:\/\/www.infokuryr.cz\/n\/wp-json\/wp\/v2\/tags?post=27763"}],"curies":[{"name":"wp","href":"https:\/\/api.w.org\/{rel}","templated":true}]}}