{"id":27761,"date":"2023-05-10T06:26:58","date_gmt":"2023-05-10T04:26:58","guid":{"rendered":"http:\/\/www.infokuryr.cz\/n\/?p=27761"},"modified":"2023-05-10T06:26:58","modified_gmt":"2023-05-10T04:26:58","slug":"zidovskych-obeti-bylo-11-17-milionu-rokycansky-starosta-perli","status":"publish","type":"post","link":"https:\/\/www.infokuryr.cz\/n\/2023\/05\/10\/zidovskych-obeti-bylo-11-17-milionu-rokycansky-starosta-perli\/","title":{"rendered":"\u201e\u017didovsk\u00fdch ob\u011bt\u00ed bylo 11-17 milion\u016f\u201c, rokycansk\u00fd starosta perl\u00ed"},"content":{"rendered":"<div id=\"fb-root\"><\/div>\n<h2 class=\"entry-title\">\u201ePraha se osvobodila sama\u201c, rozumuje M. Kalousek. Ani posv\u00e1tn\u00fdch 6 milion\u016f u\u017e nesta\u010d\u00ed? P\u0159episov\u00e1n\u00ed historie jede na pln\u00fd plyn<\/h2>\n<p>\u201e<strong>Zhruba 11 a\u017e 17 milion\u016f \u017did\u016f bylo odvle\u010deno do koncentra\u010dn\u00edch t\u00e1bor\u016f. Tak\u00e9 z Rokycan byly deportov\u00e1ny v<a href=\"https:\/\/www.parlamentnilisty.cz\/zpravy\/kauzy\/-Cesi-vedi-Oslavy-bez-vlajky-SSSR-Pridelenec-USA-jel-Ukrajinu-735749\">\u0161echny \u017eidovsk\u00e9 rodiny<\/a>,\u201c tuhle historickou perlu vypustil z \u00fast starosta Rokycan jist\u00fd Tom\u00e1\u0161 Rada (Rokycan\u0161t\u00ed patrioti)<\/strong>. Soudn\u00fd \u010dlov\u011bk by se asi podivil,\u00a0<strong>jak mohli n\u011bme\u010dt\u00ed nacist\u00e9 zavl\u00e9ci do koncentr\u00e1ku 17 mil. \u017did\u016f, kdy\u017e jich v dob\u011b 2. sv\u011btov\u00e9 v\u00e1lky \u017eilo po cel\u00e9m sv\u011bt\u011b pouze 12 milion\u016f<\/strong>, Jen\u017ee dnes\u00a0<strong>takov\u00e1 evidentn\u00ed pitomost nep\u0159ijde nikomu podivn\u00e1<\/strong>. Dokonce nikdo nep\u0159ipom\u00edn\u00e1 ono posv\u00e1tn\u00e9 \u010d\u00edslo 6 milion\u016f, kter\u00e9 se nesm\u00ed pod hrozbou trestn\u011b pr\u00e1vn\u00edch sankc\u00ed jinak zpochyb\u0148ovat. V\u017edy\u0165 jedin\u00e9 ob\u011bti,\u00a0<strong>nad kter\u00fdmi se sm\u00ed ofici\u00e1ln\u011b truchlit, jsou v posledn\u00edch 20-25 letech ob\u011bti \u017eidovsk\u00e9ho holocaustu<\/strong>. Ot\u00e1zkou tedy nen\u00ed, zda je rokycansk\u00fd starosta nevzd\u011blan\u00fd hlup\u00e1k! Ot\u00e1zkou je,\u00a0<strong>pro\u010d se nad t\u00edm ve\u0159ejn\u011b nikdo nepodivuje?! Z\u0159ejm\u011b to skute\u010dn\u00fdm p\u00e1n\u016fm zem\u011b vyhovuje\u2026.<\/strong>\u00a0To ale zdaleka nen\u00ed v\u0161e.<\/p>\n<p><strong>Podle M. Kalouska neosvobodila Prahu Rud\u00e1 arm\u00e1da, ale pra\u017e\u0161t\u00ed povstalci. Co na tom, \u017ee je to prokazateln\u00fd historick\u00fd nesmysl<\/strong>\u00a0a pr\u00e1v\u011b rychl\u00fd postup sov\u011btsk\u00fdch vojsk ku Praze zabr\u00e1nil jej\u00edmu zni\u010den\u00ed a masakru Pra\u017ean\u016f a sov\u011btsk\u00e1 vojska svedla na p\u0159edm\u011bst\u00ed Prahy 9. kv\u011btna postupov\u00e9 boje s ustupuj\u00edc\u00edmi n\u011bmeck\u00fdmi vojsky.\u00a0<strong>Ani tahle le\u017e nikomu nevad\u00ed. Naopak!\u00a0<\/strong>Soudn\u00fd \u010dlov\u011bk se asi bude pt\u00e1t, pro\u010d se tedy Pra\u017ean\u00e9 neosvobodili ji\u017e v roce 1942, kdy\u017e ty Rusy k ni\u010demu vlastn\u011b nepot\u0159ebovali. Jen\u017ee takov\u00e9 ot\u00e1zky si nikdo neklade. <strong>Naopak mno\u017e\u00ed se v\u00fdzvy pro re\u017eimn\u00edch aktivist\u016f k likvidaci v\u0161ech p\u0159ipom\u00ednek osvobozen\u00ed zem\u011b Rusou arm\u00e1dou.<\/strong><\/p>\n<p><strong>V\u00fdro\u010d\u00ed konce 2. sv\u011btov\u00e9 v\u00e1lky p\u0159ineslo \u0159adu podobn\u00fdch projev\u016f a ty z \u00fast prore\u017eimn\u00edch politik\u016f na v\u0161ech \u00farovn\u00edch vyzn\u011bly doslova jako z Orwella. Historie se u\u017e nep\u0159episuje pomalu, ale na pln\u00fd plyn. C\u00edlem je vymazat historickou pam\u011b\u0165 \u010desk\u00e9ho n\u00e1roda a ud\u011blat z n\u011bj st\u00e1do dobytka ur\u010den\u00e9ho nejprve k otrock\u00e9 pr\u00e1ci a n\u00e1sledn\u011b k likvidaci jako zbyte\u010dn\u00fdch jedl\u00edk\u016f.<\/strong><\/p>\n<p><strong>Nechaj\u00ed si to \u010ce\u0161i l\u00edbit, nebo se t\u00e9 glob\u00e1ln\u00ed parazituj\u00edc\u00ed hyd\u0159e postav\u00ed na rozhodn\u00fd odpor. To jej\u00ed p\u0159\u00edslu\u0161n\u00edci n\u00e1m vyhl\u00e1sili boj na \u017eivot a na smrt.<\/strong>\u00a0P\u0159ijm\u011bme ten boj a bojujme ze v\u0161ech sil za na\u0161\u00ed n\u00e1rodn\u00ed z\u00e1chranu!<\/p>\n<p><a href=\"https:\/\/ceskavec.com\/2023\/05\/zidovskych-obeti-bylo-11-17-milionu-rokycansky-starosta-perli-praha-se-osvobodila-sama-rozumuje-m-kalousek-ani-ani-posvatnych-6-milionu-uz-nestaciprepisovani-historie-jede-na-plny-plyn\">Mike Don\u00e1k, Texas, USA<\/a><\/p>\n<p>&nbsp;<\/p>\n<p>&nbsp;<\/p>\n<p><img decoding=\"async\" loading=\"lazy\" class=\"wp-image-19187 aligncenter\" src=\"http:\/\/www.infokuryr.cz\/n\/wp-content\/uploads\/2022\/12\/1-PRO-300x36.jpg\" alt=\"\" width=\"1275\" height=\"153\" srcset=\"https:\/\/www.infokuryr.cz\/n\/wp-content\/uploads\/2022\/12\/1-PRO-300x36.jpg 300w, https:\/\/www.infokuryr.cz\/n\/wp-content\/uploads\/2022\/12\/1-PRO.jpg 699w\" sizes=\"(max-width: 1275px) 100vw, 1275px\" \/><\/p>\n<p>&nbsp;<\/p>\n<p>&nbsp;<\/p>\n","protected":false},"excerpt":{"rendered":"<p>\u201ePraha se osvobodila sama\u201c, rozumuje M. Kalousek. Ani posv\u00e1tn\u00fdch 6 milion\u016f u\u017e nesta\u010d\u00ed? P\u0159episov\u00e1n\u00ed historie&#8230;<\/p>\n","protected":false},"author":2,"featured_media":7863,"comment_status":"closed","ping_status":"closed","sticky":false,"template":"","format":"standard","meta":[],"categories":[6],"tags":[28,871,1614,92],"_links":{"self":[{"href":"https:\/\/www.infokuryr.cz\/n\/wp-json\/wp\/v2\/posts\/27761"}],"collection":[{"href":"https:\/\/www.infokuryr.cz\/n\/wp-json\/wp\/v2\/posts"}],"about":[{"href":"https:\/\/www.infokuryr.cz\/n\/wp-json\/wp\/v2\/types\/post"}],"author":[{"embeddable":true,"href":"https:\/\/www.infokuryr.cz\/n\/wp-json\/wp\/v2\/users\/2"}],"replies":[{"embeddable":true,"href":"https:\/\/www.infokuryr.cz\/n\/wp-json\/wp\/v2\/comments?post=27761"}],"version-history":[{"count":0,"href":"https:\/\/www.infokuryr.cz\/n\/wp-json\/wp\/v2\/posts\/27761\/revisions"}],"wp:featuredmedia":[{"embeddable":true,"href":"https:\/\/www.infokuryr.cz\/n\/wp-json\/wp\/v2\/media\/7863"}],"wp:attachment":[{"href":"https:\/\/www.infokuryr.cz\/n\/wp-json\/wp\/v2\/media?parent=27761"}],"wp:term":[{"taxonomy":"category","embeddable":true,"href":"https:\/\/www.infokuryr.cz\/n\/wp-json\/wp\/v2\/categories?post=27761"},{"taxonomy":"post_tag","embeddable":true,"href":"https:\/\/www.infokuryr.cz\/n\/wp-json\/wp\/v2\/tags?post=27761"}],"curies":[{"name":"wp","href":"https:\/\/api.w.org\/{rel}","templated":true}]}}