{"id":27736,"date":"2023-05-10T01:11:23","date_gmt":"2023-05-09T23:11:23","guid":{"rendered":"http:\/\/www.infokuryr.cz\/n\/?p=27736"},"modified":"2023-05-09T17:11:29","modified_gmt":"2023-05-09T15:11:29","slug":"ukrajinska-mirova-jednani-jsou-nyni-nemozna","status":"publish","type":"post","link":"https:\/\/www.infokuryr.cz\/n\/2023\/05\/10\/ukrajinska-mirova-jednani-jsou-nyni-nemozna\/","title":{"rendered":"Ukrajinsk\u00e1 m\u00edrov\u00e1 jedn\u00e1n\u00ed jsou nyn\u00ed nemo\u017en\u00e1"},"content":{"rendered":"<div id=\"fb-root\"><\/div>\n<p><span style=\"font-size: 18pt;\"><strong>Antonio Guterres \u0159ekl El Pais, \u017ee Kyjev i Moskva jsou p\u0159esv\u011bd\u010deny, \u017ee mohou zajistit vojensk\u00e9 v\u00edt\u011bzstv\u00ed, a proto nejsou ochotny d\u011blat kompromisy<\/strong><\/span><\/p>\n<p><span>Je mal\u00e1 \u0161ance, \u017ee Ukrajina a Rusko v dohledn\u00e9 dob\u011b zasednou k jednac\u00edmu stolu, \u0159ekl gener\u00e1ln\u00ed tajemn\u00edk OSN Antonio Guterres \u0161pan\u011blsk\u00e9mu listu El Pa\u00eds s t\u00edm, \u017ee ob\u011b zem\u011b st\u00e1le v\u011b\u0159\u00ed, \u017ee mohou sv\u00fdch c\u00edl\u016f dos\u00e1hnout vojensky.<\/span><\/p>\n<p><span>V rozhovoru zve\u0159ejn\u011bn\u00e9m v pond\u011bl\u00ed Guterres \u0159ekl: \u201e\u00a0<\/span><em><span>Bohu\u017eel se domn\u00edv\u00e1m, \u017ee m\u00edrov\u00e1 jedn\u00e1n\u00ed nejsou v tuto chv\u00edli mo\u017en\u00e1.\u00a0<\/span><\/em><span>\u201c Vysv\u011btlil, \u017ee Rusko se zd\u00e1 b\u00fdt neochotn\u00e9 \u201e\u00a0<\/span><em><span>v tuto chv\u00edli st\u00e1hnout z \u00fazem\u00ed, kter\u00e1 okupuje<\/span><\/em><span>\u00a0\u201c, zat\u00edmco \u201e\u00a0<\/span><em><span>Ukrajina douf\u00e1, \u017ee je znovu ovl\u00e1dne<\/span><\/em><span>\u00a0\u201c silou.<\/span><\/p>\n<p><span>Diplomat dodal, \u017ee navzdory okolnostem OSN p\u0159esto d\u011bl\u00e1 v\u0161e pro to, aby p\u0159im\u011bla Kyjev a Moskvu k jedn\u00e1n\u00ed.\u00a0Zm\u00ednil dohodu o obil\u00ed \u2013 jej\u00ed\u017e budoucnost v sou\u010dasnosti vis\u00ed v rovnov\u00e1ze, proto\u017ee Rusko ji odm\u00edt\u00e1 obnovit po 18. kv\u011btnu \u2013 jako\u00a0zat\u00edm \u201e\u00a0<\/span><em><span>nejd\u016fle\u017eit\u011bj\u0161\u00ed iniciativu \u201c.<\/span><\/em><\/p>\n<p><span>Podle Guterrese pracuj\u00ed vysoc\u00ed p\u0159edstavitel\u00e9 na tom, aby uspo\u0159\u00e1dali sch\u016fzku z\u00fa\u010dastn\u011bn\u00fdch stran v Istanbulu za \u00fa\u010delem prodlou\u017een\u00ed dohody.\u00a0\u00da\u0159edn\u00edk uznal, \u017ee n\u00e1mitky Moskvy jsou opr\u00e1vn\u011bn\u00e9, a dodal, \u017ee i kdy\u017e v\u00fdvoz potravin a hnojiv ze zem\u011b nepodl\u00e9h\u00e1 sankc\u00edm, je fakticky blokov\u00e1n \u201e\u00a0<\/span><em><span>nep\u0159\u00edm\u00fdmi p\u0159ek\u00e1\u017ekami, kter\u00e9 p\u0159etrv\u00e1vaj\u00ed.\u00a0<\/span><\/em><span>\u201c<\/span><\/p>\n<p><span>Ibrahim Kalin, p\u0159edn\u00ed tureck\u00fd prezidentsk\u00fd poradce pro zahrani\u010dn\u00ed politiku, v ned\u011bln\u00edm projevu pro T\u00fcrkiye&#8217;s Haberturk TV uvedl, \u017ee: \u201e\u00a0<\/span><em><span>Tato v\u00e1lka neskon\u010d\u00ed pozi\u010dn\u00edmi zisky, ale novou bezpe\u010dnostn\u00ed dohodou mezi dv\u011bma glob\u00e1ln\u00edmi bloky.\u00a0<\/span><\/em><span>Argumentoval t\u00edm, \u017ee sou\u010dasn\u00fd konflikt je ve skute\u010dnosti konfliktem mezi Ruskem a kolektivn\u00edm Z\u00e1padem, co\u017e odr\u00e1\u017e\u00ed pozici Moskvy.<\/span><\/p>\n<p><span>\u201e\u00a0<\/span><em><span>Tato v\u00e1lka nen\u00ed mezi Ruskem a Ukrajinou, ale mezi Ruskem a z\u00e1padn\u00edm blokem.\u00a0Studen\u00e1 v\u00e1lka 2.0,<\/span><\/em><span>\u00a0\u201c vysv\u011btlil Kalin.<\/span><\/p>\n<p><span>Tureck\u00fd p\u0159edstavitel v\u0161ak poznamenal, \u017ee v sou\u010dasnosti je jen mal\u00e1 \u0161ance na dialog, proto\u017ee sou\u010dasn\u00e9 \u201e\u00a0<\/span><em><span>mezin\u00e1rodn\u00ed klima je naklon\u011bno sp\u00ed\u0161e v\u00e1lce ne\u017e m\u00edru.\u00a0<\/span><\/em><span>\u201c<\/span><\/p>\n<p><span>Mezit\u00edm, tak\u00e9 v ned\u011bli, b\u00fdval\u00fd americk\u00fd ministr zahrani\u010d\u00ed Henry Kissinger \u0159ekl CBS News, \u017ee konflikt na Ukrajin\u011b se mo\u017en\u00e1 bl\u00ed\u017e\u00ed bodu obratu.\u00a0Diplomat p\u0159edpov\u011bd\u011bl, \u017ee m\u00edrov\u00e1 jedn\u00e1n\u00ed pod z\u00e1\u0161titou \u010c\u00edny by se mohla konat do konce roku 2023.<\/span><\/p>\n<p><span>EU a USA rychle ignorovaly dvan\u00e1ctibodov\u00fd m\u00edrov\u00fd pl\u00e1n navr\u017een\u00fd Pekingem v den v\u00fdro\u010d\u00ed konfliktu.\u00a0Rusk\u00fd prezident Vladimir Putin p\u0159iv\u00edtal n\u011bkter\u00e9 prvky dokumentu, zat\u00edmco ukrajinsk\u00fd prezident Vladimir Zelenskyj s n\u011bkter\u00fdmi jeho body souhlasil, ale trv\u00e1 na postoji, \u017ee s Putinovou vl\u00e1dou nevyjedn\u00e1v\u00e1.<\/span><\/p>\n<p><img decoding=\"async\" loading=\"lazy\" class=\"alignnone size-full wp-image-1185\" src=\"http:\/\/www.infokuryr.cz\/n\/wp-content\/uploads\/2021\/04\/kuryr-podpis.png\" alt=\"\" width=\"84\" height=\"24\" \/><\/p>\n<p>&nbsp;<\/p>\n<p>&nbsp;<\/p>\n<p><img decoding=\"async\" loading=\"lazy\" class=\"wp-image-19187 aligncenter\" src=\"http:\/\/www.infokuryr.cz\/n\/wp-content\/uploads\/2022\/12\/1-PRO-300x36.jpg\" alt=\"\" width=\"1317\" height=\"158\" srcset=\"https:\/\/www.infokuryr.cz\/n\/wp-content\/uploads\/2022\/12\/1-PRO-300x36.jpg 300w, https:\/\/www.infokuryr.cz\/n\/wp-content\/uploads\/2022\/12\/1-PRO.jpg 699w\" sizes=\"(max-width: 1317px) 100vw, 1317px\" \/><\/p>\n<p>&nbsp;<\/p>\n<p>&nbsp;<\/p>\n","protected":false},"excerpt":{"rendered":"<p>Antonio Guterres \u0159ekl El Pais, \u017ee Kyjev i Moskva jsou p\u0159esv\u011bd\u010deny, \u017ee mohou zajistit vojensk\u00e9&#8230;<\/p>\n","protected":false},"author":2,"featured_media":13690,"comment_status":"closed","ping_status":"closed","sticky":false,"template":"","format":"standard","meta":[],"categories":[7],"tags":[1232,565,186,26],"_links":{"self":[{"href":"https:\/\/www.infokuryr.cz\/n\/wp-json\/wp\/v2\/posts\/27736"}],"collection":[{"href":"https:\/\/www.infokuryr.cz\/n\/wp-json\/wp\/v2\/posts"}],"about":[{"href":"https:\/\/www.infokuryr.cz\/n\/wp-json\/wp\/v2\/types\/post"}],"author":[{"embeddable":true,"href":"https:\/\/www.infokuryr.cz\/n\/wp-json\/wp\/v2\/users\/2"}],"replies":[{"embeddable":true,"href":"https:\/\/www.infokuryr.cz\/n\/wp-json\/wp\/v2\/comments?post=27736"}],"version-history":[{"count":0,"href":"https:\/\/www.infokuryr.cz\/n\/wp-json\/wp\/v2\/posts\/27736\/revisions"}],"wp:featuredmedia":[{"embeddable":true,"href":"https:\/\/www.infokuryr.cz\/n\/wp-json\/wp\/v2\/media\/13690"}],"wp:attachment":[{"href":"https:\/\/www.infokuryr.cz\/n\/wp-json\/wp\/v2\/media?parent=27736"}],"wp:term":[{"taxonomy":"category","embeddable":true,"href":"https:\/\/www.infokuryr.cz\/n\/wp-json\/wp\/v2\/categories?post=27736"},{"taxonomy":"post_tag","embeddable":true,"href":"https:\/\/www.infokuryr.cz\/n\/wp-json\/wp\/v2\/tags?post=27736"}],"curies":[{"name":"wp","href":"https:\/\/api.w.org\/{rel}","templated":true}]}}