{"id":27712,"date":"2023-05-10T00:59:00","date_gmt":"2023-05-09T22:59:00","guid":{"rendered":"http:\/\/www.infokuryr.cz\/n\/?p=27712"},"modified":"2023-05-09T13:51:48","modified_gmt":"2023-05-09T11:51:48","slug":"petr-hannig-revizionismus-v-praxi-a-zprava-o-tom-co-se-delo-6-kvetna","status":"publish","type":"post","link":"https:\/\/www.infokuryr.cz\/n\/2023\/05\/10\/petr-hannig-revizionismus-v-praxi-a-zprava-o-tom-co-se-delo-6-kvetna\/","title":{"rendered":"Petr Hannig: Revizionismus v praxi a zpr\u00e1va o tom, co se d\u011blo 6. kv\u011btna"},"content":{"rendered":"<div id=\"fb-root\"><\/div>\n<p><strong>Nikdy jsem tak \u00fapln\u011b za minul\u00e9ho re\u017eimu nerozum\u011bl, kdy\u017e tehdej\u0161\u00ed vl\u00e1da a tehdej\u0161\u00ed m\u00e9dia ozna\u010dila n\u011bkoho za revizionistu. V\u00a0souvislosti s\u00a0datem konce Druh\u00e9 sv\u011btov\u00e9 v\u00e1lky a por\u00e1\u017eky nacismu se mi nakonec i tento, pro mne v\u00a0minulosti nejasn\u00fd term\u00edn, n\u00e1le\u017eit\u011b osv\u011btlil.<\/strong><\/p>\n<p>V prvn\u00ed \u0159ad\u011b, zd\u00e1 se mi, \u017ee se popul\u00e1rn\u00ed moder\u00e1to\u0159i zvl\u00e1\u0161t\u011b na stanici \u010cRo Dvojka jako \u010dert k\u0159\u00ed\u017ei vyh\u00fdbaj\u00ed term\u00ednu Dne v\u00edt\u011bzstv\u00ed (ale i minul\u00fd t\u00fdden Sv\u00e1tku pr\u00e1ce) a p\u0159ej\u00ed kr\u00e1sn\u00e9 pro\u017eit\u00ed voln\u00fdch dn\u016f, maxim\u00e1ln\u011b n\u00e1s sm\u011b\u0159uj\u00ed do Plzn\u011b. Tak\u017ee vlastn\u011b cel\u00e1 republika asi nebyla okupov\u00e1na v\u00e1le\u010dn\u00fdm N\u011bmeckem, tak\u017ee nemusela b\u00fdt od nacist\u016f osvobozena, pouze Plze\u0148sko a \u00fazem\u00ed na z\u00e1pad od demarka\u010dn\u00ed \u010d\u00e1ry.<\/p>\n<p>\u010cili ti, kte\u0159\u00ed se o politiku nezaj\u00edmaj\u00ed (ale p\u0159esto zodpov\u011bdn\u011b chod\u00ed k\u00a0volb\u00e1m), z\u00edskaj\u00ed ten spr\u00e1vn\u00fd pocit, \u017ee n\u00e1s vlastn\u011b Rud\u00e1 arm\u00e1da (Sov\u011btsk\u00fd svaz, kter\u00fd je za\u017eit\u00fdm synonymem pro Rusko) neosvobodila. Mysl\u00edm si, \u017ee to je od program\u00e1tor\u016f na\u0161ich mysl\u00ed docela hloupost, proto\u017ee \u010ceskoslovensko osvobodil vojensk\u00fd \u00fatvar, kter\u00fd se naz\u00fdval ukrajinsk\u00fd front (1. 2. 3. a 4.). Tak\u017ee tak by to mohla m\u00e9dia naz\u00fdvat, kdy\u017e se vyh\u00fdbaj\u00ed tomu, \u017ee \u010dty\u0159i p\u011btiny sou\u010dasn\u00e9 \u010cR osvobodila Rud\u00e1 arm\u00e1da. Vyhne se tak takov\u00fdm absurdit\u00e1m, kter\u00fdmi jsme byli zahlcov\u00e1ny d\u0159\u00edve, kdy se ignorovalo, \u017ee z\u00e1pad \u010cSSR osvobodila od nacistick\u00e9ho N\u011bmecka i arm\u00e1da americk\u00e1. Zd\u00e1 se mi, \u017ee je zde ur\u010dit\u00fd pokus revidovat v\u00fdsledky Druh\u00e9 sv\u011btov\u00e9 v\u00e1lky a por\u00e1\u017eky nacismu a fa\u0161ismu.<\/p>\n<p>Pr\u00e1v\u011b tak, jak p\u0159em\u00fd\u0161liv\u00ed lid\u00e9 v\u00a0minul\u00e9m re\u017eimu na protest proti vnucovan\u00e9 ideologii a zatajov\u00e1n\u00ed toho, \u017ee n\u00e1s osvobodili nejenom Sov\u011bti, ale i Ameri\u010dan\u00e9, m\u011bli r\u00e1di v\u0161e americk\u00e9 (i anglick\u00e9), \u010dili anglosask\u00e9, a tento podzemn\u00ed pramen se vylil z\u00a0b\u0159eh\u016f v\u00a0roce 1968, kdy vznikly country skupiny s\u00a0n\u00e1zvy Greenhorns, Rangers atd., kter\u00e9 se potom po normaliza\u010dn\u00edm tlaku p\u0159ejmenovaly na Zelen\u00e1\u010de, Plavce\u2026 Ale tzv. soft power, neboli m\u011bkk\u00e1 s\u00edla, neust\u00e1le bublala pod povrchem, kdy se tajn\u011b sh\u00e1n\u011bly na burz\u00e1ch desky se v\u0161\u00edm, co bylo britsk\u00e9 \u010di americk\u00e9. Tato m\u011bkk\u00e1 s\u00edla m\u00e1 mnohdy v\u011bt\u0161\u00ed s\u00edlu, ne\u017e ty nejmodern\u011bj\u0161\u00ed zbra\u0148ov\u00e9 syst\u00e9my, a naplno se to projevilo v\u00a0listopadu 1989, kdy se re\u017eim zhroutil jako domek ze z\u00e1palek. A nepomohlo tomu jak\u00e9koliv zakazov\u00e1n\u00ed v\u00a0pr\u016fb\u011bhu let 1969 \u2013 1989.<\/p>\n<p>A nyn\u00ed se d\u011bje n\u011bco podobn\u00e9ho v\u00a0obr\u00e1cen\u00e9m gardu. Pod\u00edval jsem se na demonstraci 6.\u00a0kv\u011btna na V\u00e1clavsk\u00e9m n\u00e1m\u011bst\u00ed, kdy\u017e jsem p\u0159edt\u00edm absolvoval p\u0159enos z\u00a0korunovace Karla\u00a0III na\u00a0CNN\u00a0Prima News, zvukov\u011b i koment\u00e1\u0159i daleko l\u00e9pe pojatou ne\u017e na na\u0161\u00ed ve\u0159ejnopr\u00e1vn\u00ed \u010cT (p\u0159ep\u00ednal jsem), kde se m\u00edsto komentov\u00e1n\u00ed p\u0159\u00edm\u00fdch ud\u00e1lost\u00ed nudn\u011b vypov\u00edd\u00e1vali r\u016fzn\u00ed host\u00e9 a histori\u010dka. Ov\u0161em pouze nov\u00fd britsk\u00fd velvyslanec \u0159ekl velice d\u016fle\u017eitou v\u011bc. \u017de cel\u00e1 korunovace a jej\u00ed p\u0159enos do cel\u00e9ho sv\u011bta je naprosto siln\u00e1 \u00bbsoft power\u00ab, m\u011bkk\u00e1 s\u00edla. Mimochodem, po demonstraci jsem jej potkal v\u00a0obchodn\u00edm centru Chodov na britsk\u00e9m dnu, kde jsem s\u00a0n\u00edm prohodil n\u011bkolik slov.<\/p>\n<p>Mimochodem, napadlo v\u00e1s n\u011bkoho p\u0159i sledov\u00e1n\u00ed korunovace, \u017ee Spojen\u00e9mu kr\u00e1lovstv\u00ed v\u016fbec neu\u0161kodilo vystoupen\u00ed z\u00a0EU?<\/p>\n<p>A<a title=\"\" href=\"https:\/\/www.iportal24.cz\/featured\/ve-strakovce-rozhodne-cr-neni-na-prvnim-miste-jsme-zanzibar\/\">\u00a0t\u00edmto m\u016fstkem se vrac\u00edm k\u00a0demonstraci<\/a>. I kdy\u017e lid\u00ed na V\u00e1clav\u00e1ku bylo nepom\u011brn\u011b m\u00e9n\u011b ne\u017e na akc\u00edch Jind\u0159icha Rajchla, atmosf\u00e9ra byla, jak jsem poci\u0165oval, daleko svobodn\u011bj\u0161\u00ed. Nikomu nikdo nic nezakazoval v\u010detn\u011b jak\u00fdchkoliv vlajek. Projevy rozeb\u00edraly sou\u010dasnou politickou a ekonomickou situaci (Ji\u0159\u00ed Paroubek, p\u0159edseda spolku NESPOKOJEN\u00cd), proti zatahov\u00e1n\u00ed do v\u00e1le\u010dn\u00e9ho d\u011bn\u00ed pak Eva Novotn\u00e1 \u2013 Ne z\u00e1kladn\u00e1m, Kate\u0159ina Kone\u010dn\u00e1, p\u0159edsedkyn\u011b KS\u010cM. Mimochodem komunist\u00e9 kone\u010dn\u011b mohli rozvinout sv\u00e9 stranick\u00e9 vlajky a vid\u011bl jsem tam i vlajku hnut\u00ed Domov, spolupracuj\u00edc\u00edm se spolkem Nespokojen\u00ed. A kdy\u017e u\u017e zmi\u0148uji stranu Domov, tak mus\u00edm zm\u00ednit i Janu Volfovou, p\u0159edsedkyni \u010cesk\u00e9 Suverenity, kter\u00e1 je hnac\u00edm motorem spolku Nespokojen\u00ed. Sb\u00edrala podpisy pod petici. Pro\u010d to p\u00ed\u0161u? I kdy\u017e uzn\u00e1v\u00e1m nesm\u00edrnou pracovitost Jany Volfov\u00e9, tak mi snad nebude m\u00edt za zl\u00e9, \u017ee se mi velice l\u00edbil projev Lubom\u00edra Voln\u00e9ho, p\u0159edsedy Voln\u00e9ho bloku, kter\u00fd nepostr\u00e1dal ur\u010dit\u00fd humor, byl skv\u011ble strukturov\u00e1n a mluvil tzv. z hlavy. Sv\u00fdm zp\u016fsobem se bl\u00ed\u017eil modernost\u00ed a razanc\u00ed Jind\u0159ichu Rajchlovi.<\/p>\n<p>Sv\u00fdm vystoupen\u00edm zaujala i doktorka Vladim\u00edra V\u00edtov\u00e1, p\u0159edsedkyn\u011b Aliance n\u00e1rodn\u00edch sil, kter\u00e1 je zase hnac\u00edm motorem nov\u00e9ho uskupen\u00ed stran a hnut\u00ed \u00bbREBELOV\u00c9, vystupme z\u00a0EU a NATO\u00ab jedin\u00e9ho uskupen\u00ed, kter\u00e9 se neboj\u00ed hl\u00e1sat, \u017ee \u010dlenstv\u00ed v\u00a0obou organizac\u00edch je pro \u010cR \u0161kodliv\u00e9. V\u00a0EU kv\u016fli zelen\u00e9mu \u0161\u00edlenstv\u00ed a v\u00a0NATO, \u017ee n\u00e1s to v sou\u010dasn\u00e9 situaci stoj\u00ed nek\u0159es\u0165ansk\u00e9 pen\u00edze (n\u00e1kup drah\u00fdch zbra\u0148ov\u00fdch syst\u00e9m\u016f, v\u010detn\u011b letadel).<\/p>\n<p>A v\u00edte, co by mohlo b\u00fdt tou m\u011bkkou silou, kter\u00e1 by mohla usp\u011bt u\u017e t\u0159eba ve volb\u00e1ch do Evropsk\u00e9ho parlamentu. Kdyby se tato dv\u011b uskupen\u00ed (v\u010detn\u011b Voln\u00e9ho bloku), dala dohromady a dok\u00e1zala, \u017ee se chce spojovat v\u00a0z\u00e1jmu ob\u010dan\u016f t\u00e9to zem\u011b, na rozd\u00edl od strany PRO (tato strana chce kandidovat v\u0161ude sama, jak jsem sly\u0161el). Jak to m\u00e1 nyn\u00ed SPD, nev\u00edm. Spolupracuj\u00ed s\u00a0Trikolorou, ale mysl\u00edm si, \u017ee tzv. mal\u00e9 strany jsou pod rozli\u0161ovac\u00ed schopnost\u00ed Tomia Okamury. Ale vzpome\u0148me na Svatoplukovy pruty. Kdy\u017e se i mal\u00e9 s\u00edly spoj\u00ed, mohou dos\u00e1hnout pozoruhodn\u00fdch v\u00fdsledk\u016f.<\/p>\n<p><strong>Petr Hannig, p\u0159edseda Rozumn\u00fdch a b\u00fdval\u00fd prezidentsk\u00fd kandid\u00e1t<\/strong><\/p>\n<p>&nbsp;<\/p>\n<p>&nbsp;<\/p>\n<p><img decoding=\"async\" loading=\"lazy\" class=\"wp-image-19187 aligncenter\" src=\"http:\/\/www.infokuryr.cz\/n\/wp-content\/uploads\/2022\/12\/1-PRO-300x36.jpg\" alt=\"\" width=\"1317\" height=\"158\" srcset=\"https:\/\/www.infokuryr.cz\/n\/wp-content\/uploads\/2022\/12\/1-PRO-300x36.jpg 300w, https:\/\/www.infokuryr.cz\/n\/wp-content\/uploads\/2022\/12\/1-PRO.jpg 699w\" sizes=\"(max-width: 1317px) 100vw, 1317px\" \/><\/p>\n<p>&nbsp;<\/p>\n<p>&nbsp;<\/p>\n<p>&nbsp;<\/p>\n","protected":false},"excerpt":{"rendered":"<p>Nikdy jsem tak \u00fapln\u011b za minul\u00e9ho re\u017eimu nerozum\u011bl, kdy\u017e tehdej\u0161\u00ed vl\u00e1da a tehdej\u0161\u00ed m\u00e9dia ozna\u010dila&#8230;<\/p>\n","protected":false},"author":2,"featured_media":12094,"comment_status":"closed","ping_status":"closed","sticky":false,"template":"","format":"standard","meta":[],"categories":[6],"tags":[1042,29,2002,122],"_links":{"self":[{"href":"https:\/\/www.infokuryr.cz\/n\/wp-json\/wp\/v2\/posts\/27712"}],"collection":[{"href":"https:\/\/www.infokuryr.cz\/n\/wp-json\/wp\/v2\/posts"}],"about":[{"href":"https:\/\/www.infokuryr.cz\/n\/wp-json\/wp\/v2\/types\/post"}],"author":[{"embeddable":true,"href":"https:\/\/www.infokuryr.cz\/n\/wp-json\/wp\/v2\/users\/2"}],"replies":[{"embeddable":true,"href":"https:\/\/www.infokuryr.cz\/n\/wp-json\/wp\/v2\/comments?post=27712"}],"version-history":[{"count":0,"href":"https:\/\/www.infokuryr.cz\/n\/wp-json\/wp\/v2\/posts\/27712\/revisions"}],"wp:featuredmedia":[{"embeddable":true,"href":"https:\/\/www.infokuryr.cz\/n\/wp-json\/wp\/v2\/media\/12094"}],"wp:attachment":[{"href":"https:\/\/www.infokuryr.cz\/n\/wp-json\/wp\/v2\/media?parent=27712"}],"wp:term":[{"taxonomy":"category","embeddable":true,"href":"https:\/\/www.infokuryr.cz\/n\/wp-json\/wp\/v2\/categories?post=27712"},{"taxonomy":"post_tag","embeddable":true,"href":"https:\/\/www.infokuryr.cz\/n\/wp-json\/wp\/v2\/tags?post=27712"}],"curies":[{"name":"wp","href":"https:\/\/api.w.org\/{rel}","templated":true}]}}