{"id":27640,"date":"2023-05-09T01:01:42","date_gmt":"2023-05-08T23:01:42","guid":{"rendered":"http:\/\/www.infokuryr.cz\/n\/?p=27640"},"modified":"2023-05-08T16:37:40","modified_gmt":"2023-05-08T14:37:40","slug":"osvobozeni-ceskoslovenska-1945-nikdy-nezapomeneme-vojakum-rude-armady-ze-nas-osvobodili-a-za-nas-zivoty-polozili","status":"publish","type":"post","link":"https:\/\/www.infokuryr.cz\/n\/2023\/05\/09\/osvobozeni-ceskoslovenska-1945-nikdy-nezapomeneme-vojakum-rude-armady-ze-nas-osvobodili-a-za-nas-zivoty-polozili\/","title":{"rendered":"Osvobozen\u00ed \u010ceskoslovenska 1945: nikdy nezapomeneme voj\u00e1k\u016fm Rud\u00e9 arm\u00e1dy, \u017ee n\u00e1s osvobodili a za n\u00e1s \u017eivoty polo\u017eili"},"content":{"rendered":"<div id=\"fb-root\"><\/div>\n<div class=\"introtext\">\n<p><span style=\"font-size: 18pt;\"><strong>Nelze nic chyt\u0159ej\u0161\u00edho u\u017e napsat: pouze jasn\u011b \u0159\u00edct, \u017ee d\u011bjiny se nem\u011bn\u00ed, ty jsou dan\u00e9 a u\u017e se nikdy nevr\u00e1t\u00ed. Proto jsou to d\u011bjiny a nikoliv budoucnost.<\/strong><\/span><\/p>\n<\/div>\n<div class=\"fulltext\">\n<p>A mnoz\u00ed z n\u00e1s u\u017e by se ani nenarodili. Ale v\u017edy m\u011bjte na pam\u011bti, \u017ee u\u017e nikdy nesm\u00edte zn\u00e1sil\u0148ovat na\u0161e du\u0161e jako v roce 1968. Ty pat\u0159\u00ed pouze n\u00e1m, \u010desk\u00e9mu a slovensk\u00e9mu lidu.<\/p>\n<p><span style=\"font-size: 18pt;\"><strong>Osvobozen\u00ed \u010ceskoslovenska 1945<\/strong><\/span><\/p>\n<p>P\u0159\u00edpravy na obrovskou zimn\u00ed ofenz\u00edvu sov\u011btsk\u00fdch vojsk byly v pln\u00e9m proudu. Jej\u00ed zah\u00e1jen\u00ed bylo stanoveno na 20.leden 1945. A u\u017e v\u00edce jak dvacet let n\u00e1m l\u017eou, \u017ee vojska USA state\u010dn\u011b bojovala, ale SSSR v \u010dele se Stalinem anglo-americk\u00fdm vojsk\u016fm postup zak\u00e1zalo. Pro\u010d se slavn\u00e1 americk\u00e1 arm\u00e1da boj\u00ed pravdy jako \u010dert k\u0159\u00ed\u017ee?<\/p>\n<p><span style=\"font-size: 18pt;\"><strong>Kolik \u010deskoslovensk\u00fdch ob\u010dan\u016f zahynulo kv\u016fli dal\u0161\u00edmu zlo\u010dinu D. Eisenhowera?<\/strong><\/span><\/p>\n<p>Na z\u00e1padn\u00ed front\u011b nastal neuv\u011b\u0159iteln\u00fd klid. Co se schov\u00e1valo za ustrnut\u00edm americko-britsk\u00fdch sil p\u0159ed Siegfriedovou lini\u00ed na francouzsko-n\u011bmeck\u00fdch hranic\u00edch v Arden\u00e1ch? Spojeneck\u00e9 velen\u00ed, v jeho\u017e \u010dele st\u00e1l gener\u00e1l Eisenhower, zd\u016fvod\u0148ovalo zastaven\u00ed britsko-americk\u00fdch vojsk p\u0159ed n\u011bmeck\u00fdmi hranicemi v z\u00e1\u0159\u00ed 1944 nedostatkem komunikac\u00ed (dnes v\u00edme, \u017ee dal\u0161\u00ed zrada byla ve Velk\u00e9 Brit\u00e1nii, kdy i gener\u00e1l P\u00edka a Ludv\u00edk Svoboda nedost\u00e1vali \u017e\u00e1dn\u00e9 informace do Buzuluku, i kdy\u017e m\u011bli radiostanice a rusk\u00e1 generalita za\u010dala ned\u016fv\u011b\u0159ovat \u010deskoslovensk\u00e9mu velen\u00ed, zda nezradilo), \u0161patn\u00fdm po\u010das\u00edm, mohutnost\u00ed fa\u0161istick\u00e9 obrany a nedosta\u010duj\u00edc\u00edmi mo\u017enostmi pro p\u0159\u00edsun z\u00e1loh a z\u00e1sob pro sv\u00e1 vojska. (Dnes op\u011bt v\u00edme, za jak\u00e9ho utrpen\u00ed bojovala \u010deskoslovensko-sov\u011btsk\u00e1 arm\u00e1da a jak nafint\u011bn\u00ed voj\u00e1ci dorazili do Plzn\u011b s pohrd\u00e1n\u00edm nad \u0161p\u00ednou na\u0161ich a sov\u011btsk\u00fdch vojsk a rozhazov\u00e1n\u00edm milion\u016f \u017ev\u00fdka\u010dek jako ps\u016fm).<strong>\u00a0A tyto v\u00fdmluvy byly ofici\u00e1ln\u00ed.<\/strong><\/p>\n<p>Fakticky v\u0161ak z\u00e1padn\u00ed fronta kalkulovala, \u017ee se hitlerovsk\u00e9mu werhmachtu poda\u0159\u00ed zadr\u017eet sov\u011btsk\u00e1 vojska na Od\u0159e a na dal\u0161\u00edch toc\u00edch. Pova\u017eovali je za nep\u0159ekro\u010diteln\u00e9. Spol\u00e9hali na nedobytnost v\u00fdchodoprusk\u00e9ho valu se spoustou \u017eelezobetonov\u00fdch opevn\u011bn\u00ed s obrovsk\u00fdm mno\u017estv\u00edm z\u00e1kop\u016f a protitankov\u00fdch p\u0159ek\u00e1\u017eek.(<em>Dnes u\u017e se d\u00e1 dolo\u017eit, \u017ee zat\u00edmco Svobodova arm\u00e1da sv\u00e1d\u011bla t\u011b\u017ek\u00e9 boje u Dukly, aby se probila na pomoc \u010ceskoslovensku, americk\u00e1 arm\u00e1da \u017ev\u00fdkala \u017ev\u00fdka\u010dky a v\u00e1lela se p\u0159ed Siegfriedovou lini\u00ed na francouzsko-n\u011bmeck\u00fdch hranic\u00edch v Arden\u00e1ch.)<\/em><\/p>\n<p><strong>Kdy\u017e si Hitler uv\u011bdomil dal\u0161\u00ed zradu spojenc\u016f Sov\u011btsk\u00e9ho svazu, tvrd\u011b za\u00fato\u010dil je\u0161t\u011b p\u0159ed lednem.<\/strong>\u00a0<em>A to byl d\u011bsiv\u00fd \u0161ok pro arm\u00e1du USA za zradu, kter\u00e1 sem jela skoro na v\u00fdlet<\/em>. Jen 1.americk\u00e1 arm\u00e1da ztratila v t\u011bchto boj\u00edch 100 000 mu\u017e\u016f. Fa\u0161ist\u00e9 se zmocnili tis\u00edc\u016f kulomet\u016f, stovek tank\u016f a lacino z\u00edskali sklady s ohromn\u00fdm mno\u017estv\u00edm pohonn\u00fdch hmot, potravin, a uko\u0159istili mnoho milion\u016f kus\u016f munice. Anglo-americkou arm\u00e1du zachv\u00e1tila panika.<\/p>\n<table>\n<tbody>\n<tr>\n<td>P\u0159esto dnes modern\u00ed v\u00fdklad d\u011bjin tvrd\u00ed, \u017ee sov\u011btsk\u00e1 arm\u00e1da zbyte\u010dn\u011b \u00fato\u010dila a hnala voj\u00e1ky na smrt. Pr\u00fd Svoboda neposlouchal exilovou vl\u00e1du a bojoval po boku sov\u011btsk\u00e9 arm\u00e1dy. A studenti dle modern\u00edho v\u00fdkladu v\u011b\u0159\u00ed, \u017ee Svoboda zradil. Fakta pr\u00fd u\u017e nejsou d\u016fle\u017eit\u00e1 &#8211; mus\u00ed se to v\u0161e zpracovat modern\u00ed metodou.<\/td>\n<\/tr>\n<\/tbody>\n<\/table>\n<p><span style=\"font-size: 18pt;\">A \u017ee\u00a0<strong>podruh\u00e9 sov\u011btsk\u00e1 arm\u00e1da zas\u00e1hla na pomoc USA<\/strong>\u00a0&#8211; dokazuje v\u00fd\u0148atek z dopisu\u00a0<strong>W.Churchilla<\/strong>\u00a0zaslan\u00e9ho\u00a0<strong>6.ledna 1945<\/strong>\u00a0pro Stalina do Moskvy<\/span><\/p>\n<table>\n<tbody>\n<tr>\n<td><em>S\u00e1m v\u00edte ze sv\u00e9 zku\u0161enosti, jak znepokuj\u00edc\u00ed je situace, kdy\u017e je nutno h\u00e1jit velmi \u0161irokou frontu po do\u010dasn\u00e9 ztr\u00e1t\u011b iniciativy. (My\u0161leno zd\u011b\u0161en\u00ed ze smrti 100 000 americk\u00fdch voj\u00e1k\u016f) Budu V\u00e1m vd\u011b\u010den, budete li moci Eisenhowerovi sd\u011blit, m\u016f\u017eeme li b\u011bhem ledna po\u010d\u00edtat s velkou ruskou ofenz\u00edvou na front\u011b u Visly nebo kdekoliv na jin\u00e9m m\u00edst\u011b. Pokl\u00e1d\u00e1m z\u00e1le\u017eitost za nal\u00e9havou.<\/em><\/p>\n<p><em><strong>W.Churchill<\/strong><\/em><\/td>\n<\/tr>\n<\/tbody>\n<\/table>\n<p>N\u00e1sledn\u011b gener\u00e1l Moskalenko doplnil: nen\u00ed vylou\u010deno, \u017ee se pokus\u00ed Hitler nab\u00eddnout Anglo-Ameri\u010dan\u016fm separ\u00e1tn\u00ed m\u00edr. Proto mus\u00edme do Berl\u00edna dorazit prvn\u00ed. Obrovsk\u00e1 ofenz\u00edva, zah\u00e1jen\u00e1 19.ledna 1945 na \u0161\u00ed\u0159ce 1200 kilometr\u016f od Baltu po Karpaty byla z\u00e1kladem tot\u00e1ln\u00ed por\u00e1\u017eky Hitlerova nacismu. Jenom v t\u00e9to ofenz\u00edv\u011b padlo 800 000 fa\u0161istick\u00fdch voj\u00e1k\u016f a 350 000 bylo zajato! (\u017d<em>e to dramaticky uvolnilo ruce gener\u00e1lu\u00a0<b>George Smith Pattonovi net\u0159eba ani dod\u00e1vat.<\/b>\u00a0Av\u0161ak, nesm\u00edme b\u00fdt nespravedliv\u00ed, Patton byl skv\u011bl\u00fd gener\u00e1l, a\u010d p\u0159ehnan\u011b p\u0159\u00edsn\u00fd. Pouze v tomto kontextu je nutn\u00e9 vid\u011bt,\u00a0<strong>pro\u010d sov\u011btsk\u00e1 a \u010deskoslovensk\u00e1 arm\u00e1da byla otrhan\u00e1 a zb\u011bdovan\u00e1, zat\u00edmco Pattonova arm\u00e1da p\u0159ijela zvesela a se z\u00e1sobami \u0161minek a \u017ev\u00fdka\u010dek<\/strong>.)<\/em><\/p>\n<p>Des\u00e1t\u00e9ho kv\u011btna 1945 dopoledne vjely prvn\u00ed dva tanky 1.\u010ds. tankov\u00e9\u00a0 brig\u00e1dy v SSSR Ludv\u00edka Svobody se samopaln\u00edky do svobodn\u00e9 Prahy.<\/p>\n<p><span style=\"font-size: 18pt;\"><strong>Pou\u017eity v\u00fdpov\u011bdi Arm\u00e1dn\u00edho gener\u00e1la Ludv\u00edka Svobody<\/strong><\/span><\/p>\n<p>A p\u0159id\u00e1v\u00e1m osobn\u00ed p\u0159\u00edb\u011bh<\/p>\n<p>Jsem \u010cech, jsem Pra\u017e\u00e1k, ba co v\u00edc, moji rodi\u010de a prarodi\u010de poch\u00e1z\u00ed z\u00a0m\u00edst, kde se SS jednotky vy\u0159\u00e1dily nejv\u00edc:\u00a0<strong>Pankr\u00e1c, Zelen\u00e1 li\u0161ka, Nusle a \u2026 Reitknechtka.<\/strong><\/p>\n<h2><strong>Kv\u011bten 1945<\/strong><\/h2>\n<p>Pokus\u00edm popsat, co si pamatuji z\u00a0vypr\u00e1v\u011bn\u00ed otce a matky, kte\u0159\u00ed ten masakr jako jedni z\u00a0m\u00e1la p\u0159e\u017eili.\u00a0 Byl konec dubna roku1945 a na statku Reitknechtka bylo \u201eBo\u017e\u00ed dopu\u0161t\u011bn\u00ed\u201c. Badatel Ledvinka a Tom\u00e1\u0161 Jakl z Vojensk\u00e9ho historick\u00e9ho \u00fastavu to popisuj\u00ed takto: . Jeden z pomn\u00ed\u010dk\u016f stoj\u00ed i u statku Reitknechtka. Odtud h\u00e1jila pankr\u00e1ckou pl\u00e1\u0148 nad michelsk\u00fdm \u00fadol\u00edm po\u010detn\u00e1 skupina povstalc\u016f.\u00a0<strong>Za jejich podporu byli po dobyt\u00ed Reitknechtky jednotkami SS vyvra\u017ed\u011bni v\u0161ichni pracovn\u00edci statku i se sv\u00fdmi d\u011btmi<\/strong>.<\/p>\n<p><strong>Ne, nebyla to \u00fapln\u00e1 pravda.<\/strong>\u00a0N\u011bkolik jich p\u0159e\u017eilo, (tam toti\u017e byly je\u0161t\u011b ukryt\u00e9 dv\u011b mal\u00e9 skupiny \u017een a d\u011bt\u00ed), ale prost\u011b cht\u011bly zapomenout na zr\u016fdn\u00e9 SS komando a na zv\u011brstva, kter\u00e1 tam za\u017eily. Tak potom ml\u010dely. Na\u0161e matka byla ve \u010dtvrt\u00e9m m\u011bs\u00edci \u00a0t\u011bhotenstv\u00ed (nejstar\u0161\u00ed sestra), kdy\u017e se n\u011bkolika mamink\u00e1m poda\u0159ilo ukr\u00fdt v\u00a0nejhlub\u0161\u00edm sklep\u011b.\u00a0<strong>Mimo d\u011bt\u00ed tam byla i jedna dal\u0161\u00ed maminka (tak\u00e9 t\u011bhotn\u00e1), kter\u00e1 byla post\u0159elen\u00e1 do b\u0159icha a na\u0161\u00ed matce zem\u0159ela na kl\u00edn\u011b.<\/strong>\u00a0Po mnoho dn\u00ed si rozd\u011blovaly po jedn\u00e9 kosti\u010dce \u010dokol\u00e1dy na den (nikoliv cel\u00e9, ale kosti\u010dce) a trochu vody. Mal\u00fdm d\u011btem zakr\u00fdvaly \u00fasta, aby ani nehlesly. Ve dne, v\u00a0noci. N\u00e1\u0161 otec, kter\u00fd tam dorazil za matkou, netu\u0161il, \u017ee tam je komando SS. Kdy\u017e tam v\u00a0noci p\u0159i\u0161el, bylo u\u017e pozd\u011b na n\u00e1vrat. Jen B\u016fh v\u00ed, jak se mu to poda\u0159ilo, ale byla tam hromada p\u00edsku a v\u017edy s\u00a0sebou nosil trubi\u010dku, kdyby byl z\u00e1val a cukr na p\u0159e\u017eit\u00ed.\u00a0<strong>Kdy\u017e sly\u0161el dup\u00e1n\u00ed jednotek SS, zahrabal se do p\u00edsku a dva dni d\u00fdchal pouze trubi\u010dkou a le\u017eel zahrab\u00e1n.<\/strong><\/p>\n<p><img decoding=\"async\" class=\"aligncenter\" src=\"https:\/\/www.skrytapravda.cz\/images\/6.kveten\/reitchnetka.jpg\" alt=\"\" \/><\/p>\n<p>Pro\u010d tam ty \u017eeny byly? Na konci v\u00e1lky nebylo u\u017e ml\u00e9ko, ovoce, mnohdy ani chl\u00e9b a tento statek sk\u00fdtal pro m\u00edstn\u00ed z\u00e1chranu. Mnohdy jim kulky l\u00e9taly nad hlavou, ale jak na\u0161e matka \u0159\u00edkala, ony to tak nebraly. A a\u017e teprve po v\u00e1lce se mnoh\u00e9 zhroutily a l\u00e9\u010dily se.<\/p>\n<p>Pokud si dob\u0159e pamatuji (rodi\u010de n\u00e1m o tom necht\u011bli \u0159\u00edkat, snad\u00a0pouze jednou \u010di dvakr\u00e1t ve slab\u0161\u00ed chvilce promluvili) otec asi po dvou dnech sly\u0161el st\u0159elbu a vzdaluj\u00edc\u00ed se b\u011bh SS, riskl to, a vyb\u011bhl na opa\u010dnou stranu<strong>. P\u0159e\u017eil.<\/strong>\u00a0V\u00a0tu samou chv\u00edli vyb\u011bhla druh\u00e1 skupina ze sklepa a tak\u00e9 \u010d\u00e1st p\u0159e\u017eila. Ale za cenu, \u017ee\u00a0<strong>ta \u010d\u00e1st, kter\u00e1 je na pomn\u00edku, se u\u017e konce v\u00e1lky nedo\u017eila<\/strong>. (Dopln\u011bn\u00ed &#8211; na dvou pomn\u00edc\u00edch) Co se pravd\u011bpodobn\u011b stalo? V\u00a0druh\u00e9m \u00fakrytu se jedno d\u011bcko nepoda\u0159ilo uhl\u00eddat a za\u010dalo plakat. Kdy\u017e to jednotky SS zaslechly, za\u010daly do sklepa h\u00e1zet gran\u00e1ty a ty, co vyb\u011bhly ven, jednodu\u0161e post\u0159\u00edlely. A toho zmatku a hr\u016fzy vyu\u017eila skupina, ve kter\u00e9 byla matka a poda\u0159ilo se n\u011bkolika zachr\u00e1nit. A\u017e o n\u011bkolik dn\u00ed pozd\u011bji se spolu op\u011bt matka s\u00a0otcem setkali a teprve pak s\u00a0hr\u016fzou, ale i se \u0161t\u011bst\u00edm zjistili, jak byli v\u010detn\u011b m\u00e9 sestry (nenarozen\u00e9) v\u0161ichni t\u0159i bl\u00edzko smrti a dokonce na jednom m\u00edst\u011b a jak se z\u00e1zrakem zachr\u00e1nili.<\/p>\n<p>Tenkr\u00e1t na\u0161e matka \u0159\u00edkala, \u017ee tam sch\u00e1z\u00ed jm\u00e9na dal\u0161\u00edch zast\u0159elen\u00fdch d\u011bt\u00ed a maminek (podle po\u010dtu), ale ne\u0161lo je dohledat.<\/p>\n<p><span style=\"font-size: 18pt;\"><strong>Jakoby nesta\u010dila jedna zvr\u00e1cenost.<\/strong><\/span><\/p>\n<p>To, \u017ee se pak dostali do bezpe\u010d\u00ed, (v\u0161ude se st\u0159\u00edlelo a lidsk\u00e9 masakry byly \u0161\u00edlen\u00e9), bylo\u00a0<strong>z\u00e1sluhou Vlasovc\u016f<\/strong>, kte\u0159\u00ed Praze pomohli a mnoho jich za Prahu padlo.<\/p>\n<table border=\"5\">\n<tbody>\n<tr>\n<td>A n\u00e1\u0161 t\u00e1ta to lakonicky tenkr\u00e1t s\u00a0pohrd\u00e1n\u00edm zhodnotil: na rozkaz americk\u00e9ho gener\u00e1la (Pattona) museli z\u00a0Prahy vypadnout sm\u011brem na jih, ani jsme jim nesta\u010dili pod\u011bkovat. A m\u00edsto, aby je Ameri\u010dani ochr\u00e1nili, tak si v\u00edc v\u00e1\u017eili fa\u0161ist\u016f, kter\u00e9 Rus\u016fm nevydali. Vlasovce ano a ty pak Stalin nechal pov\u011bsit!<\/td>\n<\/tr>\n<\/tbody>\n<\/table>\n<p>A zde je popis badatel\u016f z\u00a0roku 2011<\/p>\n<h2><em>Zelen\u00e1 li\u0161ka \u2013 Reitknechtka<\/em><\/h2>\n<p><img decoding=\"async\" loading=\"lazy\" class=\"alignleft\" src=\"http:\/\/www.paratdnes.cz\/b.wz.cz\/upload\/p\/paratdnes_wz_cz\/201505\/2835\/zabvrazdeni_220x361.jpg\" alt=\"\" width=\"220\" height=\"361\" \/>\u00a0Jednotky SS si v Praze po\u010d\u00ednaly velmi krut\u011b &#8211; popravy zajat\u00fdch povstalc\u016f, ale tak\u00e9 vra\u017ed\u011bn\u00ed t\u011bhotn\u00fdch \u017een a d\u011bt\u00ed. Nejhor\u0161\u00ed zv\u011brstva se stala v okol\u00ed Zelen\u00e9 li\u0161ky, kde povstalci obkl\u00ed\u010dili \u0161kolu SS. &#8222;Ti eses\u00e1ci ze \u0161koly na Zelen\u00e9 li\u0161ce ozna\u010dovali budovy, ze kter\u00fdch se na n\u011b st\u0159\u00edlelo,\u00a0<strong>a potom popravovali lidi, kte\u0159\u00ed byli v t\u011bch domech\u00a0ukryt\u00ed<\/strong>,&#8220; popisuje tehdej\u0161\u00ed ud\u00e1losti Tom\u00e1\u0161 Jakl z Vojensk\u00e9ho historick\u00e9ho \u00fastavu.<\/p>\n<p><span style=\"font-size: 18pt;\"><strong>Jedn\u00edm z epicenter tvrd\u00fdch boj\u016f byla Pankr\u00e1c<\/strong><\/span><\/p>\n<p>Boje v\u00a0t\u00e9to pra\u017esk\u00e9 \u010dtvrti p\u0159ipom\u00ednaj\u00ed u\u017e jen pomn\u00ed\u010dky a m\u00edstopisn\u00e9 n\u00e1zvy. Ulice 5. kv\u011btna, Ob\u011bt\u00ed 6. kv\u011btna nebo stanice metra Pra\u017esk\u00e9ho povst\u00e1n\u00ed. Jeden z pomn\u00ed\u010dk\u016f stoj\u00ed i u statku Reitknechtka. Odtud h\u00e1jila pankr\u00e1ckou pl\u00e1\u0148 nad michelsk\u00fdm \u00fadol\u00edm po\u010detn\u00e1 skupina povstalc\u016f. Za jejich podporu byly po dobyt\u00ed Reitknechtky jednotkami SS vyvra\u017ed\u011bni v\u0161ichni pracovn\u00edci statku i se sv\u00fdmi d\u011btmi.<\/p>\n<p>Pr\u00e1v\u011b Pankr\u00e1c se na n\u011bkolik dn\u00ed prom\u011bnila v krvav\u00e9 frontov\u00e9 boji\u0161t\u011b, kde se bojovalo o celou Prahu &#8211; jedna z nejv\u011bt\u0161\u00edch barik\u00e1d vyrostla nap\u0159\u00edklad na rohu n\u00e1m\u011bst\u00ed brat\u0159\u00ed Synk\u016f. &#8222;Barik\u00e1dy byly hlavn\u00ed strategick\u00fd prost\u0159edek povst\u00e1n\u00ed. Vyrostly z\u00a0velk\u00e9 \u010d\u00e1sti 6. kv\u011btna a odhaduje se, \u017ee jich bylo p\u0159es dva tis\u00edce. Boj\u016f na barik\u00e1d\u00e1ch se z\u00fa\u010dastnilo asi 30 tis\u00edc Pra\u017ean\u016f,&#8220; dod\u00e1v\u00e1 V\u00e1clav Ledvinka z\u00a0Archivu hlavn\u00edho m\u011bsta Prahy.<\/p>\n<\/div>\n<p>&nbsp;<\/p>\n<p>&nbsp;<\/p>\n<div class=\"fulltext\">\n<dl class=\"imgcaption alignleft\">\n<dt><img decoding=\"async\" loading=\"lazy\" class=\"alignleft\" src=\"http:\/\/www.paratdnes.cz\/b.wz.cz\/upload\/p\/paratdnes_wz_cz\/201505\/2835\/1011444_140342_Reitknechtka_1928b_360x193.jpg\" alt=\"Reitknechtka z jin\u00e9ho pohledu\" width=\"360\" height=\"193\" \/><\/dt>\n<dd>Reitknechtka z jin\u00e9ho pohledu<\/dd>\n<\/dl>\n<p><strong>V kritick\u00fdch chv\u00edl\u00edch p\u0159i\u0161la Praze ne\u010dekan\u00e1 pomoc od Rusk\u00e9 osvobozeneck\u00e9 arm\u00e1dy (ROA) gener\u00e1la Andreje Vlasova.<\/strong>\u00a0Vlasovci byli b\u00fdval\u00ed rudoarm\u011bjci, kte\u0159\u00ed\u00a0<em><strong>v n\u011bmeck\u00e9m zajet\u00ed<\/strong><\/em>\u00a0vstoupili do nacistick\u00fdch slu\u017eeb.\u00a0<em><strong>Koncem v\u00e1lky se sna\u017eili proj\u00edt na Z\u00e1pad a vzd\u00e1t se Ameri\u010dan\u016fm.<\/strong><\/em>\u00a0N\u00e1rodn\u00ed rada\u00a0v\u0161ak z obavy p\u0159ed reakc\u00ed Sov\u011btsk\u00e9ho svazu odm\u00edtla uznat vlasovce za spojence, co\u017e vedlo v noci na 8. kv\u011btna k jejich odchodu.\u00a0<strong>(Tot\u00e9\u017e tenkr\u00e1t \u0159\u00edkal i n\u00e1\u0161 otec!)<\/strong>\u00a0Za to, \u017ee ob\u011bt\u00ed povst\u00e1n\u00ed bylo jen\u00a0<em>&#8222;dva a p\u016fl tis\u00edce&#8220;<\/em>\u00a0Praha vd\u011b\u010d\u00ed pr\u00e1v\u011b kontroverzn\u00edm vlasovc\u016fm. Ti toti\u017e nasadili v ulic\u00edch Prahy do boj\u016f s nacisty dvacet tis\u00edc dob\u0159e vyzbrojen\u00fdch a vycvi\u010den\u00fdch voj\u00e1k\u016f. A p\u0159esto\u017ee zhruba 300 vlasovc\u016f v ulic\u00edch m\u011bsta padlo, komunistick\u00e1 propaganda o nich po v\u00e1lce ml\u010dela.<\/p>\n<p><span style=\"font-size: 18pt;\"><strong>Prvn\u00ed ozbrojen\u00e9 poty\u010dky byly v Praze vid\u011bt u\u017e 4. kv\u011btna<\/strong><\/span><\/p>\n<p>O\u00a0den pozd\u011bji pak povst\u00e1n\u00ed vyhl\u00e1sil \u010cesk\u00fd rozhlas, to bylo kr\u00e1tce po poledni, v ulic\u00edch m\u011bsta se ale bojovalo u\u017e od r\u00e1na. Lond\u00fdnsk\u00fd exil se sna\u017eil p\u0159esv\u011bd\u010dit americk\u00e9 velen\u00ed o nutnosti z\u00e1sahu do boj\u016f o Prahu. Ameri\u010dan\u00e9 v\u0161ak trvali na dohod\u011b s Rudou arm\u00e1dou, podle n\u00ed\u017e byly \u010cechy sov\u011btskou opera\u010dn\u00ed z\u00f3nou. Rud\u00e1 arm\u00e1da, kter\u00e1 zah\u00e1jila Pra\u017eskou operaci 6. kv\u011btna, se musela nejprve probojovat p\u0159es Kru\u0161n\u00e9 hory. O dva dny pozd\u011bji, 8. kv\u011btna, pak byla s Wehrmachtem podeps\u00e1na dohoda o p\u0159\u00edm\u011b\u0159\u00ed, kterou neakceptovaly odd\u00edly SS. V n\u00e1vaznosti na v\u0161eobecnou kapitulaci n\u011bmeck\u00fdch sil v Evrop\u011b podepsal 8. kv\u011btna velitel n\u011bmeck\u00fdch jednotek gener\u00e1l Rudolf Toussain s n\u00e1rodn\u00ed radou dohodu o kapitulaci. Rud\u00e1 arm\u00e1da pak p\u0159ijela do Prahy\u00a0<strong>9. kv\u011btna<\/strong>.<\/p>\n<p>Boje v Praze ale nejv\u00edce ovlivnila Rud\u00e1 arm\u00e1da. V okam\u017eiku, kdy \u010cesk\u00fd rozhlas ozn\u00e1mil, \u017ee Rud\u00e1 arm\u00e1da se \u0159\u00edt\u00ed od severu na Prahu a z v\u00fdchodu hrdinn\u00e1 Svobodova arm\u00e1da, mnoz\u00ed N\u011bmci, mezi nimi\u017e u\u017e bylo mnoho 16 &#8211; 17 let\u00fdch tu\u0161ili konec v\u00e1lky, a za\u010dali se \u0161\u00edbovat p\u0159es Sm\u00edchov sm\u011br Plze\u0148 do zajet\u00ed USA, proto\u017ee v\u011bd\u011bli, \u017ee by je stihl tvrd\u00fd trest za zv\u011brstva, zat\u00edmco\u00a0 u Ameri\u010dan\u016f jim nic nehrozilo. Dokonce se s nimi op\u00edjeli a veselili se.<strong>\u00a0Stra\u0161n\u00e1 potupa pro n\u00e1\u0161, zb\u00edda\u010del\u00fd n\u00e1rod. A tak n\u011bkte\u0159\u00ed do t\u011bch odch\u00e1zej\u00edc\u00edch vojsk za\u010dali st\u0159\u00edlet a ptali se, pro\u010d maj\u00ed takovou volnost u USA, kdy\u017e tady prov\u00e1d\u011bli takov\u00e1 zv\u011brstva<\/strong>. A tak Rud\u00e1 arm\u00e1da na \u017e\u00e1dost \u010cechoslov\u00e1k\u016f n\u011bkter\u00e9 pluky na n\u00e1dra\u017e\u00edch je\u0161t\u011b bombardovala, co\u017e jim modern\u00ed americk\u00fd v\u00fdklad d\u00e1v\u00e1 jako zlo\u010din nehumanity. USA p\u0159ece &#8222;n\u00e1hodn\u011b s Brity bombardovaly pr\u016fmyslov\u00e9 podniky. Na konci v\u00e1lky. A \u010ce\u0161i se s nimi odm\u00edtali bavit.<\/p>\n<p>Je pravdou, \u017ee Rud\u00e1 arm\u00e1da zde u\u017e 9.kv\u011btna p\u0159\u00edli\u0161 nebojovala. V\u011bt\u0161ina nacist\u016f uprchla do americk\u00e9ho zajet\u00ed a tam m\u011bla pohodu. A i Ludv\u00edk Svoboda se probojoval do Prahy, kter\u00e1 u\u017e se veselila stejn\u011b jako Plze\u0148 p\u0159ed p\u0159\u00edchodem americk\u00e9 arm\u00e1dy 10.kv\u011btna.<strong>\u00a0Neboli Prahu osvobodil \u0161\u00edlen\u00fd strach nacist\u016f z p\u0159\u00edchodu Rud\u00e9 arm\u00e1dy a Ludv\u00edka Svobody.<\/strong>\u00a0JInak by spravedliv\u00e9mu trestu neunikli. A Ameri\u010dan\u00e9 u n\u00e1s skoro nebojovali. Sem tam n\u00e1hodou, hlavn\u011b se veselili a pili, proto\u017ee zde bylo hodn\u011b alkoholu a dobr\u00e9ho piva, v\u010detn\u011b hezk\u00fdch d\u011bv\u010dat.<\/p>\n<p><strong>Ale oslavy maj\u00ed US\u00c1ci obrovsk\u00e9 a ti, kte\u0159\u00ed za n\u00e1s pokl\u00e1dali \u017eivoty a skute\u010dn\u011b za n\u00e1s um\u00edrali, jsou ur\u00e1\u017eeni, han\u011bni a \u0161pin\u011bni. Stra\u0161n\u00e1 doba.<\/strong><\/p>\n<p><a href=\"https:\/\/www.skrytapravda.cz\/z-domova\/1212-osvobozeni-ceskoslovenska-1945-nikdy-nezapomeneme-vojakum-rude-armady-ze-nas-osvobodili-a-za-nas-zivoty-polozili\">Petr Pokorn\u00fd<\/a><\/p>\n<\/div>\n<p>&nbsp;<\/p>\n<p>&nbsp;<\/p>\n<p><img decoding=\"async\" loading=\"lazy\" class=\"wp-image-19187 aligncenter\" src=\"http:\/\/www.infokuryr.cz\/n\/wp-content\/uploads\/2022\/12\/1-PRO-300x36.jpg\" alt=\"\" width=\"1317\" height=\"158\" srcset=\"https:\/\/www.infokuryr.cz\/n\/wp-content\/uploads\/2022\/12\/1-PRO-300x36.jpg 300w, https:\/\/www.infokuryr.cz\/n\/wp-content\/uploads\/2022\/12\/1-PRO.jpg 699w\" sizes=\"(max-width: 1317px) 100vw, 1317px\" \/><\/p>\n<p>&nbsp;<\/p>\n<p>&nbsp;<\/p>\n","protected":false},"excerpt":{"rendered":"<p>Nelze nic chyt\u0159ej\u0161\u00edho u\u017e napsat: pouze jasn\u011b \u0159\u00edct, \u017ee d\u011bjiny se nem\u011bn\u00ed, ty jsou dan\u00e9&#8230;<\/p>\n","protected":false},"author":2,"featured_media":1457,"comment_status":"closed","ping_status":"closed","sticky":false,"template":"","format":"standard","meta":[],"categories":[6],"tags":[4927,398,29,230,231],"_links":{"self":[{"href":"https:\/\/www.infokuryr.cz\/n\/wp-json\/wp\/v2\/posts\/27640"}],"collection":[{"href":"https:\/\/www.infokuryr.cz\/n\/wp-json\/wp\/v2\/posts"}],"about":[{"href":"https:\/\/www.infokuryr.cz\/n\/wp-json\/wp\/v2\/types\/post"}],"author":[{"embeddable":true,"href":"https:\/\/www.infokuryr.cz\/n\/wp-json\/wp\/v2\/users\/2"}],"replies":[{"embeddable":true,"href":"https:\/\/www.infokuryr.cz\/n\/wp-json\/wp\/v2\/comments?post=27640"}],"version-history":[{"count":1,"href":"https:\/\/www.infokuryr.cz\/n\/wp-json\/wp\/v2\/posts\/27640\/revisions"}],"predecessor-version":[{"id":27641,"href":"https:\/\/www.infokuryr.cz\/n\/wp-json\/wp\/v2\/posts\/27640\/revisions\/27641"}],"wp:featuredmedia":[{"embeddable":true,"href":"https:\/\/www.infokuryr.cz\/n\/wp-json\/wp\/v2\/media\/1457"}],"wp:attachment":[{"href":"https:\/\/www.infokuryr.cz\/n\/wp-json\/wp\/v2\/media?parent=27640"}],"wp:term":[{"taxonomy":"category","embeddable":true,"href":"https:\/\/www.infokuryr.cz\/n\/wp-json\/wp\/v2\/categories?post=27640"},{"taxonomy":"post_tag","embeddable":true,"href":"https:\/\/www.infokuryr.cz\/n\/wp-json\/wp\/v2\/tags?post=27640"}],"curies":[{"name":"wp","href":"https:\/\/api.w.org\/{rel}","templated":true}]}}