{"id":27626,"date":"2023-05-08T04:19:06","date_gmt":"2023-05-08T02:19:06","guid":{"rendered":"http:\/\/www.infokuryr.cz\/n\/?p=27626"},"modified":"2023-05-08T04:19:06","modified_gmt":"2023-05-08T02:19:06","slug":"okultni-korunovace-charlese-iii","status":"publish","type":"post","link":"https:\/\/www.infokuryr.cz\/n\/2023\/05\/08\/okultni-korunovace-charlese-iii\/","title":{"rendered":"Okultn\u00ed korunovace Charlese III."},"content":{"rendered":"<div id=\"fb-root\"><\/div>\n<h4>Okultn\u00ed korunovace Charlese III. byla zakon\u010dena d\u011bsivou sc\u00e9nou mihnut\u00ed postavy v \u010dern\u00e9m h\u00e1bitu, kter\u00e1 p\u0159ipom\u00ednala Smrtku! Televizn\u00ed kamera ov\u0161em zachytila okultn\u00ed postavu p\u0159evozn\u00edka Ch\u00e1rona s dlouh\u00fdm bidlem! Byl to symbol dokon\u010den\u00ed p\u0159evozu du\u0161e zem\u0159el\u00e9 kr\u00e1lovny Al\u017eb\u011bty II. pot\u00e9, co jej\u00ed syn usedl na tr\u016fn, anebo \u0161lo o temn\u00fd vzkaz? Postava se v\u0161ak v ceremoni\u00e1ln\u00edm port\u00e1lu mihla a\u017e po skon\u010den\u00ed p\u0159enosu korunovace! A pro\u010d se korunovace Charlese konala 6. kv\u011btna, 6. den v t\u00fddnu a 6 m\u011bs\u00edc\u016f, 6 t\u00fddn\u016f a 6 dn\u00ed po poh\u0159bu jeho matky?<\/h4>\n<p>P\u016fvodn\u011b jsem v\u016fbec nepl\u00e1noval, \u017ee budu pokr\u00fdvat korunovaci Charlese III. na britsk\u00e9ho kr\u00e1le, proto\u017ee to upadl\u00e9 imp\u00e9rium ji\u017e pozbylo sv\u00e9ho v\u00fdznamu a klan\u00ed se mu pouze zkorumpovan\u00ed politici na v\u00fdplatn\u00edch listin\u00e1ch Rothschildova klanu. Britsk\u00e9 ostrovy byly dobyty a pora\u017eeny nikoliv v\u00e1le\u010dn\u011b, ale konceptu\u00e1ln\u011b. Britsk\u00fdm m\u011bst\u016fm vl\u00e1dnou z radnic muslimov\u00e9, islamist\u00e9, P\u00e1kist\u00e1nci a britsk\u00e1 m\u011bsta se demograficky p\u0159ekresluj\u00ed, zem\u011b byla na hlavu pora\u017eena demografickou invaz\u00ed, kterou obstaraly p\u0159edchoz\u00ed jak labouristick\u00e9, tak konzervativn\u00ed vl\u00e1dy, ob\u011b dv\u011b na v\u00fdplatn\u00edch p\u00e1sk\u00e1ch Domu Sion<\/p>\n<p>Dnes u\u017e Velk\u00e9 Brit\u00e1nii nevl\u00e1dne Westminster s kr\u00e1lovskou rodinou, ani Downing Street 10 s vl\u00e1dou, ale pouze Lond\u00fdnsk\u00e9 kancel\u00e1\u0159e z lond\u00fdnsk\u00e9ho City. Proto jsem o\u010dek\u00e1val, \u017ee korunovace bude prost\u011b selankou kr\u00e1lovsk\u00e9 a \u010dern\u00e9 \u0161lechty se dv\u011bma p\u00edsmenky \u201cR\u201d a \u201cG\u201d. To prvn\u00ed je kr\u00e1lovsk\u00e1 \u0161lechta, to druh\u00e9 je \u010dern\u00e1 \u0161lechta (<em>Komise 300<\/em>). Jen\u017ee, stalo se n\u011bco ne\u010dekan\u00e9ho. Korunovace sice prob\u011bhla zd\u00e1nliv\u011b bez probl\u00e9m\u016f, ale po skon\u010den\u00ed ceremoni\u00e1lu, kdy\u017e kamery v katedr\u00e1le je\u0161t\u011b jely a sledovaly odchod kr\u00e1lovsk\u00e9 gardy, do\u0161lo na sc\u00e9n\u011b k podivn\u00e9 ud\u00e1losti.<\/p>\n<p>&nbsp;<\/p>\n<div id=\"rumble_v2jxrou\">\n<div id=\"vid_v2jxrou\" class=\"rumble_v2jxrou-Rumble-cls\" tabindex=\"-1\">\n<div>\n<div class=\"bigPlayUI ctp\">\n<div class=\"bigPlayUIInner ctp\"><div class='videoWrapper'>\r\n\t            <iframe src='https:\/\/rumble.com\/embed\/pj.v2jxrou\/' frameborder='0' allowfullscreen><\/iframe>\r\n\t        <\/div><\/div>\n<\/div>\n<\/div>\n<\/div>\n<\/div>\n<p>&nbsp;<\/p>\n<p><strong>V osv\u011btlen\u00e9m port\u00e1lu slavnostn\u00ed pozlacen\u00e9 palis\u00e1dy se toti\u017e naprosto nepl\u00e1novan\u00e9 mihla d\u011bsiv\u00e1 postava v \u010dern\u00e9m h\u00e1bitu s kapuc\u00ed, kter\u00e1 p\u0159ed sebou nesla n\u011bco, co vypadalo jako kosa.<\/strong>\u00a0Zahrani\u010dn\u00ed m\u00e9dia okam\u017eit\u011b za\u010dala \u0159e\u0161it\u00a0<strong>[<a href=\"https:\/\/href.li\/?https:\/\/nypost.com\/2023\/05\/06\/grim-reaper-spotted-at-king-charles-coronation\/\" target=\"_blank\" rel=\"nofollow noopener\">1<\/a>]<\/strong>, jestli \u0161lo o chybu ve skriptu ceremoni\u00e1lu anebo o n\u011bjak\u00fd symbol \u010di vzkaz, ale na soci\u00e1ln\u00edch s\u00edt\u00edch toto lid\u00e9 ozna\u010duj\u00ed za Smrtku, kter\u00e1 oznamuje bl\u00edzkou smrt nov\u011b korunovan\u00e9ho kr\u00e1le. Ten pr\u00fd na tom nen\u00ed po zdravotn\u00ed str\u00e1nce nijak dob\u0159e, informace unikaj\u00ed do britsk\u00e9ho bulv\u00e1ru u\u017e del\u0161\u00ed dobu. Jen\u017ee p\u0159i pohledu na postavu je zjevn\u00e9, \u017ee nejde o Smrtku. Ka\u017ed\u00fd, kdo se zaj\u00edm\u00e1 o okultismus a mytologii, tak velice rychle pozn\u00e1, \u017ee postava nereprezentuje smrt s kosou, ale p\u0159evozn\u00edka Ch\u00e1rona s dlouh\u00fdm bidlem.<\/p>\n<h6><span style=\"font-size: 18pt;\">Postava v \u010dern\u00e9m h\u00e1bitu s dlouh\u00fdm bidlem je Ch\u00e1ron<\/span><\/h6>\n<p>Ch\u00e1ron poch\u00e1z\u00ed z \u0159eck\u00e9 mytologie a p\u0159ev\u00e1\u017e\u00ed du\u0161e zem\u0159el\u00fdch p\u0159es \u0159eku Acher\u00f3n, resp. Styx do podsv\u011bt\u00ed. Tato postava se pravideln\u011b zjevuje zem\u0159el\u00fdm lidem t\u011bsn\u00e9 po smrti. P\u0159esto\u017ee postava je p\u0159isuzov\u00e1na \u0159eck\u00e9 mytologii, postava Ch\u00e1rona je archetyp\u00e1ln\u00ed a je mnohem star\u0161\u00ed a dnes se objevuje zejm\u00e9na v okultn\u00edch a zedn\u00e1\u0159sk\u00fdch ritech na vysok\u00fdch stupn\u00edch zasv\u011bcen\u00ed. Velmi \u010dasto b\u00fdv\u00e1 Ch\u00e1ron zam\u011b\u0148ov\u00e1n za smrtku, co\u017e v konceptu\u00e1ln\u00ed rovin\u011b vlastn\u011b ani nen\u00ed rozd\u00edl. Tato postava se zobrazuje zem\u0159el\u00fdm toto\u017en\u011b, tedy v \u010dern\u00e9m h\u00e1bitu s kapuc\u00ed, pouze se m\u016f\u017ee li\u0161it \u201c<em>fatom<\/em>\u201c. To je n\u00e1stroj, kter\u00fd tato postava dr\u017e\u00ed v ruce v okam\u017eiku va\u0161\u00ed smrti.<\/p>\n<figure id=\"attachment_55571\" class=\"wp-caption aligncenter\" style=\"width: 687px;\"><a href=\"https:\/\/aeronet.news\/wp-content\/uploads\/CharonCharlesDetail.jpg\"><img decoding=\"async\" loading=\"lazy\" class=\"wp-image-55571 \" src=\"https:\/\/aeronet.news\/wp-content\/uploads\/CharonCharlesDetail-1024x643.jpg\" sizes=\"(max-width: 700px) 100vw, 700px\" srcset=\"https:\/\/aeronet.news\/wp-content\/uploads\/CharonCharlesDetail-1024x643.jpg 1024w, https:\/\/aeronet.news\/wp-content\/uploads\/CharonCharlesDetail-300x188.jpg 300w, https:\/\/aeronet.news\/wp-content\/uploads\/CharonCharlesDetail-768x482.jpg 768w, https:\/\/aeronet.news\/wp-content\/uploads\/CharonCharlesDetail-700x440.jpg 700w, https:\/\/aeronet.news\/wp-content\/uploads\/CharonCharlesDetail-568x357.jpg 568w, https:\/\/aeronet.news\/wp-content\/uploads\/CharonCharlesDetail-769x483.jpg 769w, https:\/\/aeronet.news\/wp-content\/uploads\/CharonCharlesDetail.jpg 1280w\" alt=\"\" width=\"687\" height=\"432\" \/><\/a><figcaption class=\"wp-caption-text\">Ch\u00e1ron v port\u00e1lu korunova\u010dn\u00ed palis\u00e1dy<\/figcaption><\/figure>\n<p>Pokud dr\u017e\u00ed kosu, potom nep\u016fjde o p\u0159evoz p\u0159es \u0159eku, ale o proklest\u011bn\u00ed vysok\u00fdmi ke\u0159i \u010dern\u00fdch trnov\u00fdch r\u016f\u017e\u00ed na planin\u011b Klammath v unit\u00e1rn\u00edm prostoru (<em>viz. moje druh\u00e1 kniha Superkrize<\/em>), kter\u00e9 odd\u011bluj\u00ed sv\u011bt \u017eiv\u00fdch od mrtv\u00fdch. Zaj\u00edmav\u00e9 je, \u017ee poh\u00e1dka o \u0161\u00edpkov\u00e9 R\u016f\u017eence nen\u00ed jen poh\u00e1dkov\u00fdm popisem a zpodobn\u011bn\u00edm t\u00e9to cesty, ale de facto v\u011brn\u00fdm popisem, kdy sv\u011bt mrtv\u00fdch je chr\u00e1n\u011bn neprostupnou hou\u0161tinou trnov\u00fdch r\u016f\u017e\u00ed a skrze n\u011b v\u00e1s m\u016f\u017ee prov\u00e9st pouze Ch\u00e1ron vybaven\u00fd kosou. Druhou variantou v okam\u017eiku va\u0161\u00ed smrti je Ch\u00e1ron s dlouh\u00fdm bidlem, kter\u00fd v\u00e1s p\u0159eveze p\u0159es \u0159eku.<\/p>\n<h6><span style=\"font-size: 18pt;\">Okultn\u00ed symbol smrti uzav\u0159el kr\u00e1lovskou korunovaci v Lond\u00fdn\u011b<\/span><\/h6>\n<p>\u0158eck\u00e1 mytologie hovo\u0159\u00ed o platb\u011b pro Ch\u00e1rona, o dvou minc\u00edch, nej\u010dast\u011bji dva st\u0159\u00edbrn\u00e9. V okultn\u00edch l\u00f3\u017e\u00edch je ale tato platba zpochyb\u0148ov\u00e1na a vyvr\u00e1cena, Ch\u00e1ron platbu nepo\u017eaduje, ale kdy\u017e natahuje ruku, \u017e\u00e1d\u00e1 o va\u0161i ruku, aby v\u00e1s p\u0159evezl p\u0159es \u0159eku, ne\u017e\u00e1d\u00e1 o platbu. Ruku natahuje i v p\u0159\u00edpad\u011b t\u00e9 varianty s kosou. V obou p\u0159\u00edpadech jde o stejnou okultn\u00ed postavu unit\u00e1rn\u00edho prostoru, kter\u00e1 m\u00e1 archetyp\u00e1ln\u00ed zjeven\u00ed, tak\u017ee je jedno, jestli ji nazveme Smrtkou nebo Ch\u00e1ronem. Oboj\u00ed reprezentuje tot\u00e9\u017e.<\/p>\n<p><strong>Postava se zobrazuje zem\u0159el\u00fdm podle zvl\u00e1\u0161tn\u00edho demografick\u00e9ho kl\u00ed\u010de. Lidem v p\u0159\u00edmo\u0159sk\u00fdch st\u00e1tech a u velk\u00fdch jezer se objevuje zem\u0159el\u00fdm Ch\u00e1ron s bidlem v ruce, v suchozemsk\u00fdch oblastech se objevuje pro zm\u011bnu s kosou.<\/strong>\u00a0Mohou se ale objevovat v\u00fdjimky. Zd\u00e1 se, \u017ee rozhoduje vztah zem\u0159el\u00e9ho \u010dlov\u011bka k p\u016fd\u011b anebo k vod\u011b. Je neuv\u011b\u0159iteln\u00e9, \u017ee poh\u00e1dky brat\u0159\u00ed Grimm\u016f \u010derpaj\u00ed nikoliv z lidov\u00e9 slovesnosti, ale z okultn\u00edch rit\u016f, proto\u017ee ty poh\u00e1dky popisuj\u00ed d\u011bsiv\u00e9 obrazy z tzv. okultn\u00edho podsv\u011bt\u00ed, do kter\u00e9ho museli b\u00fdt zasv\u011bceni.<\/p>\n<figure id=\"attachment_55573\" class=\"wp-caption aligncenter\" style=\"width: 694px;\"><a href=\"https:\/\/aeronet.news\/wp-content\/uploads\/CharonOnStyx.jpg\"><img decoding=\"async\" loading=\"lazy\" class=\"wp-image-55573 \" src=\"https:\/\/aeronet.news\/wp-content\/uploads\/CharonOnStyx-1024x804.jpg\" sizes=\"(max-width: 700px) 100vw, 700px\" srcset=\"https:\/\/aeronet.news\/wp-content\/uploads\/CharonOnStyx-1024x804.jpg 1024w, https:\/\/aeronet.news\/wp-content\/uploads\/CharonOnStyx-300x236.jpg 300w, https:\/\/aeronet.news\/wp-content\/uploads\/CharonOnStyx-768x603.jpg 768w, https:\/\/aeronet.news\/wp-content\/uploads\/CharonOnStyx-700x550.jpg 700w, https:\/\/aeronet.news\/wp-content\/uploads\/CharonOnStyx-455x357.jpg 455w, https:\/\/aeronet.news\/wp-content\/uploads\/CharonOnStyx-615x483.jpg 615w, https:\/\/aeronet.news\/wp-content\/uploads\/CharonOnStyx.jpg 1280w\" alt=\"\" width=\"694\" height=\"545\" \/><\/a><figcaption class=\"wp-caption-text\">Ch\u00e1ron p\u0159ev\u00e1\u017e\u00ed zem\u0159el\u00e9 p\u0159es \u0159eku Acher\u00f3n (Styx)<\/figcaption><\/figure>\n<p>A pr\u00e1v\u011b archetyp neprostupn\u00fdch r\u016f\u017eov\u00fdch ke\u0159\u016f obklopuj\u00edc\u00edch hrad je p\u0159\u00edmo odvozen od \u00fa\u010delu kosy, kterou si nese Smrtka. Ta kosa nen\u00ed ur\u010dena na st\u00edn\u00e1n\u00ed hlav, to je pozm\u011bn\u011bn\u00fd v\u00fdklad v pozd\u011bj\u0161\u00ed dob\u011b tzv. modern\u00ed literatury. Postava Ch\u00e1rona s bidlem, kter\u00e1 pro\u0161la port\u00e1lem ve Westminsteru, je opravdu d\u011bsiv\u00fdm symbolem smrti a opravdu nen\u00ed pravd\u011bpodobn\u00e9, \u017ee by tohle kr\u00e1lovsk\u00e1 rodina p\u0159ipravila do tzv. skriptu ceremoni\u00e1lu, proto\u017ee korunovace je oslavou zdrav\u00ed, \u017eivota a dlouh\u00e9 vl\u00e1dy nov\u00e9ho kr\u00e1le, tak\u017ee takov\u00e9to symboly smrti nemaj\u00ed a nesm\u00ed m\u00edt m\u00edsto v ceremoni\u00e1lech korunovac\u00ed.<\/p>\n<h6><span style=\"font-size: 18pt;\">D\u011bsiv\u00e1 korunovace zachytila korunu na hlav\u011b mu\u017ee, na kter\u00e9ho ji\u017e vzadu \u010dek\u00e1 p\u0159evozn\u00edk\u2026 6 m\u011bs\u00edc\u016f, 6 t\u00fddn\u016f a 6 dn\u00ed po poh\u0159bu jeho matky!<\/span><\/h6>\n<p>P\u0159esto\u017ee n\u011bkdo si m\u016f\u017ee vysv\u011btlovat postavu jako odkaz na dokon\u010den\u00ed p\u0159evozu du\u0161e zem\u0159el\u00e9 Al\u017eb\u011bty II. po korunovaci jej\u00edho syna, je to velmi nepravd\u011bpodobn\u00e9 a neobvykl\u00e9.\u00a0<strong>Tohle vypad\u00e1 na \u00famyslnost a na vzkaz od skute\u010dn\u00fdch vl\u00e1dc\u016f nad Britsk\u00fdmi ostrovy, tedy vzkaz od Lond\u00fdnsk\u00fdch kancel\u00e1\u0159\u00ed, \u017ee p\u0159evozn\u00edk Ch\u00e1ron ji\u017e na Charlese \u010dek\u00e1, aby ho z Britsk\u00fdch ostrov\u016f p\u0159evezl do podsv\u011bt\u00ed.<\/strong>\u00a0Ten symbol byl vysl\u00e1n a je natolik d\u011bsiv\u00fd a provokativn\u00ed, \u017ee lze o\u010dek\u00e1vat, \u017ee \u017eivot Charlese III. na tr\u016fn\u011b nebude dlouh\u00fd. O tom je ji\u017e podle v\u0161eho rozhodnuto.<\/p>\n<figure id=\"attachment_55574\" class=\"wp-caption aligncenter\" style=\"width: 698px;\"><a href=\"https:\/\/aeronet.news\/wp-content\/uploads\/KingCharlesCoronation.jpg\"><img decoding=\"async\" loading=\"lazy\" class=\"wp-image-55574 \" src=\"https:\/\/aeronet.news\/wp-content\/uploads\/KingCharlesCoronation-1024x576.jpg\" sizes=\"(max-width: 700px) 100vw, 700px\" srcset=\"https:\/\/aeronet.news\/wp-content\/uploads\/KingCharlesCoronation-1024x576.jpg 1024w, https:\/\/aeronet.news\/wp-content\/uploads\/KingCharlesCoronation-300x169.jpg 300w, https:\/\/aeronet.news\/wp-content\/uploads\/KingCharlesCoronation-768x432.jpg 768w, https:\/\/aeronet.news\/wp-content\/uploads\/KingCharlesCoronation-700x394.jpg 700w, https:\/\/aeronet.news\/wp-content\/uploads\/KingCharlesCoronation-635x357.jpg 635w, https:\/\/aeronet.news\/wp-content\/uploads\/KingCharlesCoronation-859x483.jpg 859w, https:\/\/aeronet.news\/wp-content\/uploads\/KingCharlesCoronation.jpg 1280w\" alt=\"\" width=\"698\" height=\"393\" \/><\/a><figcaption class=\"wp-caption-text\">Koruna na hlav\u011b prince Charlese jej u\u010dinila kr\u00e1lem, a to p\u0159esn\u011b 6 m\u011bs\u00edc\u016f, 6 t\u00fddn\u016f a 6 dn\u00ed po poh\u0159bu jeho matky, kr\u00e1lovny Al\u017eb\u011bty II.<\/figcaption><\/figure>\n<p><strong>Korunovace Charlese toti\u017e prob\u011bhla na den p\u0159esn\u011b rovn\u00fdch 6 m\u011bs\u00edc\u016f, 6 t\u00fddn\u016f a 6 dn\u00ed ode dne poh\u0159bu kr\u00e1lovny Al\u017eb\u011bty II, kter\u00fd prob\u011bhl 19. z\u00e1\u0159\u00ed minul\u00e9ho roku!<\/strong>\u00a0<strong>A nav\u00edc datum samotn\u00e9 korunovace bylo 6. kv\u011btna a nav\u00edc v sobotu, tedy 6. den v t\u00fddnu!<\/strong>\u00a0To je okultn\u00ed a numerick\u00e1 shoda naprosto neuv\u011b\u0159iteln\u00e9ho v\u00fdznamu. To je velmi d\u011bsiv\u00e1 numerick\u00e1 shoda (666) odkazuj\u00edc\u00ed na Satanovu synagogu a odkaz na slu\u017eebn\u00edky p\u00e1na Temnot, tedy na Sv\u011btlono\u0161e (Lucifera). T\u00edmto bych cht\u011bl korigovat sv\u00e9 informace z p\u00e1te\u010dn\u00edho po\u0159adu na SVCS, kde jsem se domn\u00edval, \u017ee datum korunovace bylo zvoleno na prvn\u00ed kv\u011btnou ned\u011bli, resp. kv\u011btn\u00fd v\u00edkend, kter\u00fd m\u00e1 v anglo-sask\u00fdch zem\u00edch dlouhou tradici. Datum bylo zvoleno na sobotu m\u00edsto ned\u011ble kv\u016fli tomu, aby sed\u011bla symbolika Satanovy synagogy. V ned\u011bli by to u\u017e bylo 6 m\u011bs\u00edc\u016f, 6 t\u00fddn\u016f a 7 dn\u016f od poh\u0159bu kr\u00e1lovny. Tak\u017ee to museli d\u00e1t na sobotu.<\/p>\n<p>V\u0161ichni, kte\u0159\u00ed mu p\u0159i\u0161li na korunovaci, tak ve skute\u010dnosti vid\u011bli kandid\u00e1ta Komise 300 (<em>po matce p\u0159evezme \u010destn\u00e9 p\u0159edsednictv\u00ed<\/em>) a de facto sta\u0159\u00edka s chatrn\u00fdm zdrav\u00edm, kter\u00fd na \u010das usedne na tr\u016fn, ne\u017e jeho m\u00edsto zastoup\u00ed princ William a p\u0159ijme podle v\u0161eho kr\u00e1lovsk\u00e9 jm\u00e9no Vil\u00e9m V. M\u016f\u017eeme v\u0161ak \u0159\u00edct, \u017ee tato epizoda s Ch\u00e1ronem a bidlem je uk\u00e1zkou tot\u00e1ln\u00ed a absolutn\u00ed moci Lond\u00fdnsk\u00fdch kancel\u00e1\u0159\u00ed nad kr\u00e1lovsk\u00fdm tr\u016fnem, kdy\u017e b\u011bhem korunova\u010dn\u00edho ceremoni\u00e1lu, resp. v jeho z\u00e1v\u011bru si dovol\u00ed naru\u0161it slavnostn\u00ed ceremoni\u00e1l sl\u00e1vy a radosti takov\u00fdmto symbolem smrti.<\/p>\n<h6><span style=\"font-size: 18pt;\">Kr\u00e1lovsk\u00e1 vs. \u010cern\u00e1 \u0161lechta<\/span><\/h6>\n<p>Znovu se t\u00edm potvrzuje, \u017ee nen\u00ed dovoleno, aby upadl\u00e1 britsk\u00e1 kr\u00e1lovsk\u00e1 \u0161lechta \u201cR\u201d (Royal) d\u00e1vala najevo sv\u016fj majest\u00e1t a vys\u00edlala t\u00edm sign\u00e1l, \u017ee n\u011b\u010demu vl\u00e1dne. Ve skute\u010dnosti vl\u00e1dne \u010dern\u00e1 \u0161lechta \u201cG\u201d (Gnosis) z Lond\u00fdnsk\u00fdch kancel\u00e1\u0159\u00ed.\u00a0<strong>Kr\u00e1lovsk\u00e1 rodina se to sna\u017eila uhl\u00eddat, samotn\u00fd ceremoni\u00e1l prob\u011bhl bez z\u00e1vadov\u00e9 ud\u00e1losti, ale ten z\u00e1v\u011br prost\u011b u\u017e neohl\u00eddali.<\/strong>\u00a0Rovn\u011b\u017e lze zcela vylou\u010dit faktor n\u00e1hody, \u017ee tou postavou byl n\u011bjak\u00fd n\u00e1hodn\u00fd mnich, kter\u00fd tam zrovna \u0161el a nesl se vzty\u010den\u00fdma rukama bidlo. Pozad\u00ed port\u00e1lu bylo p\u0159itom nasv\u00edceno b\u00edle, tak\u017ee postavu v \u010dern\u00e9m h\u00e1bitu nemohl p\u0159ehl\u00e9dnout nikdo, kdo se rozhodl sledovat p\u0159enos a\u017e \u00fapln\u011b do konce.<\/p>\n<figure id=\"attachment_15283\" class=\"wp-caption aligncenter\" style=\"width: 695px;\"><a href=\"https:\/\/aeronet.news\/wp-content\/uploads\/freemason-wallpaper-1680x1050.jpg\"><img decoding=\"async\" loading=\"lazy\" class=\"wp-image-15283 \" src=\"https:\/\/aeronet.news\/wp-content\/uploads\/freemason-wallpaper-1680x1050-1024x640.jpg\" sizes=\"(max-width: 700px) 100vw, 700px\" srcset=\"https:\/\/aeronet.news\/wp-content\/uploads\/freemason-wallpaper-1680x1050-1024x640.jpg 1024w, https:\/\/aeronet.news\/wp-content\/uploads\/freemason-wallpaper-1680x1050-300x188.jpg 300w, https:\/\/aeronet.news\/wp-content\/uploads\/freemason-wallpaper-1680x1050-768x480.jpg 768w, https:\/\/aeronet.news\/wp-content\/uploads\/freemason-wallpaper-1680x1050-700x438.jpg 700w, https:\/\/aeronet.news\/wp-content\/uploads\/freemason-wallpaper-1680x1050-571x357.jpg 571w, https:\/\/aeronet.news\/wp-content\/uploads\/freemason-wallpaper-1680x1050-773x483.jpg 773w\" alt=\"\" width=\"695\" height=\"435\" \/><\/a><figcaption class=\"wp-caption-text\">Symbol \u010cern\u00e9 \u0161lechty. Zedn\u00e1\u0159sk\u00e1 \u0161lechta Nov\u00e9ho sv\u011bta<\/figcaption><\/figure>\n<p>Toto pouze ukazuje, \u017ee v\u0161echno, co vid\u00edte okolo kr\u00e1lovsk\u00e9 moci v Brit\u00e1nii, je pouh\u00e1 iluze a decepce. Kr\u00e1lovsk\u00e1 rodina nedr\u017e\u00ed ji\u017e naprosto \u017e\u00e1dnou moc, nem\u00e1 pod kontrolou u\u017e ani \u0159\u00e1dn\u00fd pr\u016fb\u011bh korunovace jejich otce. \u010cern\u00e1 \u0161lechta mu zprzn\u00ed korunovaci postavou symbolizuj\u00edc\u00ed smrt. \u00dapln\u011b stejn\u011b to plat\u00ed ale o dal\u0161\u00edch \u0161lechtick\u00fdch rodech, plat\u00ed to i o ne\u0161lechtick\u00fdch vl\u00e1d\u00e1ch jednotliv\u00fdch zem\u00ed. V\u0161ichni jsou na v\u00fdplatn\u00ed p\u00e1sce Lond\u00fdnsk\u00fdch kancel\u00e1\u0159\u00ed a nikdo jin\u00fd se k moci v jednotliv\u00fdch zem\u00edch nedostane. A kdo se dostane, je to jen fale\u0161n\u00e1 opozice,\u00a0<em>fiat<\/em>\u00a0alternativa. Z\u00e1v\u011br p\u0159enosu z korunovace tak potvrdil, kdo je skute\u010dn\u00fdm p\u00e1nem nad ostrovy. Okultn\u00ed \u010dern\u00e1 \u0161lechta! Je to jejich!<\/p>\n<p><a href=\"https:\/\/aeronet.news\/video-okultni-korunovace-charlese-iii-byla-zakoncena-desivou-scenou-mihnuti-postavy-v-cernem-habitu-ktera-pripominala-smrtku-televizni-kamera-ovsem-zachytila-okultni-postavu-prevoznika-charona\/\">-VK- \u0160\u00e9fredaktor AE News<\/a><\/p>\n<p>&nbsp;<\/p>\n<p>&nbsp;<\/p>\n<p><img decoding=\"async\" loading=\"lazy\" class=\"wp-image-19187 aligncenter\" src=\"http:\/\/www.infokuryr.cz\/n\/wp-content\/uploads\/2022\/12\/1-PRO-300x36.jpg\" alt=\"\" width=\"1250\" height=\"150\" srcset=\"https:\/\/www.infokuryr.cz\/n\/wp-content\/uploads\/2022\/12\/1-PRO-300x36.jpg 300w, https:\/\/www.infokuryr.cz\/n\/wp-content\/uploads\/2022\/12\/1-PRO.jpg 699w\" sizes=\"(max-width: 1250px) 100vw, 1250px\" \/><\/p>\n<p>&nbsp;<\/p>\n<p>&nbsp;<\/p>\n","protected":false},"excerpt":{"rendered":"<p>Okultn\u00ed korunovace Charlese III. byla zakon\u010dena d\u011bsivou sc\u00e9nou mihnut\u00ed postavy v \u010dern\u00e9m h\u00e1bitu, kter\u00e1 p\u0159ipom\u00ednala&#8230;<\/p>\n","protected":false},"author":2,"featured_media":27627,"comment_status":"closed","ping_status":"closed","sticky":false,"template":"","format":"standard","meta":[],"categories":[6],"tags":[3291,3946,4923,4924],"_links":{"self":[{"href":"https:\/\/www.infokuryr.cz\/n\/wp-json\/wp\/v2\/posts\/27626"}],"collection":[{"href":"https:\/\/www.infokuryr.cz\/n\/wp-json\/wp\/v2\/posts"}],"about":[{"href":"https:\/\/www.infokuryr.cz\/n\/wp-json\/wp\/v2\/types\/post"}],"author":[{"embeddable":true,"href":"https:\/\/www.infokuryr.cz\/n\/wp-json\/wp\/v2\/users\/2"}],"replies":[{"embeddable":true,"href":"https:\/\/www.infokuryr.cz\/n\/wp-json\/wp\/v2\/comments?post=27626"}],"version-history":[{"count":0,"href":"https:\/\/www.infokuryr.cz\/n\/wp-json\/wp\/v2\/posts\/27626\/revisions"}],"wp:featuredmedia":[{"embeddable":true,"href":"https:\/\/www.infokuryr.cz\/n\/wp-json\/wp\/v2\/media\/27627"}],"wp:attachment":[{"href":"https:\/\/www.infokuryr.cz\/n\/wp-json\/wp\/v2\/media?parent=27626"}],"wp:term":[{"taxonomy":"category","embeddable":true,"href":"https:\/\/www.infokuryr.cz\/n\/wp-json\/wp\/v2\/categories?post=27626"},{"taxonomy":"post_tag","embeddable":true,"href":"https:\/\/www.infokuryr.cz\/n\/wp-json\/wp\/v2\/tags?post=27626"}],"curies":[{"name":"wp","href":"https:\/\/api.w.org\/{rel}","templated":true}]}}