{"id":27617,"date":"2023-05-08T03:56:37","date_gmt":"2023-05-08T01:56:37","guid":{"rendered":"http:\/\/www.infokuryr.cz\/n\/?p=27617"},"modified":"2023-05-08T03:58:04","modified_gmt":"2023-05-08T01:58:04","slug":"v-vitova-ans-demonstrace-za-mir-a-svobodu-plan-cr-na-1-miste-praha-6-5-2023","status":"publish","type":"post","link":"https:\/\/www.infokuryr.cz\/n\/2023\/05\/08\/v-vitova-ans-demonstrace-za-mir-a-svobodu-plan-cr-na-1-miste-praha-6-5-2023\/","title":{"rendered":"V. V\u00edtov\u00e1 \/ ANS \/: Demonstrace za m\u00edr a svobodu Pl\u00e1n \u010cR na 1. m\u00edst\u011b, Praha 6. 5. 2023"},"content":{"rendered":"<div id=\"fb-root\"><\/div>\n<p><span style=\"font-size: 18pt;\"><strong>V\u00e1\u017een\u00ed p\u0159\u00e1tel\u00e9!<\/strong><\/span><\/p>\n<p>Hlavn\u00edm heslem na\u0161\u00ed dne\u0161n\u00ed demonstrace jsou slova M\u00cdR a SVOBODA.<\/p>\n<p>Svoboda\u00a0je mo\u017enost rozhodovat a jednat podle sv\u00e9 v\u016fle a sv\u011bdom\u00ed a n\u00e9st za to odpov\u011bdnost.<\/p>\n<p>Podle v\u0161ech filosof\u016f starov\u011bku \u2013 a\u017e do ned\u00e1vn\u00e9 minulosti platilo &#8211; \u017ee ka\u017ed\u00fd v\u017edy vlastn\u00ed s\u00e1m sebe (sv\u00e9 t\u011blo) a je tedy odpov\u011bdn\u00fd za ve\u0161ker\u00e9 sv\u00e9 jedn\u00e1n\u00ed a za vlastn\u00ed svobodnou volbu.<\/p>\n<p>V\u00a0sou\u010dasn\u00e9 postmodern\u00ed \u2013 tedy naprosto zvr\u00e1cen\u00e9 a nep\u0159irozen\u00e9 spole\u010dnosti \u2013 ale nelze hovo\u0159it o svobod\u011b v\u00a0klasick\u00e9m slova smyslu, proto\u017ee je n\u00e1m p\u0159edkl\u00e1d\u00e1na jen zvr\u00e1cen\u00e1 podoba svobody.<\/p>\n<p>Tzv. odborn\u00edci n\u00e1m vykl\u00e1daj\u00ed, \u017ee nap\u0159\u00edklad nezletil\u00e9 d\u011bti si mohou nevratn\u011b chirurgicky a chemicky nechat zm\u011bnit pohlav\u00ed a rodi\u010de do toho pr\u00fd nemaj\u00ed co mluvit. Ty d\u011bti pr\u00fd maj\u00ed svobodu rozhodnout se nechat si zmrza\u010dit sv\u00e9 t\u011blo \u2013 pod fale\u0161n\u00fdm nab\u00e1d\u00e1n\u00edm tzv. odborn\u00edk\u016f a pod fale\u0161nou rou\u0161kou svobody.<\/p>\n<p>Nejen sv\u011btov\u00ed politici, ale i na\u0161i parlamentn\u00ed a vl\u00e1dn\u00ed politici se sna\u017e\u00ed zm\u011bnit obsah slova SVOBODA. Sna\u017e\u00ed se zm\u011bnit podstatu \u010dlov\u011bk, podstatu lidskosti, podstatu sv\u011bdom\u00ed a nahradit v\u0161e sv\u00fdmi p\u0159\u00edkazy, omezen\u00edmi a po\u017eadavky, kter\u00e9 nemaj\u00ed se svobodou jednotlivce v\u016fbec nic spole\u010dn\u00e9ho.<\/p>\n<p>Form\u00e1ln\u00ed ob\u010dansk\u00e9 svobody nemaj\u00ed cenu pro \u010dlov\u011bka, trp\u00edc\u00edho nouz\u00ed, \u00fatlakem, vyhro\u017eov\u00e1n\u00edm a vyko\u0159is\u0165ov\u00e1n\u00edm.<\/p>\n<p>Naopak nyn\u00ed je ve vl\u00e1dn\u00edm kurzu opak svobody \u2013 tedy donucen\u00ed!<\/p>\n<p>Vl\u00e1da a parlament se n\u00e1s za pomoci ekonomick\u00e9ho tlaku, za pomoci m\u00e9di\u00ed, za pomoci policie a soud\u016f sna\u017e\u00ed donutit k\u00a0tomu, abychom m\u011bli strach svobodn\u011b projevit svoji v\u016fli a svoje n\u00e1zory. A p\u0159eje si, abychom tak ne\u010dinili, abychom se ob\u00e1vali\u00a0jejich trest\u016f.<\/p>\n<p><u>My, zde p\u0159\u00edtomn\u00ed, navzdory vl\u00e1d\u011b vyslovujeme n\u00e1sleduj\u00edc\u00ed T\u0158I po\u017eadavky.<\/u><\/p>\n<ul>\n<li><span style=\"font-size: 18pt;\"><strong>Po\u017eadujeme, aby na\u0161e vl\u00e1da a parlament podporovaly M\u00cdR, ne v\u00e1lku!<\/strong><\/span><\/li>\n<\/ul>\n<p>Slovo M\u00cdR je prastar\u00e9 \u2013 je sv\u011bdkem cel\u00e9 lidsk\u00e9 historie. Poch\u00e1z\u00ed ze staroslov\u011bn\u0161tiny, kde ji\u017e tehdy toto slovo ozna\u010dovalo tak\u00e9 cel\u00fd sv\u011bt, klid a harmonii.<\/p>\n<p>Nyn\u00ed \u2013 v\u00a0r\u00e1mci tot\u00e1ln\u00edho \u00fapadku kultury a lidstv\u00ed &#8211;\u00a0 je v\u0161ak zesm\u011b\u0161\u0148ov\u00e1no stejn\u011b, jako v\u0161e pravdiv\u00e9 a vzne\u0161en\u00e9.<\/p>\n<ul>\n<li><span style=\"font-size: 18pt;\"><strong>My, zde p\u0159\u00edtomn\u00ed, po\u017eadujeme proto okam\u017eit\u00e9 podniknut\u00ed krok\u016f k\u00a0co nejrychlej\u0161\u00edmu vystoupen\u00ed z\u00a0EU a NATO, kter\u00e9 jsou vz\u00e1jemn\u011b person\u00e1ln\u011b, finan\u010dn\u011b a organiza\u010dn\u011b propojeny.<\/strong><\/span><\/li>\n<\/ul>\n<p>Je toti\u017e prokazateln\u00e9, \u017ee \u010dlenstv\u00ed na\u0161\u00ed zem\u011b v\u00a0NATO\u00a0 a Evropsk\u00e9 unie je z hlediska odborn\u00e9 anal\u00fdzy vn\u011bj\u0161\u00edch a vnit\u0159n\u00edch bezpe\u010dnostn\u00edch hrozeb tou nejv\u011bt\u0161\u00ed hrozbou pro \u010ceskou republiku.<\/p>\n<p>\u010cinnost NATO a EU, a p\u0159edev\u0161\u00edm pak USA &#8211; a jejich \u00fakolov\u00e1n\u00ed zem\u00ed NATO a EU &#8211; je hlavn\u00edm pohonem pro existenci v\u0161ech ostatn\u00edch hrozeb, kter\u00e9 ovliv\u0148uj\u00ed \u017eivot v\u00a0na\u0161\u00ed zemi. Dnes je to v\u00a0prv\u00e9 \u0159ad\u011b ohro\u017een\u00ed m\u00edru.<\/p>\n<ul>\n<li><span style=\"font-size: 18pt;\"><strong>De facto tajn\u011b, za z\u00e1dy obyvatel \u2013 a to nejen \u010cR \u2013 vznikla v\u00a0r\u00e1mci NATO Bukure\u0161\u0165sk\u00e1 dev\u00edtka, co\u017e je vojensk\u00fd pakt zalo\u017een\u00fd roku 2015 i v\u00a0Rumunsku.\u00a0 A s t\u00edm samoz\u0159ejm\u011b souvis\u00ed i tzv. Obrann\u00e1 smlouva mezi \u010cR a USA.<\/strong><\/span><\/li>\n<\/ul>\n<p>\u010cleny B9 jsou Bulharsko, \u010cesk\u00e1 republika, Estonsko, Litva, Loty\u0161sko, Ma\u010farsko, Polsko, Rumunsko a Slovensko. Tedy b\u00fdval\u00e9 socialistick\u00e9 zem\u011b, kter\u00e9 maj\u00ed j\u00edt v\u00a0r\u00e1mci NATO do boj\u016f proti Rusk\u00e9 federaci. V\u00a0podstat\u011b se jedn\u00e1 o \u00fazem\u00ed tzv. Mezimo\u0159\u00ed.<\/p>\n<p>Bukure\u0161\u0165sk\u00fd pakt, byl podeps\u00e1n v\u00a0roce 2015, kdy byl prezidentem Milo\u0161 Zeman,\u00a0 premi\u00e9rem Bohuslav Sobotka (p\u0159edseda \u010cSSD), ministrem zahrani\u010d\u00ed Lubom\u00edr Zaor\u00e1lek (za \u010cSSD) a ministrem obrany Martin Stropnick\u00fd (za ANO).<\/p>\n<p>Kr\u00e1tce pot\u00e9, co v\u00a0roce 2014 prob\u011bhl p\u0159evrat na Ukrajin\u011b, kter\u00fd byl podporovan\u00fd USA a EU, vl\u00e1dy b\u00fdval\u00fdch socialistick\u00fdch zem\u00ed uzav\u0159ely vojensk\u00fd pakt a dohodly se, \u017ee v p\u0159\u00edpad\u011b \u00fatoku na Ukrajinu, poskytnou vojensk\u00fd materi\u00e1l a v\u0161echny nezbytn\u00e9 prost\u0159edky, v\u010detn\u011b voj\u00e1k\u016f, na tzv. ochranu Ukrajiny. \u00a0A to ji\u017e v\u00a0roce 2015!<\/p>\n<p>Bukure\u0161\u0165sk\u00e1 dev\u00edtka \u201eochotn\u00fdch\u201c vznikla jen proto, aby NATO samo nemuselo vstoupit do v\u00e1le\u010dn\u00e9ho konfliktu s\u00a0Ruskem. Proto byl vytvo\u0159en ochrann\u00fd val st\u00e1t\u016f, kter\u00e9 maj\u00ed b\u00fdt ve v\u00e1lce s\u00a0Ruskem ob\u011btov\u00e1ny.<\/p>\n<p>Tak\u017ee zat\u00edmco st\u00e1ty Bukure\u0161\u0165sk\u00e9 dev\u00edtky budou n\u00e1razn\u00edkov\u00fdm p\u00e1smem a maj\u00ed dod\u00e1vat voj\u00e1ky a krev, zbyl\u00e9 st\u00e1ty NATO budou Ukrajin\u011b dod\u00e1vat pen\u00edze a zbran\u011b.<\/p>\n<p>Dne 22. \u00fanora 2023 se p\u0159edstavitel\u00e9 st\u00e1t\u016f B9 setkali na summitu ve Var\u0161av\u011b s prezidentem Spojen\u00fdch st\u00e1t\u016f americk\u00fdch Joe Bidenem a gener\u00e1ln\u00edm tajemn\u00edkem NATO Jensem Stoltenbergem. Ve spole\u010dn\u00e9 deklaraci, kterou p\u0159ijali, se dohodli, \u017ee se v p\u0159\u00edpad\u011b ohro\u017een\u00ed vz\u00e1jemn\u011b podpo\u0159\u00ed.<\/p>\n<p>Text deklarace ozna\u010duje Rusko za nejv\u00fdznamn\u011bj\u0161\u00ed a p\u0159\u00edmou hrozbou pro bezpe\u010dnost spojenc\u016f a slibuje dal\u0161\u00ed podporu Ukrajiny s c\u00edlem obnovit jej\u00ed mezin\u00e1rodn\u011b uzn\u00e1van\u00e9 hranice.<\/p>\n<p>A d\u00e1le \u00fa\u010dastn\u00edci \u2013 v\u010detn\u011b \u010desk\u00e9ho premi\u00e9ra P. Fialy \u2013 po\u017eadovali po NATO pos\u00edlit vojenskou p\u0159\u00edtomnost v na\u0161ich zem\u00edch. B9 tedy byla vytvo\u0159ena proto, aby st\u00e1ty v n\u00ed byly ob\u011btov\u00e1ny v nekone\u010dn\u00e9 a vysiluj\u00edc\u00ed v\u00e1lce s Ruskem, zat\u00edmco zbyl\u00e9 st\u00e1ty NATO se p\u0159\u00edmo od tohoto konfliktu budou distancovat a maxim\u00e1ln\u011b dodaj\u00ed ty zbran\u011b a pen\u00edze.<\/p>\n<p>Jin\u00fdmi slovy \u010cesk\u00e1 republika by m\u011bla b\u00fdt ob\u011btov\u00e1na, a to je n\u011bco, \u010demu mus\u00edme v\u00a0ka\u017ed\u00e9m p\u0159\u00edpad\u011b zabr\u00e1nit.<\/p>\n<p><span style=\"font-size: 18pt;\"><strong>A proto:<\/strong><\/span><\/p>\n<p><strong>My, \u00fa\u010dastn\u00edci demonstrace za m\u00edr a svobodu, po\u017eadujeme jednozna\u010dn\u011b okam\u017eit\u00e9 odstoupen\u00ed \u010cR od Bukure\u0161\u0165sk\u00e9 dev\u00edtky! <\/strong><\/p>\n<p><strong>A jsme rozhodn\u011b proti schv\u00e1len\u00ed tzv. Obrann\u00e9 smlouvy mezi \u010cR a USA. \u017d\u00e1d\u00e1me poslance PS P\u010cR, aby s\u00a0touto smlouvou, kter\u00e1 zbavuje na\u0161i zemi samostatnosti a sv\u00e9pr\u00e1vnosti, a kter\u00e1 by m\u011bla umo\u017enit v budoucnosti vybudov\u00e1n\u00ed z\u00e1kladny nebo objektu pro americk\u00e9 ozbrojen\u00e9 s\u00edly na \u010desk\u00e9m \u00fazem\u00ed, v\u00a0\u017e\u00e1dn\u00e9m p\u0159\u00edpad\u011b nesouhlasili! \u017d\u00e1d\u00e1me, aby ji jednozna\u010dn\u011b odm\u00edtli!<\/strong><\/p>\n<p>D\u011bkuji V\u00e1m za pozornost.<\/p>\n<p>Praha 6. 5. 2023\u00a0 \u00a0 \u00a0 \u00a0 \u00a0 \u00a0 Vladim\u00edra V\u00edtov\u00e1, p\u0159edsedkyn\u011b ANS<\/p>\n<p><img decoding=\"async\" loading=\"lazy\" class=\"alignnone size-medium wp-image-22049\" src=\"http:\/\/www.infokuryr.cz\/n\/wp-content\/uploads\/2023\/02\/vladimira-vitova-300x226.jpg\" alt=\"\" width=\"300\" height=\"226\" srcset=\"https:\/\/www.infokuryr.cz\/n\/wp-content\/uploads\/2023\/02\/vladimira-vitova-300x226.jpg 300w, https:\/\/www.infokuryr.cz\/n\/wp-content\/uploads\/2023\/02\/vladimira-vitova.jpg 759w\" sizes=\"(max-width: 300px) 100vw, 300px\" \/><\/p>\n<p>________________________________<\/p>\n<p>&nbsp;<\/p>\n<p>&nbsp;<\/p>\n<p><img decoding=\"async\" loading=\"lazy\" class=\"wp-image-19187 aligncenter\" src=\"http:\/\/www.infokuryr.cz\/n\/wp-content\/uploads\/2022\/12\/1-PRO-300x36.jpg\" alt=\"\" width=\"1283\" height=\"154\" srcset=\"https:\/\/www.infokuryr.cz\/n\/wp-content\/uploads\/2022\/12\/1-PRO-300x36.jpg 300w, https:\/\/www.infokuryr.cz\/n\/wp-content\/uploads\/2022\/12\/1-PRO.jpg 699w\" sizes=\"(max-width: 1283px) 100vw, 1283px\" \/><\/p>\n<p>&nbsp;<\/p>\n<p>&nbsp;<\/p>\n","protected":false},"excerpt":{"rendered":"<p>V\u00e1\u017een\u00ed p\u0159\u00e1tel\u00e9! Hlavn\u00edm heslem na\u0161\u00ed dne\u0161n\u00ed demonstrace jsou slova M\u00cdR a SVOBODA. Svoboda\u00a0je mo\u017enost rozhodovat&#8230;<\/p>\n","protected":false},"author":2,"featured_media":27618,"comment_status":"closed","ping_status":"closed","sticky":false,"template":"","format":"standard","meta":[],"categories":[6],"tags":[1939,565,710,3212],"_links":{"self":[{"href":"https:\/\/www.infokuryr.cz\/n\/wp-json\/wp\/v2\/posts\/27617"}],"collection":[{"href":"https:\/\/www.infokuryr.cz\/n\/wp-json\/wp\/v2\/posts"}],"about":[{"href":"https:\/\/www.infokuryr.cz\/n\/wp-json\/wp\/v2\/types\/post"}],"author":[{"embeddable":true,"href":"https:\/\/www.infokuryr.cz\/n\/wp-json\/wp\/v2\/users\/2"}],"replies":[{"embeddable":true,"href":"https:\/\/www.infokuryr.cz\/n\/wp-json\/wp\/v2\/comments?post=27617"}],"version-history":[{"count":1,"href":"https:\/\/www.infokuryr.cz\/n\/wp-json\/wp\/v2\/posts\/27617\/revisions"}],"predecessor-version":[{"id":27619,"href":"https:\/\/www.infokuryr.cz\/n\/wp-json\/wp\/v2\/posts\/27617\/revisions\/27619"}],"wp:featuredmedia":[{"embeddable":true,"href":"https:\/\/www.infokuryr.cz\/n\/wp-json\/wp\/v2\/media\/27618"}],"wp:attachment":[{"href":"https:\/\/www.infokuryr.cz\/n\/wp-json\/wp\/v2\/media?parent=27617"}],"wp:term":[{"taxonomy":"category","embeddable":true,"href":"https:\/\/www.infokuryr.cz\/n\/wp-json\/wp\/v2\/categories?post=27617"},{"taxonomy":"post_tag","embeddable":true,"href":"https:\/\/www.infokuryr.cz\/n\/wp-json\/wp\/v2\/tags?post=27617"}],"curies":[{"name":"wp","href":"https:\/\/api.w.org\/{rel}","templated":true}]}}