{"id":27593,"date":"2023-05-08T01:09:19","date_gmt":"2023-05-07T23:09:19","guid":{"rendered":"http:\/\/www.infokuryr.cz\/n\/?p=27593"},"modified":"2023-05-07T17:12:25","modified_gmt":"2023-05-07T15:12:25","slug":"usa-pozadaly-turecko-o-pristup-k-ruskemu-systemu-protivzdusne-obrany","status":"publish","type":"post","link":"https:\/\/www.infokuryr.cz\/n\/2023\/05\/08\/usa-pozadaly-turecko-o-pristup-k-ruskemu-systemu-protivzdusne-obrany\/","title":{"rendered":"USA po\u017e\u00e1daly Turecko o p\u0159\u00edstup k rusk\u00e9mu syst\u00e9mu protivzdu\u0161n\u00e9 obrany"},"content":{"rendered":"<div id=\"fb-root\"><\/div>\n<p><span style=\"font-size: 18pt;\"><strong>Ankara odm\u00edtla n\u00e1vrh USA, kter\u00fd by zahrnoval poskytnut\u00ed S-400 Ukrajin\u011b, \u0159ekl Mevlut Cavusoglu<\/strong><\/span><\/p>\n<p><span>USA se obr\u00e1tily na Turecko v nad\u011bji, \u017ee zem\u011b poskytne Washingtonu p\u0159\u00edstup ke sv\u00fdm rusk\u00fdm syst\u00e9m\u016fm protivzdu\u0161n\u00e9 obrany S-400 nebo je p\u0159ed\u00e1 Ukrajin\u011b, prohl\u00e1sil v ned\u011bli tureck\u00fd ministr zahrani\u010d\u00ed Mevlut Cavusoglu. Ankara \u017e\u00e1dost odm\u00edtla s od\u016fvodn\u011bn\u00edm, \u017ee by to podkopalo jej\u00ed suverenitu a nez\u00e1vislost, dodal.<\/span><\/p>\n<p><span>V ned\u011bln\u00edm rozhovoru pro noviny Habert\u00fcrk Cavusoglu vypr\u00e1v\u011bl, jak USA \u201eu\u010dinily\u00a0<\/span><em><span>nab\u00eddky, kter\u00e9 se p\u0159\u00edmo t\u00fdkaj\u00ed na\u0161\u00ed suverenity, nap\u0159\u00edklad n\u00e1m vzaly kontrolu nad<\/span><\/em><span>\u00a0[S-400]\u00a0<\/span><em><span>a daly ji n\u011bkam jinam.\u00a0<\/span><\/em><span>\u201c<\/span><\/p>\n<p><span>Ministr objasnil, \u017ee Washington navrhl poskytnout Ukrajin\u011b syst\u00e9my protivzdu\u0161n\u00e9 obrany, ale Ankara \u0159ekla ne.<\/span><\/p>\n<p><span>Turecko obdr\u017eelo prvn\u00ed v\u00e1rku S-400 z Ruska v roce 2019.<\/span><\/p>\n<p><span>V koment\u00e1\u0159i k vyhl\u00eddk\u00e1m n\u00e1vratu Ankary k washingtonsk\u00e9mu programu st\u00edha\u010dek F-35 Cavusoglu \u0159ekl, \u017ee jeho zem\u011b ji\u017e nem\u00e1 z\u00e1jem, proto\u017ee nyn\u00ed pracuje na vlastn\u00edm vojensk\u00e9m letadle.<\/span><\/p>\n<p><span>Loni v b\u0159eznu n\u011bkolik z\u00e1padn\u00edch m\u00e9di\u00ed informovalo, \u017ee USA nab\u00eddly Turecku \u201e <\/span><em><span>n\u00e1vrat k programu F-35<\/span><\/em><span>\u00a0\u201c v\u00fdm\u011bnou za \u201e\u00a0<\/span><em><span>vzd\u00e1n\u00ed se syst\u00e9mu S-400 a jeho odesl\u00e1n\u00ed do Kyjeva.\u00a0<\/span><\/em><span>\u201c<\/span><\/p>\n<p><span>Prezident Recep Tayyip Erdogan v koment\u00e1\u0159i k t\u011bmto tvrzen\u00edm dal jasn\u011b najevo, \u017ee pou\u017eit\u00ed S-400 ze strany Turecka je <\/span><em><span>pro n\u00e1s \u201ehotov\u00e1 v\u011bc.\u00a0<\/span><\/em><span>\u201c<\/span><\/p>\n<p><span>&#8222;<\/span><em><span>Jsou na\u0161\u00edm majetkem slou\u017e\u00edc\u00edm na\u0161\u00ed obran\u011b, tak\u017ee je konec,<\/span><\/em><span>&#8220; zd\u016fraznil tehdy.<\/span><\/p>\n<p><span>Erdogan\u016fv mluv\u010d\u00ed, Fahrettin Altun, mezit\u00edm pouk\u00e1zal na to, \u017ee \u201e\u00a0<\/span><em><span>z\u00e1pad mus\u00ed dodat st\u00edha\u010dky F-35 a baterie Patriot do Turecka bez p\u0159edb\u011b\u017en\u00fdch podm\u00ednek. <\/span><\/em><span>\u201c<\/span><\/p>\n<p><span>V roce 2020 Washington uvalil sankce na tureck\u00fd obrann\u00fd pr\u016fmysl a vykopl zemi z programu bojov\u00fdch letoun\u016f F-35 kv\u016fli rozhodnut\u00ed Ankary koupit rusk\u00fd vojensk\u00fd hardware.<\/span><\/p>\n<p><span>USA odm\u00edtly dodat ji\u017e objednan\u00e9 letadlo sv\u00e9mu kolegovi z NATO s t\u00edm, \u017ee Turecko n\u00e1kupem rusk\u00e9ho syst\u00e9mu \u201e <\/span><em><span>ohroz\u00ed bezpe\u010dnost americk\u00e9 vojensk\u00e9 techniky.\u00a0<\/span><\/em><span>\u201c<\/span><\/p>\n<p><img decoding=\"async\" loading=\"lazy\" class=\"alignnone size-full wp-image-1185\" src=\"http:\/\/www.infokuryr.cz\/n\/wp-content\/uploads\/2021\/04\/kuryr-podpis.png\" alt=\"\" width=\"84\" height=\"24\" \/><\/p>\n<p>&nbsp;<\/p>\n<p><img decoding=\"async\" loading=\"lazy\" class=\"wp-image-19187 aligncenter\" src=\"http:\/\/www.infokuryr.cz\/n\/wp-content\/uploads\/2022\/12\/1-PRO-300x36.jpg\" alt=\"\" width=\"1242\" height=\"149\" srcset=\"https:\/\/www.infokuryr.cz\/n\/wp-content\/uploads\/2022\/12\/1-PRO-300x36.jpg 300w, https:\/\/www.infokuryr.cz\/n\/wp-content\/uploads\/2022\/12\/1-PRO.jpg 699w\" sizes=\"(max-width: 1242px) 100vw, 1242px\" \/><\/p>\n<p>&nbsp;<\/p>\n<p>&nbsp;<\/p>\n","protected":false},"excerpt":{"rendered":"<p>Ankara odm\u00edtla n\u00e1vrh USA, kter\u00fd by zahrnoval poskytnut\u00ed S-400 Ukrajin\u011b, \u0159ekl Mevlut Cavusoglu USA se&#8230;<\/p>\n","protected":false},"author":2,"featured_media":27594,"comment_status":"closed","ping_status":"closed","sticky":false,"template":"","format":"standard","meta":[],"categories":[7],"tags":[2226,55,37],"_links":{"self":[{"href":"https:\/\/www.infokuryr.cz\/n\/wp-json\/wp\/v2\/posts\/27593"}],"collection":[{"href":"https:\/\/www.infokuryr.cz\/n\/wp-json\/wp\/v2\/posts"}],"about":[{"href":"https:\/\/www.infokuryr.cz\/n\/wp-json\/wp\/v2\/types\/post"}],"author":[{"embeddable":true,"href":"https:\/\/www.infokuryr.cz\/n\/wp-json\/wp\/v2\/users\/2"}],"replies":[{"embeddable":true,"href":"https:\/\/www.infokuryr.cz\/n\/wp-json\/wp\/v2\/comments?post=27593"}],"version-history":[{"count":1,"href":"https:\/\/www.infokuryr.cz\/n\/wp-json\/wp\/v2\/posts\/27593\/revisions"}],"predecessor-version":[{"id":27595,"href":"https:\/\/www.infokuryr.cz\/n\/wp-json\/wp\/v2\/posts\/27593\/revisions\/27595"}],"wp:featuredmedia":[{"embeddable":true,"href":"https:\/\/www.infokuryr.cz\/n\/wp-json\/wp\/v2\/media\/27594"}],"wp:attachment":[{"href":"https:\/\/www.infokuryr.cz\/n\/wp-json\/wp\/v2\/media?parent=27593"}],"wp:term":[{"taxonomy":"category","embeddable":true,"href":"https:\/\/www.infokuryr.cz\/n\/wp-json\/wp\/v2\/categories?post=27593"},{"taxonomy":"post_tag","embeddable":true,"href":"https:\/\/www.infokuryr.cz\/n\/wp-json\/wp\/v2\/tags?post=27593"}],"curies":[{"name":"wp","href":"https:\/\/api.w.org\/{rel}","templated":true}]}}