{"id":27579,"date":"2023-05-08T01:03:19","date_gmt":"2023-05-07T23:03:19","guid":{"rendered":"http:\/\/www.infokuryr.cz\/n\/?p=27579"},"modified":"2023-05-07T16:37:28","modified_gmt":"2023-05-07T14:37:28","slug":"jindrich-kulhavy-kratke-zamysleni-nad-chovanim-cechu","status":"publish","type":"post","link":"https:\/\/www.infokuryr.cz\/n\/2023\/05\/08\/jindrich-kulhavy-kratke-zamysleni-nad-chovanim-cechu\/","title":{"rendered":"Jind\u0159ich Kulhav\u00fd: Kr\u00e1tk\u00e9 zamy\u0161len\u00ed nad chov\u00e1n\u00edm \u010cech\u016f"},"content":{"rendered":"<div id=\"fb-root\"><\/div>\n<p><span class=\"anotation\">V\u00a0sobotu prob\u011bhla korunovace Karla III. a plno lid\u00ed sed\u011blo u obrazovek a ztr\u00e1celo t\u00edm \u010das. Venku bylo n\u00e1dhern\u011b, dalo se j\u00edt do p\u0159\u00edrody, za sportem, na vych\u00e1zku, pra\u017esk\u00e1 N\u00e1plavka poskytovala na m\u00edstn\u00edm trhu mnoho p\u0159\u00edle\u017eitost\u00ed ochutnat n\u011bco dobr\u00e9ho, prost\u011b se ten \u010das dal tr\u00e1vit v\u0161elijak a l\u00e9pe ne\u017e obdivovat skute\u010dn\u011b drahou ostrovn\u00ed tradici. P\u0159esto\u017ee si m\u016f\u017eeme myslet, \u017ee monarchie v\u016fbec nemus\u00ed b\u00fdt \u0161patn\u00e9 politick\u00e9 za\u0159\u00edzen\u00ed, ta britsk\u00e1 u\u017e je n\u00e1le\u017eit\u011b prohnil\u00e1 a kr\u00e1l m\u00e1 na chod st\u00e1tu relativn\u011b mal\u00fd vliv. Nav\u00edc nejp\u0159irozen\u011bj\u0161\u00edmi lidmi mezi ostatn\u00edmi pan\u00e1ky se v\u00a0t\u00e9to rodin\u011b jev\u00ed moment\u00e1ln\u011b. b\u00fdt princezna z\u00a0Walesu Katy a odstr\u010den\u00fd mlad\u0161\u00ed syn Charlese a Diany Harry. Proto\u017ee v\u0161ak do vnit\u0159n\u00edch z\u00e1le\u017eitost\u00ed kr\u00e1lovsk\u00e9 rodiny vid\u00ed jen omezen\u00fd po\u010det zasv\u011bcen\u00fdch, jde pouze jen o n\u00e1\u0161 n\u00e1zor, kter\u00fd nikomu nevnucujeme.<\/span><\/p>\n<div id=\"pagetext\">\n<p>\u00a0 Na V\u00e1clavsk\u00e9m n\u00e1m\u011bst\u00ed prob\u011bhl pokus o velkou demonstraci proti vl\u00e1d\u011b, ale na\u010dasov\u00e1n\u00ed nebylo dobr\u00e9. Kr\u00e1sn\u00fd den, prodlou\u017een\u00fd v\u00edkend a velk\u00fd po\u010det ji\u017e uskute\u010dn\u011bn\u00fdch akc\u00ed, z\u00a0nich\u017e posledn\u00ed veden\u00e1 Jind\u0159ichem Rajchlem skon\u010dila velkohub\u00fdmi sliby o tom, \u017ee do ur\u010dit\u00e9ho dne bude organiz\u00e1tor po\u017eadovat dialog nap\u0159\u00edmo s\u00a0vl\u00e1dou a jej\u00edm p\u0159edsedou, ani\u017e by k\u00a0tomu do\u0161lo, prost\u011b lidi pod kon\u011b nep\u0159ivedlo. Do toho se mezi sebou dohaduj\u00ed jednotlivci uzurpuj\u00edc\u00ed si patent na odpor, co\u017e v\u0161echnu jejich snahu zesm\u011b\u0161\u0148uje. Zlo\u010dineck\u00e1 organizace v\u00a0podob\u011b P\u011btikoalice si nad\u00e1le d\u011bl\u00e1, co chce. Pokra\u010duje v\u00a0drancov\u00e1n\u00ed \u010cesk\u00e9 republiky, podpo\u0159e v\u00e1lky, okr\u00e1d\u00e1n\u00ed \u010desk\u00fdch ob\u010dan\u016f nadn\u00e1rodn\u00edmi \u0159et\u011bzci, ignoruje kvalitu potravin v\u00a0nich za p\u0159emr\u0161t\u011bn\u00e9 ceny prod\u00e1van\u00fdch. Nejsou vypl\u00e1ceny d\u016fchody, chod\u00ed \u00fa\u010dty za energie a plyn v\u00a0takov\u00e9 v\u00fd\u0161i, \u017ee se lid\u00e9 st\u00e1vaj\u00ed snadn\u00fdm c\u00edlem exekutorsk\u00e9 mafie, pozvala si na svou ochranu zahrani\u010dn\u00ed arm\u00e1du, kter\u00e9 poskytla nav\u00edc naprosto pro \u010cechy degraduj\u00edc\u00ed podm\u00ednky. P\u0159i vyjmenov\u00e1v\u00e1n\u00ed dal\u0161\u00edch ,,z\u00e1sluh\u201c by se dalo pokra\u010dovat mnohem d\u00e9le a Petr Fiala d\u011bl\u00e1 v\u0161e pro to, aby nikde nemusel nic vysv\u011btlovat. Do duel\u016f s\u00a0opozic\u00ed nechod\u00ed, pos\u00edl\u00e1 za sebe sv\u00e9 pod\u0159\u00edzen\u00e9 a z\u00e1sadn\u011b vys\u00edl\u00e1 sign\u00e1ly osamocen a maxim\u00e1ln\u011b jen s\u00a0moder\u00e1tory stoj\u00edc\u00edmi v\u00a0p\u0159edklonu. Takto zbab\u011blou osobu jsme v \u010dele st\u00e1tu je\u0161t\u011b nem\u011bli.<\/p>\n<p>Samostatnou kapitolou je prezident. \u017de je skute\u010dnou loutkou liber\u00e1l\u016f, to jsme v\u011bd\u011bli u\u017e p\u0159ed volbami. Zat\u00edmco venku mu m\u00edsty tleskaj\u00ed, jmenovit\u011b Leyenov\u00e1 a Zelenskyj, jinde ho nijak zvl\u00e1\u0161t\u011b nevn\u00edmaj\u00ed. Militantn\u00ed gener\u00e1l podporuj\u00edc\u00ed z\u00a0Pra\u017esk\u00e9ho hradu ukrajinskou arm\u00e1du a nacismus nen\u00ed d\u016fstojnou hlavou st\u00e1tu. Mu\u017e, kter\u00fd d\u00e1v\u00e1 p\u0159ednost modro\u017elut\u00e9 z\u00e1stav\u011b p\u0159ed na\u0161\u00ed trikol\u00f3rou, na Hrad prost\u011b nepat\u0159\u00ed. Bohu\u017eel P\u011btikoalice dok\u00e1zala dosadit sv\u00e9ho \u010dlov\u011bka i na pra\u017esk\u00fd stolec a dokon\u010dila tak p\u0159evzet\u00ed moci, kter\u00e9 jsme j\u00ed umo\u017enili. A\u010d je to s\u00a0podivem, pod\u00edv\u00e1me li se na sou\u010dasn\u00e9 volebn\u00ed preference a v\u00fdzkumy. Kde se berou v\u0161echny ty hlasy d\u00e1vaj\u00edc\u00ed sou\u010dasn\u00e9 koalici cel\u00fdch cca 25%, p\u0159i\u010dem\u017e do Parlamentu by pro\u0161ly jen ODS a Pir\u00e1ti? Opravdu je \u010dtvrtina n\u00e1roda st\u00e1le spokojen\u00e1 s\u00a0v\u00fdvojem u n\u00e1s? A kdo tedy volil Pavla, u n\u011bho\u017e bylo jasn\u00e9, koho m\u00e1 za z\u00e1dy a komu p\u016fjde na ruku?<\/p>\n<p>Ji\u017e mnoho let se sna\u017e\u00edme komentovat d\u011bn\u00ed u n\u00e1s i ve sv\u011bt\u011b. A\u010d se sna\u017e\u00edme sebev\u00edc, jsme sv\u011bdky postupn\u00e9 degradace \u0161kolstv\u00ed vychov\u00e1vaj\u00edc\u00edho d\u011bti k\u00a0neznalosti historie, zem\u011bpisu, filozofie, fyziky a mor\u00e1ln\u00edch norem. Neposlu\u0161n\u00ed pedagogov\u00e9 jsou c\u00edlem justice. Vn\u00edm\u00e1me tot\u00e1ln\u00ed ekonomick\u00fd \u00fapadek st\u00e1tu i \u0161irok\u00e9 ve\u0159ejnosti, mizen\u00ed logiky, skom\u00edr\u00e1n\u00ed svobody a demokracie. St\u00e1le v\u00edce se rozkl\u00e1d\u00e1 spole\u010dnost, podporuje se nacismus a zab\u00edjen\u00ed, politici ztratili jak\u00e9koliv z\u00e1brany a soudy i m\u00e9dia u\u017e d\u00e1vno nejsou nez\u00e1visl\u00fdmi subjekty s\u00a0pravomoc\u00ed kritizovat a trestat elity. Policie je n\u00e1strojem moci stejn\u011b, jako kdy\u017e kdysi slou\u017eila pouze a jen komunist\u016fm. Lid\u00e9 u\u017e se neum\u00ed vzep\u0159\u00edt, postavit se zv\u016fli st\u00e1tn\u00edch \u00fa\u0159edn\u00edk\u016f, v\u011bt\u0161ina dodr\u017euje nastaven\u00e1 pravidla i p\u0159esto, \u017ee jsou naprosto likvida\u010dn\u00ed, svazuj\u00edc\u00ed a omezuj\u00edc\u00ed. Strach zabil i v\u011bt\u0161inu projev\u016f anarchismu a nevole. Cenzura jede na pln\u00e9 obr\u00e1tky a je vy\u017eadov\u00e1na nevolen\u00fdmi evropsk\u00fdmi komisa\u0159i, kte\u0159\u00ed si na n\u00ed buduj\u00ed kari\u00e9ru. Soudci otev\u0159en\u011b poru\u0161uj\u00ed na\u0161i \u00dastavu, kdy\u017e omezuj\u00ed svobodu slova a projevu, p\u0159i\u010dem\u017e v\u00edcelet\u00fdm v\u011bzen\u00edm trestaj\u00ed za n\u00e1zor. Jde o zastra\u0161ov\u00e1n\u00ed t\u011bch, kte\u0159\u00ed by se cht\u011bli p\u0159idat. Policie zat\u00fdk\u00e1 za n\u00e1\u0161ivky symbol\u016f, kter\u00fdmi jejich nositel\u00e9 podporuj\u00ed Rusko, ov\u0161em nacistick\u00e9 symboly u Ukrajinc\u016f u n\u00e1s \u017eij\u00edc\u00edch nikomu nevad\u00ed.<\/p>\n<p>Ps\u00e1t tedy o \u010demkoliv s\u00a0v\u00fdjimkou volno\u010dasov\u00fdch aktivit se zd\u00e1 b\u00fdt ne\u00fa\u010dinn\u00e9. Pokles po\u010dtu na\u0161ich \u010dten\u00e1\u0159\u016f sv\u011bd\u010d\u00ed o tom, \u017ee jsou lid\u00e9 spokojeni se sou\u010dasnou vl\u00e1dou, nebo prost\u011b nikoho u\u017e moc jej\u00ed kritika nezaj\u00edm\u00e1. I kdy\u017e \u010d\u00e1st jde na vrub provozovatel\u016fm soci\u00e1ln\u00edch s\u00edt\u00ed odsunuj\u00edc\u00edch p\u0159\u00edsp\u011bvky do pozad\u00ed, lid\u00e9 u\u017e by si za ty roky mohli n\u00e1\u0161 obsah hledat sami. Pro\u010d se to posledn\u00ed dobou ned\u011bje, netu\u0161\u00edme, mo\u017en\u00e1 kvalita text\u016f poklesnula, nebo nejsou pro v\u00e1s aktu\u00e1ln\u00ed. P\u0159esto u\u017e jsme z\u00edskali p\u0159es 3 miliony p\u0159e\u010dten\u00ed na\u0161ich \u010dl\u00e1nk\u016f. Provl\u00e1dn\u00ed hejt\u0159i n\u00e1s p\u0159esv\u011bd\u010duj\u00ed o tom, \u017ee jsme mimo a v\u0161e je pr\u00fd v\u00a0po\u0159\u00e1dku. Fiala je nejlep\u0161\u00ed premi\u00e9r, kter\u00fd n\u00e1s dovede mezi sv\u011btovou elitu tvo\u0159enou USA a Evropskou uni\u00ed. Je neuv\u011b\u0159iteln\u00e9, kolik takov\u00fdch spoluob\u010dan\u016f existuje. Pat\u0159\u00ed mezi n\u011b ,,um\u011blci\u201c, ml\u00e1de\u017e, mnoho st\u00e1tn\u00edch zam\u011bstnanc\u016f i s\u00a0re\u017eimem sp\u0159\u00e1telen\u00fdch podnikatel\u016f, aktivist\u00e9, zelen\u00ed idealist\u00e9 a parazit\u00e9 z\u00a0neziskov\u00e9ho sektoru. No, a pot\u00e9 tu je v\u011bt\u0161ina n\u00e1roda l\u00edn\u00e1 cokoliv d\u011blat. Sice reptaj\u00edc\u00ed, ale nakonec zkonzumuje i tu ukrajinskou p\u0161enici, polsk\u00e9 a ukrajinsk\u00e9 maso a vaj\u00ed\u010dka, n\u011bco t\u011bch brouk\u016f dod\u00e1van\u00fdch Z\u00e1padem a nadn\u00e1rodn\u00edmi obchodn\u00edmi \u0159et\u011bzci. Sice s\u00a0jistou ned\u016fv\u011brou koukaj\u00edc\u00ed na v\u00fdsledky medi\u00e1ln\u00ed \u0161p\u00edny na obrazovk\u00e1ch a monitorech, p\u0159esto dle n\u00ed si d\u011blaj\u00edc\u00ed sv\u016fj nevyhran\u011bn\u00fd n\u00e1zor, d\u00edky kter\u00e9mu douf\u00e1, \u017ee bude l\u00e9pe. I p\u0159esto, \u017ee jim jaksi u\u017e nezb\u00fdv\u00e1 ani na zveleben\u00ed domova, n\u00e1kup auta \u010di na hezkou dovolenou. Pt\u00e1m se tedy. V\u00e1m opravdu st\u00e1le nic nedoch\u00e1z\u00ed? M\u00e1 cenu je\u0161t\u011b n\u011bco ps\u00e1t, kdy\u017e to s\u00a0nik\u00fdm nic ned\u011bla?<\/p>\n<p><a href=\"https:\/\/www.inadhled.live\/uvaha-dne\/kratke-zamysleni-nad-chovanim-cechu\/\">Jind\u0159ich Kulhav\u00fd<\/a><\/p>\n<p><img decoding=\"async\" loading=\"lazy\" class=\"alignnone size-medium wp-image-22653\" src=\"http:\/\/www.infokuryr.cz\/n\/wp-content\/uploads\/2023\/02\/jindra-kulhavy-221x300.jpg\" alt=\"\" width=\"221\" height=\"300\" srcset=\"https:\/\/www.infokuryr.cz\/n\/wp-content\/uploads\/2023\/02\/jindra-kulhavy-221x300.jpg 221w, https:\/\/www.infokuryr.cz\/n\/wp-content\/uploads\/2023\/02\/jindra-kulhavy.jpg 311w\" sizes=\"(max-width: 221px) 100vw, 221px\" \/><\/p>\n<p>_____________________<\/p>\n<\/div>\n<p>&nbsp;<\/p>\n<p>&nbsp;<\/p>\n<p><img decoding=\"async\" loading=\"lazy\" class=\"wp-image-19187 aligncenter\" src=\"http:\/\/www.infokuryr.cz\/n\/wp-content\/uploads\/2022\/12\/1-PRO-300x36.jpg\" alt=\"\" width=\"1292\" height=\"155\" srcset=\"https:\/\/www.infokuryr.cz\/n\/wp-content\/uploads\/2022\/12\/1-PRO-300x36.jpg 300w, https:\/\/www.infokuryr.cz\/n\/wp-content\/uploads\/2022\/12\/1-PRO.jpg 699w\" sizes=\"(max-width: 1292px) 100vw, 1292px\" \/><\/p>\n<p>&nbsp;<\/p>\n<p>&nbsp;<\/p>\n","protected":false},"excerpt":{"rendered":"<p>V\u00a0sobotu prob\u011bhla korunovace Karla III. a plno lid\u00ed sed\u011blo u obrazovek a ztr\u00e1celo t\u00edm \u010das&#8230;.<\/p>\n","protected":false},"author":2,"featured_media":27580,"comment_status":"closed","ping_status":"closed","sticky":false,"template":"","format":"standard","meta":[],"categories":[6],"tags":[670,1497,29,122],"_links":{"self":[{"href":"https:\/\/www.infokuryr.cz\/n\/wp-json\/wp\/v2\/posts\/27579"}],"collection":[{"href":"https:\/\/www.infokuryr.cz\/n\/wp-json\/wp\/v2\/posts"}],"about":[{"href":"https:\/\/www.infokuryr.cz\/n\/wp-json\/wp\/v2\/types\/post"}],"author":[{"embeddable":true,"href":"https:\/\/www.infokuryr.cz\/n\/wp-json\/wp\/v2\/users\/2"}],"replies":[{"embeddable":true,"href":"https:\/\/www.infokuryr.cz\/n\/wp-json\/wp\/v2\/comments?post=27579"}],"version-history":[{"count":1,"href":"https:\/\/www.infokuryr.cz\/n\/wp-json\/wp\/v2\/posts\/27579\/revisions"}],"predecessor-version":[{"id":27581,"href":"https:\/\/www.infokuryr.cz\/n\/wp-json\/wp\/v2\/posts\/27579\/revisions\/27581"}],"wp:featuredmedia":[{"embeddable":true,"href":"https:\/\/www.infokuryr.cz\/n\/wp-json\/wp\/v2\/media\/27580"}],"wp:attachment":[{"href":"https:\/\/www.infokuryr.cz\/n\/wp-json\/wp\/v2\/media?parent=27579"}],"wp:term":[{"taxonomy":"category","embeddable":true,"href":"https:\/\/www.infokuryr.cz\/n\/wp-json\/wp\/v2\/categories?post=27579"},{"taxonomy":"post_tag","embeddable":true,"href":"https:\/\/www.infokuryr.cz\/n\/wp-json\/wp\/v2\/tags?post=27579"}],"curies":[{"name":"wp","href":"https:\/\/api.w.org\/{rel}","templated":true}]}}