{"id":27576,"date":"2023-05-08T01:02:18","date_gmt":"2023-05-07T23:02:18","guid":{"rendered":"http:\/\/www.infokuryr.cz\/n\/?p=27576"},"modified":"2023-05-07T16:33:22","modified_gmt":"2023-05-07T14:33:22","slug":"vrabeluv-vybuch-fiasko-ne-to-jenom-neskryvana-nenavist-vuci-rajchlovi-a-strane-pro-vystavila-zaverecny-ucet-a-zrcadlo","status":"publish","type":"post","link":"https:\/\/www.infokuryr.cz\/n\/2023\/05\/08\/vrabeluv-vybuch-fiasko-ne-to-jenom-neskryvana-nenavist-vuci-rajchlovi-a-strane-pro-vystavila-zaverecny-ucet-a-zrcadlo\/","title":{"rendered":"Vr\u00e1bel\u016fv v\u00fdbuch? Fiasko? Ne, to jenom neskr\u00fdvan\u00e1 nen\u00e1vist v\u016f\u010di Rajchlovi a stran\u011b PRO vystavila z\u00e1v\u011bre\u010dn\u00fd \u00fa\u010det a zrcadlo"},"content":{"rendered":"<div id=\"fb-root\"><\/div>\n<div class=\"introtext\">\n<p>Od chv\u00edle, kdy zalo\u017eil Jind\u0159ich Rajchl stranu PRO a necht\u011bl chodit na podium pod komunistickou vlajkou, nav\u00edc pod tlakem \u0161pinav\u00fdch l\u017e\u00ed a podvod\u016f, bylo jasn\u00e9, \u017ee se n\u011bco stane.<\/p>\n<\/div>\n<div class=\"fulltext\">\n<p><span style=\"font-size: 18pt;\"><strong>Nalijme si \u010dist\u00e9ho v\u00edna a pak skon\u010deme \u017eabomy\u0161\u00ed v\u00e1lky.<\/strong><\/span><\/p>\n<p>Kdy\u017e vystoupil Jind\u0159ich Rajchl na Starom\u011bstsk\u00e9m n\u00e1m\u011bst\u00ed dvakr\u00e1t v roce 2021, bylo jasn\u00e9, \u017ee siln\u00fd hr\u00e1\u010d nastupuje. Pak divadlo u J\u00edlkov\u00e9 (M\u00e1te slovo) a zoufal\u00e1 snaha r\u00e1doby odborn\u00edk\u016f na Pfizer a covid se s n\u00edm neutkat, vyvolala v lidech zv\u011bdavost a 3.z\u00e1\u0159\u00ed 2022 V\u00e1clav\u00e1k vybuchl nad\u0161en\u00edm, kdy\u017e se na podiu objevil.\u00a0<strong>Ostatn\u00ed jenom pab\u011brkovali.<\/strong><\/p>\n<p><strong>N\u00e1sledn\u011b v\u011b\u0159il Ladislav Vr\u00e1bel, \u017ee jeho &#8222;pod\u0159\u00edzen\u00fd Rajchl &#8222;<\/strong>\u00a0mu bude nah\u00e1n\u011bt bod\u00edky a on se stal opak. Jind\u0159ich Rajchl se odtrhl, \u017eabomy\u0161\u00ed v\u00e1lky a pr\u00e1zdn\u00e9 \u017evan\u011bn\u00ed odm\u00edtl a s Vr\u00e1belem to zacloumalo: jeho ego se nadmulo, v\u0161em za\u010dal nad\u00e1vat, v\u0161ichni kolem n\u011bj utekli a z\u016fstali mu pouze komunist\u00e9 a p\u00e1r provokat\u00e9r\u016f, \u010di t\u011bch, co nad\u00e1vaj\u00ed za v\u0161echno v\u0161em jako Peterkov\u00e1, Z\u00edtko, jak\u00fdsi B\u00edl\u00fd a dal\u0161\u00ed gener\u00e1lov\u00e9 bez vojska &#8211; v\u016fdci od volantu.<\/p>\n<p>A pak nebylo dne, aby na Rajchla nepou\u0161t\u011bl ur\u00e1\u017eky, \u0161p\u00ednu a podrazy. Cht\u011bl mu zablokovat V\u00e1clavsk\u00e9 n\u00e1m\u011bst\u00ed, kdy\u017e vyhl\u00e1sil protesty proti b\u00edd\u011b a Rajchl se mu vysm\u00e1l. Pak \u0159val, \u017ee nedovol\u00ed zprivatizovat V\u00e1clav\u00e1k a \u017ee ho zablokuje. \u017de mu ned\u00e1 lidi&#8230;. (?) \u017de V\u00e1clav\u00e1k je Vr\u00e1bela a nikoliv Rajchla. Jako kdyby byli nespokojen\u00ed lid\u00e9 housky na kr\u00e1m\u011b a Rajchl je ukradl. Jeden bl\u00e1bol st\u00edhal druh\u00fd a ur\u00e1\u017eky jen pr\u0161ely. Ka\u017ed\u00e9 &#8222;vys\u00edl\u00e1n\u00ed&#8220;. A lid\u00e9 u\u017e ho odm\u00edtali poslouchat. Z tis\u00edc\u016f zbyly sta a pak u\u017e jen des\u00edtky. Stejn\u011b se neponau\u010dil a jeho ego u\u017e nen\u00e1vist neskr\u00fdvalo.<\/p>\n<p><strong>Vy\u017ee\u0148te Rajchla z V\u00e1clav\u00e1ku, je\u010del Vr\u00e1bel<\/strong>. P\u00edskejte na n\u011bj, nad\u00e1vejte mu, \u017ee\u0148te ho pry\u010d, kv\u00edlel donekone\u010dna. J\u00e1, j\u00e1, j\u00e1 a nikdo jin\u00fd m\u00e1 pr\u00e1vo to v\u00e9st. Jedin\u011b j\u00e1, j\u00e1, j\u00e1 m\u00e1m pr\u00e1vo na V\u00e1clavsk\u00e9 n\u00e1m\u011bst\u00ed a \u017e\u00e1dn\u00fd Rajchl se stranou PRO.\u00a0<strong>A Rajchl ml\u010del, na ur\u00e1\u017eky neodpov\u00eddal<\/strong>\u00a0a to vedlo Vr\u00e1bela k nep\u0159\u00ed\u010detnosti. U\u017e od n\u011bj utekli v\u0161ichni spolupracovn\u00edci a on jel nen\u00e1vistnou notu d\u00e1l.<\/p>\n<table>\n<tbody>\n<tr>\n<td>A to nejhor\u0161\u00ed p\u0159i\u0161lo: a\u017e se objev\u00ed Rajchl, vyp\u00edskejte ho! <strong>Nem\u00e1 pr\u00e1vo \u017e\u00e1dat \u010desk\u00e9 vlajky.<\/strong>\u00a0P\u0159ij\u010fte s komunistick\u00fdmi, ukrajinsk\u00fdmi, rusk\u00fdmi, p\u0159ij\u010fte provokovat, aby Rajchl v\u011bd\u011bl, \u017ee mi V\u00e1clav\u00e1k vz\u00edt nesm\u00ed, zu\u0159iv\u011b nad\u00e1val skoro ka\u017ed\u00e9 vys\u00edl\u00e1n\u00ed.<\/td>\n<\/tr>\n<\/tbody>\n<\/table>\n<p>V\u0161ichni slu\u0161n\u00ed lid\u00e9 \u017e\u00e1dali, a\u0165 to ned\u011bl\u00e1, a\u0165 na V\u00e1clav\u00e1k nechod\u00ed nikdo provokovat,\u00a0<strong>\u017ee tam jdeme za \u010ceskou republiku<\/strong>\u00a0a nikoliv za Rusko, Ukrajinu, \u010di komunisty. A dokonce i komunist\u00e9 to dodr\u017eeli a vzali si \u010desk\u00e9 vlajky (za co\u017e jim pat\u0159\u00ed d\u00edk), jenom p\u00e1r po\u0161uk\u016f uv\u011b\u0159ilo Vr\u00e1belovi a s n\u00e1\u0161ivkami p\u0159i\u0161lo provokovat.Sami lid\u00e9 \u017e\u00e1dali Popelku, a\u0165 to nekaz\u00ed, sami lid\u00e9 prosili lidi s n\u00e1\u0161ivkami, a\u0165 n\u00e1m to nekaz\u00ed. Marn\u00e1 byla snaha, a nyn\u00ed to Vr\u00e1bel zneu\u017e\u00edv\u00e1 ke slov\u00ed\u010dku &#8222;pr\u00e1ska\u010di&#8220;.<\/p>\n<p>P\u0159itom u akc\u00ed, co vedl Vr\u00e1bel, jsme d\u011blali to sam\u00e9: zvedali ruce a volali provokat\u00e9r, kdy\u017e se n\u011bjak\u00fd objevil a volali policii. To \u00fadajn\u011b ale pr\u00e1ska\u010dstv\u00ed nebylo. A nem\u011bli \u0161anci. Lze dohledat. Ale na akci vedenou Rajchlem toto sam\u00e9 je \u00fadajn\u011b pr\u00e1ska\u010dstv\u00ed.<\/p>\n<p>A pak se pokusil zesm\u011b\u0161nit 80 000 lid\u00ed t\u00edm, \u017ee symbolick\u00e9 zablokov\u00e1n\u00ed \u00fa\u0159adu naz\u00fdval fiaskem, proto\u017ee pr\u00fd do pr\u00e1ce minist\u0159i mohli. (I u Bobo\u0161\u00edkov\u00e9) \u017de 80 000 lid\u00ed jsou jenom jednotlivci, ale a\u017e on to vyhl\u00e1s\u00ed, p\u0159ijde milion a Rajchla vymete. Ur\u00e1\u017eky na Rajchla, \u017ee ho m\u011bl zadarmo zastupovat jako pr\u00e1vn\u00edk a Rajchl se s n\u00edm ani nebav\u00ed. A st\u00e1le Rajchl, Rajchl a Rajchl, jakoby \u010cesk\u00e1 republika a b\u00edda ani nebyla.<\/p>\n<p><span style=\"font-size: 18pt;\"><strong>\u010cesk\u00e1 republika pod Rajchlem bez provokac\u00ed: nen\u00ed to kr\u00e1sa?<\/strong><\/span><\/p>\n<p><img decoding=\"async\" class=\"aligncenter\" src=\"https:\/\/www.skrytapravda.cz\/images\/blogy\/805\/2023\/4duben\/ceska_republika_bez_provokaci_05ff3.webp\" alt=\"ceska republika bez provokaci 05ff3\" \/><\/p>\n<p>Za tuto \u0161p\u00ednu byl vystaven Ladislavu Vr\u00e1belovi z\u00e1v\u011bre\u010dn\u00fd \u00fa\u010det: p\u0159i\u0161lo n\u011bkolik set, mo\u017en\u00e1 dva, t\u0159i tis\u00edce lid\u00ed, kter\u00e9 nazval rodinou. Tak\u017ee v\u00fdbuch? Fiasko? Ne, prost\u011b u\u017e lid\u00e9 necht\u011bj\u00ed, aby velikost ega p\u0159ev\u00fd\u0161ila to, pro\u010d protestujeme. Jak odvolat vl\u00e1du, kter\u00e9 se paktuje s ciz\u00ed mocnost\u00ed bez souhlasu lidu a zve k n\u00e1m op\u011bt ciz\u00ed vojska jako bol\u0161evici. \u017de likviduje programov\u011b na\u0161\u00ed zem a vede n\u00e1s do \u017eebroty a dluh\u016f.<\/p>\n<p><span style=\"font-size: 18pt;\"><strong>P.S.\u00a0<\/strong><\/span> zatleskejme pan\u00ed Kone\u010dn\u00e9, panu Paroubkovi a dal\u0161\u00edm za jejich odv\u00e1\u017en\u00e1 a spr\u00e1vn\u00e1 slova. Ale necht\u011bjte od n\u00e1s, abychom adorovali op\u011bt srp a kladivo pod bol\u0161evickou, rudou barvou. Abychom zapom\u011bli na okupaci 21 let a ciz\u00ed vojska na na\u0161em \u00fazem\u00ed, kdy\u017e tot\u00e9\u017e nyn\u00ed d\u011bl\u00e1 Fiala a \u010cernochov\u00e1 a kolaboruj\u00ed zase s jinou mocnost\u00ed. Ne, my odm\u00edt\u00e1me V\u0160ECHNY kolaboranty a ciz\u00ed vojska na na\u0161em \u00fazem\u00ed. Jak z v\u00fdchodu, tak ze z\u00e1padu. My jsme \u010cesk\u00e1 republika, kde \u017eij\u00ed \u010ce\u0161i, Moravan\u00e9 a Slezan\u00e9 a tak to z\u016fstane, i kdy\u017e n\u00e1s n\u011bkolik set agres\u00edvn\u00edch Ukrajinc\u016f op\u011bt z na\u0161\u00ed zem\u011b vyh\u00e1n\u00ed a n\u00e1m porou\u010d\u00ed, ani\u017e by to policie \u0161et\u0159ila a rasistick\u00e9 ur\u00e1\u017eky z jejich strany st\u00edhala. Snad jednou, a\u017e se pr\u00e1vo vr\u00e1t\u00ed&#8230;<\/p>\n<p><span style=\"font-size: 18pt;\"><strong>P.S.S.<\/strong><\/span> Vzduch se vy\u010distil.<\/p>\n<p><a href=\"https:\/\/www.skrytapravda.cz\/z-domova\/1211-vrabeluv-vybuch-fiasko-ne-to-jenom-neskryvana-nenavist-vuci-rajchlovi-a-strane-pro-vystavila-zaverecny-ucet-a-zrcadlo\">Petr Pokorn\u00fd<\/a><\/p>\n<\/div>\n<p>&nbsp;<\/p>\n<p>&nbsp;<\/p>\n<p><img decoding=\"async\" loading=\"lazy\" class=\"wp-image-19187 aligncenter\" src=\"http:\/\/www.infokuryr.cz\/n\/wp-content\/uploads\/2022\/12\/1-PRO-300x36.jpg\" alt=\"\" width=\"1250\" height=\"150\" srcset=\"https:\/\/www.infokuryr.cz\/n\/wp-content\/uploads\/2022\/12\/1-PRO-300x36.jpg 300w, https:\/\/www.infokuryr.cz\/n\/wp-content\/uploads\/2022\/12\/1-PRO.jpg 699w\" sizes=\"(max-width: 1250px) 100vw, 1250px\" \/><\/p>\n<p>&nbsp;<\/p>\n<p>&nbsp;<\/p>\n","protected":false},"excerpt":{"rendered":"<p>Od chv\u00edle, kdy zalo\u017eil Jind\u0159ich Rajchl stranu PRO a necht\u011bl chodit na podium pod komunistickou&#8230;<\/p>\n","protected":false},"author":2,"featured_media":27577,"comment_status":"closed","ping_status":"closed","sticky":false,"template":"","format":"standard","meta":[],"categories":[6],"tags":[4915,2992,234,2663,815,3266],"_links":{"self":[{"href":"https:\/\/www.infokuryr.cz\/n\/wp-json\/wp\/v2\/posts\/27576"}],"collection":[{"href":"https:\/\/www.infokuryr.cz\/n\/wp-json\/wp\/v2\/posts"}],"about":[{"href":"https:\/\/www.infokuryr.cz\/n\/wp-json\/wp\/v2\/types\/post"}],"author":[{"embeddable":true,"href":"https:\/\/www.infokuryr.cz\/n\/wp-json\/wp\/v2\/users\/2"}],"replies":[{"embeddable":true,"href":"https:\/\/www.infokuryr.cz\/n\/wp-json\/wp\/v2\/comments?post=27576"}],"version-history":[{"count":1,"href":"https:\/\/www.infokuryr.cz\/n\/wp-json\/wp\/v2\/posts\/27576\/revisions"}],"predecessor-version":[{"id":27578,"href":"https:\/\/www.infokuryr.cz\/n\/wp-json\/wp\/v2\/posts\/27576\/revisions\/27578"}],"wp:featuredmedia":[{"embeddable":true,"href":"https:\/\/www.infokuryr.cz\/n\/wp-json\/wp\/v2\/media\/27577"}],"wp:attachment":[{"href":"https:\/\/www.infokuryr.cz\/n\/wp-json\/wp\/v2\/media?parent=27576"}],"wp:term":[{"taxonomy":"category","embeddable":true,"href":"https:\/\/www.infokuryr.cz\/n\/wp-json\/wp\/v2\/categories?post=27576"},{"taxonomy":"post_tag","embeddable":true,"href":"https:\/\/www.infokuryr.cz\/n\/wp-json\/wp\/v2\/tags?post=27576"}],"curies":[{"name":"wp","href":"https:\/\/api.w.org\/{rel}","templated":true}]}}