{"id":27510,"date":"2023-05-06T09:07:20","date_gmt":"2023-05-06T07:07:20","guid":{"rendered":"http:\/\/www.infokuryr.cz\/n\/?p=27510"},"modified":"2023-05-06T09:07:20","modified_gmt":"2023-05-06T07:07:20","slug":"az-100-milionu-%e2%82%a4-bude-vynalozeno-na-levnejsi-korunovaci-karla-iii","status":"publish","type":"post","link":"https:\/\/www.infokuryr.cz\/n\/2023\/05\/06\/az-100-milionu-%e2%82%a4-bude-vynalozeno-na-levnejsi-korunovaci-karla-iii\/","title":{"rendered":"A\u017e 100 milion\u016f \u20a4 bude vynalo\u017eeno na \u201elevn\u011bj\u0161\u00ed\u201c korunovaci Karla III."},"content":{"rendered":"<div id=\"fb-root\"><\/div>\n<p><strong>Nov\u00fd kr\u00e1l Spojen\u00e9ho kr\u00e1lovstv\u00ed Karel III. se rozhodl sn\u00ed\u017eit n\u00e1klady na svou korunovaci, u\u010dinit ji \u201ekrat\u0161\u00ed\u201c a \u201elevn\u011bj\u0161\u00ed\u201c ne\u017e za \u010das\u016f jeho matky Al\u017eb\u011bty II., uv\u00e1d\u00ed CNBC. Celkov\u00e9 n\u00e1klady na v\u0161echny akce, v\u010detn\u011b pouli\u010dn\u00edho pr\u016fvodu a koncertu hv\u011bzd, budou z\u00e1rove\u0148 st\u00e1t britsk\u00e9 da\u0148ov\u00e9 poplatn\u00edky od 50 milion\u016f do 100 milion\u016f \u20a4, co\u017e mnoho lid\u00ed na pozad\u00ed vysok\u00e9 inflace odsuzuje.<\/strong><\/p>\n<p>Tento v\u00edkend budou v\u0161echny o\u010di up\u0159eny na Spojen\u00e9 kr\u00e1lovstv\u00ed: korunovace kr\u00e1le Karla III. tam prob\u011bhne s typickou britskou pompou, p\u00ed\u0161e CNBC.\u00a0Arcibiskup z Canterbury korunuje nov\u00e9ho panovn\u00edka ve Westminstersk\u00e9m opatstv\u00ed 6. kv\u011btna, pot\u00e9 budou n\u00e1sledovat t\u0159i dny oslav v Lond\u00fdn\u011b a po cel\u00e9m Spojen\u00e9m kr\u00e1lovstv\u00ed.<\/p>\n<p>Ceremoni\u00e1l, kter\u00fd se bude konat poprv\u00e9 po 70 letech, m\u00e1 sp\u00ed\u0161e slavnostn\u00ed charakter: 74let\u00fd kr\u00e1l ofici\u00e1ln\u011b nastoupil na tr\u016fn loni 8. z\u00e1\u0159\u00ed, kdy zem\u0159ela kr\u00e1lovna Al\u017eb\u011bta II.\u00a0O\u010dek\u00e1v\u00e1 se, \u017ee mnoho obyvatel a turist\u016f se bude cht\u00edt z\u00fa\u010dastnit historick\u00e9 ud\u00e1losti, kter\u00e1 se v\u0161ak shodovala s obt\u00ed\u017enou ekonomickou situac\u00ed ve Spojen\u00e9m kr\u00e1lovstv\u00ed.\u00a0Mnoz\u00ed si kladou ot\u00e1zku, zda by se takov\u00e1 akce mohla konat, kdy\u017e zem\u011b proch\u00e1z\u00ed nejhor\u0161\u00ed kriz\u00ed \u017eivotn\u00ed \u00farovn\u011b za generaci.<\/p>\n<p>Buckinghamsk\u00fd pal\u00e1c neuvedl p\u0159esn\u00e9 \u00fadaje o n\u00e1kladech na korunovaci, ale uv\u00e1d\u00ed se, \u017ee s\u00e1m Karel III. usiluje o sn\u00ed\u017een\u00ed n\u00e1klad\u016f na oslavy.\u00a0Chce, aby ob\u0159ad byl \u201e\u00a0<em>krat\u0161\u00ed<\/em> , <em>men\u0161\u00ed, levn\u011bj\u0161\u00ed<\/em>\u00a0\u201c a zapadal do jeho pl\u00e1n\u016f na zefektivn\u011bn\u00ed monarchie.\u00a0Do Westminstersk\u00e9ho opatstv\u00ed jsou tedy pozv\u00e1ny pouze 2 tis\u00edce VIP host\u016f &#8211; asi \u010dtvrtina p\u0159\u00edtomn\u00fdch na korunovaci kr\u00e1lovny Al\u017eb\u011bty &#8211; a ob\u0159ad bude trvat asi hodinu, nikoli n\u011bkolik hodin, jako tomu bylo d\u0159\u00edve.<\/p>\n<p>Podle neofici\u00e1ln\u00edch zdroj\u016f citovan\u00fdch BBC by se v\u0161ak celkov\u00e9 n\u00e1klady na v\u0161echny akce, v\u010detn\u011b pouli\u010dn\u00edho pr\u016fvodu a koncertu hv\u011bzd, m\u011bly pohybovat mezi 50 miliony a 100 miliony \u20a4, co\u017e je v p\u0159epo\u010dtu na dne\u0161n\u00ed pen\u00edze v\u00edce ne\u017e p\u0159ibli\u017en\u011b 50 milion\u016f \u20a4 , kter\u00fd se v roce 1953 vydal na oslavy korunovace Al\u017eb\u011bty II.\u00a0Stejn\u011b jako v\u011bt\u0161ina ve\u0159ejn\u00fdch akc\u00ed je nadch\u00e1zej\u00edc\u00ed oslava financov\u00e1na britskou vl\u00e1dou a v kone\u010dn\u00e9m d\u016fsledku da\u0148ov\u00fdmi poplatn\u00edky.\u00a0Nejmenovanou \u010d\u00e1st n\u00e1klad\u016f uhrad\u00ed Buckinghamsk\u00fd pal\u00e1c.<\/p>\n<p>N\u011bkte\u0159\u00ed Britov\u00e9 jsou s t\u011bmito \u010d\u00edsly nespokojeni: podle ned\u00e1vn\u00e9ho pr\u016fzkumu YouGov si 51 % lid\u00ed mysl\u00ed, \u017ee by vl\u00e1da nem\u011bla platit za korunovaci.\u00a0P\u0159itom 8. kv\u011bten, vyhl\u00e1\u0161en\u00fd u p\u0159\u00edle\u017eitosti korunovace za ofici\u00e1ln\u00ed den volna, bude st\u00e1t ekonomiku zem\u011b dal\u0161\u00edch 1,36 miliardy \u20a4 kv\u016fli zme\u0161kan\u00e9mu pracovn\u00edmu dni.\u00a0V tuto chv\u00edli je HDP Spojen\u00e9ho kr\u00e1lovstv\u00ed o 0,6 % ni\u017e\u0161\u00ed ne\u017e na konci roku 2019.\u00a0Spojen\u00e9 kr\u00e1lovstv\u00ed tak z\u016fstalo jedinou zem\u00ed G7, kter\u00e1 se nevzpamatovala z poklesu pandemie.\u00a0Inflace p\u0159itom z\u016fst\u00e1v\u00e1 vysok\u00e1: v b\u0159eznu dos\u00e1hla celkov\u00e1 ro\u010dn\u00ed m\u00edra 10,1 % a ceny potravin rostou rekordn\u00edm tempem za 45 let.<\/p>\n<p>Vl\u00e1da ze sv\u00e9 strany douf\u00e1, \u017ee korunovace p\u0159inese miliony liber podnik\u016fm, zejm\u00e9na v nejv\u00edce posti\u017een\u00fdch sektorech ekonomiky: obchodu, cestovn\u00edho ruchu a pohostinstv\u00ed.\u00a0Podle n\u011bkter\u00fdch odhad\u016f, p\u00ed\u0161e CNBC, obvykle b\u011bhem ofici\u00e1ln\u00edch sv\u00e1tk\u016f maloobchodn\u00ed tr\u017eby rostou denn\u011b asi o 15 %.\u00a0Asociace pohostinsk\u00e9ho pr\u016fmyslu nazna\u010duje, \u017ee slavnosti by mohly zv\u00fd\u0161it p\u0159\u00edjmy sektoru o 350 milion\u016f \u20a4. Organizace dod\u00e1v\u00e1, \u017ee korunovace spolu se dv\u011bma nadch\u00e1zej\u00edc\u00edmi ofici\u00e1ln\u00edmi sv\u00e1tky a tak\u00e9 Eurovision Song Contest v Liverpoolu 13. kv\u011btna by mohly vygenerovat celkov\u00e9 p\u0159\u00edjmy. ve v\u00fd\u0161i 1 miliardy \u20a4.<\/p>\n<p><img decoding=\"async\" loading=\"lazy\" class=\"alignnone size-full wp-image-1185\" src=\"http:\/\/www.infokuryr.cz\/n\/wp-content\/uploads\/2021\/04\/kuryr-podpis.png\" alt=\"\" width=\"84\" height=\"24\" \/><\/p>\n<p>&nbsp;<\/p>\n<p>&nbsp;<\/p>\n<p><img decoding=\"async\" loading=\"lazy\" class=\"wp-image-19187 aligncenter\" src=\"http:\/\/www.infokuryr.cz\/n\/wp-content\/uploads\/2022\/12\/1-PRO-300x36.jpg\" alt=\"\" width=\"1275\" height=\"153\" srcset=\"https:\/\/www.infokuryr.cz\/n\/wp-content\/uploads\/2022\/12\/1-PRO-300x36.jpg 300w, https:\/\/www.infokuryr.cz\/n\/wp-content\/uploads\/2022\/12\/1-PRO.jpg 699w\" sizes=\"(max-width: 1275px) 100vw, 1275px\" \/><\/p>\n<p>&nbsp;<\/p>\n<p>&nbsp;<\/p>\n","protected":false},"excerpt":{"rendered":"<p>Nov\u00fd kr\u00e1l Spojen\u00e9ho kr\u00e1lovstv\u00ed Karel III. se rozhodl sn\u00ed\u017eit n\u00e1klady na svou korunovaci, u\u010dinit ji&#8230;<\/p>\n","protected":false},"author":2,"featured_media":27511,"comment_status":"closed","ping_status":"closed","sticky":false,"template":"","format":"standard","meta":[],"categories":[7],"tags":[3946,4909,303],"_links":{"self":[{"href":"https:\/\/www.infokuryr.cz\/n\/wp-json\/wp\/v2\/posts\/27510"}],"collection":[{"href":"https:\/\/www.infokuryr.cz\/n\/wp-json\/wp\/v2\/posts"}],"about":[{"href":"https:\/\/www.infokuryr.cz\/n\/wp-json\/wp\/v2\/types\/post"}],"author":[{"embeddable":true,"href":"https:\/\/www.infokuryr.cz\/n\/wp-json\/wp\/v2\/users\/2"}],"replies":[{"embeddable":true,"href":"https:\/\/www.infokuryr.cz\/n\/wp-json\/wp\/v2\/comments?post=27510"}],"version-history":[{"count":0,"href":"https:\/\/www.infokuryr.cz\/n\/wp-json\/wp\/v2\/posts\/27510\/revisions"}],"wp:featuredmedia":[{"embeddable":true,"href":"https:\/\/www.infokuryr.cz\/n\/wp-json\/wp\/v2\/media\/27511"}],"wp:attachment":[{"href":"https:\/\/www.infokuryr.cz\/n\/wp-json\/wp\/v2\/media?parent=27510"}],"wp:term":[{"taxonomy":"category","embeddable":true,"href":"https:\/\/www.infokuryr.cz\/n\/wp-json\/wp\/v2\/categories?post=27510"},{"taxonomy":"post_tag","embeddable":true,"href":"https:\/\/www.infokuryr.cz\/n\/wp-json\/wp\/v2\/tags?post=27510"}],"curies":[{"name":"wp","href":"https:\/\/api.w.org\/{rel}","templated":true}]}}