{"id":27501,"date":"2023-05-06T06:58:36","date_gmt":"2023-05-06T04:58:36","guid":{"rendered":"http:\/\/www.infokuryr.cz\/n\/?p=27501"},"modified":"2023-05-06T06:58:36","modified_gmt":"2023-05-06T04:58:36","slug":"kral-karel-iii-planuje-urychlit-velky-reset-a-dalsi-protilidske-cile-globalistu","status":"publish","type":"post","link":"https:\/\/www.infokuryr.cz\/n\/2023\/05\/06\/kral-karel-iii-planuje-urychlit-velky-reset-a-dalsi-protilidske-cile-globalistu\/","title":{"rendered":"Kr\u00e1l Karel III. pl\u00e1nuje urychlit Velk\u00fd reset a dal\u0161\u00ed protilidsk\u00e9 c\u00edle globalist\u016f"},"content":{"rendered":"<div id=\"fb-root\"><\/div>\n<p><strong>\u00a0Kr\u00e1l Karel III., kter\u00fd bude v sobotu 6. kv\u011btna korunov\u00e1n za britsk\u00e9ho panovn\u00edka, pl\u00e1nuje urychlit c\u00edle, kter\u00e9 si on a jeho dal\u0161\u00ed globalisti\u010dt\u00ed kump\u00e1ni um\u00ednili.<\/strong><\/p>\n<p><span>Nen\u00ed \u017e\u00e1dn\u00fdm tajemstv\u00edm, \u017ee Karel III.\u00a0podporuje programy na \u201ezm\u00edrn\u011bn\u00ed zm\u011bny klimatu\u201c, co\u017e jej \u0159ad\u00ed do stejn\u00e9 kategorie jako globalistick\u00e9 Sv\u011btov\u00e9 ekonomick\u00e9 f\u00f3rum (WEF).<\/span><\/p>\n<p><span>Ve skute\u010dnosti nast\u00ednil 10 krok\u016f, kter\u00e9 m\u016f\u017ee sv\u011bt u\u010dinit k vy\u0159e\u0161en\u00ed tohoto probl\u00e9mu.\u00a0Ty byly p\u016fvodn\u011b p\u0159edneseny ve form\u011b projevu b\u011bhem summitu WEF Green Horizon (Zelen\u00fd horizont) ve \u0160v\u00fdcarsku v listopadu 2020. Mezi body, kter\u00e9 tehdej\u0161\u00ed britsk\u00fd princ uvedl, bylo p\u0159ijet\u00ed spole\u010dn\u00fdch metrik a standard\u016f, kter\u00e9 umo\u017en\u00ed informovan\u011bj\u0161\u00ed hodnocen\u00ed dodr\u017eov\u00e1n\u00ed udr\u017eitelnosti.<\/span><\/p>\n<p><em><span>\u201eTe\u010f je \u010das p\u0159ej\u00edt k jednotn\u00fdm metrik\u00e1m a glob\u00e1ln\u00edm standard\u016fm, abychom podpo\u0159ili zrychlen\u00fd pokrok prost\u0159ednictv\u00edm jednotn\u00e9ho porovn\u00e1v\u00e1n\u00ed,\u201c<\/span><\/em><span>\u00a0\u0159ekl tehdy Charles.<\/span><\/p>\n<p><span>Britsk\u00e1 kr\u00e1lovsk\u00e1 celebrita tak\u00e9 vyzvala firmy, aby \u201eu\u010dinily z udr\u017eiteln\u00fdch mo\u017enost\u00ed d\u016fv\u011bryhodn\u00e9 a dosa\u017eiteln\u00e9 mo\u017enosti pro spot\u0159ebitele\u201c.<\/span><\/p>\n<p><span>Princ Charles tehdy d\u00e1le pokra\u010doval:<\/span><\/p>\n<p><em><span>\u201eJeliko\u017e se spot\u0159ebitel\u00e9 pod\u00edlej\u00ed odhadem 60 procenty na glob\u00e1ln\u00edm HDP, lid\u00e9 na cel\u00e9m sv\u011bt\u011b maj\u00ed moc \u0159\u00eddit transformaci na udr\u017eiteln\u00e9 trhy.\u00a0Mus\u00edme l\u00e9pe komunikovat se spot\u0159ebiteli o udr\u017eitelnosti zbo\u017e\u00ed, slu\u017eeb a investic, kter\u00e9 nab\u00edz\u00edme.\u201c<\/span><\/em><\/p>\n<p><span>Investigativn\u00ed report\u00e9r Leo Hohmann poznamenal, \u017ee n\u00e1vrhy panovn\u00edka \u201eby byly opravdu d\u011bsiv\u00e9, kdyby byly n\u011bkdy pln\u011b implementov\u00e1ny\u201c.\u00a0Podle nich by v z\u00e1sad\u011b p\u0159estala existovat svoboda a zaveden\u00e1 diktatura by za n\u00e1s rozhodovala o tom, jak se maj\u00ed p\u0159id\u011blovat a pou\u017e\u00edvat v\u0161echny zdroje\u201c.<\/span><\/p>\n<p><em><span>\u201eA co ti z n\u00e1s, kte\u0159\u00ed by odm\u00edtli dodr\u017eovat tyto nov\u00e9 \u201aglob\u00e1ln\u00ed standardy&#8216;?\u00a0Nepochybn\u011b by \u0161li do gulagu nebo mo\u017en\u00e1 i na \u0161ibenici,\u201c\u00a0<\/span><\/em><span>\u00a0napsal Hohmann.<\/span><\/p>\n<p><span>(Souvisej\u00edc\u00ed: Kr\u00e1l Charles III\u00a0<\/span><a href=\"https:\/\/www.naturalnews.com\/2022-09-14-king-charles-iii-to-usher-in-great-reset.html.\" target=\"_blank\" rel=\"noopener\"><span>slibuje<\/span><\/a><span>\u00a0, \u017ee po smrti kr\u00e1lovny Al\u017eb\u011bty zah\u00e1j\u00ed &#8220;\u00a0<\/span><a href=\"https:\/\/www.badatel.net\/velky-reset-prichadza-rychlo-a-nic-uz-nebude-take-ako-predtym\/\"><span>Velk\u00fd reset<\/span><\/a><span>\u00a0&#8222;)<\/span><\/p>\n<h2><span>Globalist\u00e9 jsou ochotni lh\u00e1t a v podstat\u011b ud\u011blat cokoliv, aby dos\u00e1hli sv\u00fdch c\u00edl\u016f<\/span><\/h2>\n<p><span>Kr\u00e1l Karel III., globalistick\u00e1 skupina WEF a Organizace spojen\u00fdch n\u00e1rod\u016f (OSN) jsou podle Hohmanna znepokojeni zpo\u017ed\u011bn\u00edm Velk\u00e9ho resetu a Agendy 2030, kter\u00e9 prosazuj\u00ed.\u00a0Proto po\u0159\u00e1daj\u00ed z\u00e1\u0159ijov\u00fd summit, na kter\u00e9m se bude diskutovat o tom, jak dostat jejich totalitn\u00ed pl\u00e1ny zp\u011bt do p\u016fvodn\u00edho \u010dasov\u00e9ho r\u00e1mce.<\/span><\/p>\n<p><span>Takzvan\u00fd \u201eSummit 2023\u201c o c\u00edlech udr\u017eiteln\u00e9ho rozvoje (SDG) se bude konat 18. a 19. z\u00e1\u0159\u00ed 2023 v New Yorku.<\/span><\/p>\n<p><span>Webov\u00e1 str\u00e1nka OSN jej popisuje \u201eobrovsky v\u00fdznamn\u00e9\u201c setk\u00e1n\u00ed, jako n\u011bco, co \u201eodstartuje za\u010d\u00e1tek nov\u00e9 f\u00e1ze zrychlen\u00e9ho pokroku sm\u011brem k SDG\u201c.\u00a0O\u010dek\u00e1v\u00e1 se, \u017ee se ho z\u00fa\u010dastn\u00ed vybran\u00e1 skupina sv\u011btov\u00fdch l\u00eddr\u016f, v\u010detn\u011b nov\u011b korunovan\u00e9ho britsk\u00e9ho panovn\u00edka.<\/span><\/p>\n<p><em><span>\u201eProvedou komplexn\u00ed p\u0159ehled o stavu c\u00edl\u016f udr\u017eiteln\u00e9ho rozvoje, vypracuj\u00ed reakci na dopad n\u011bkolika vz\u00e1jemn\u011b propojen\u00fdch kriz\u00ed, kter\u00fdm sv\u011bt \u010del\u00ed a poskytnou politick\u00e9 pokyny na vysok\u00e9 \u00farovni o transforma\u010dn\u00edch a zrychlen\u00fdch opat\u0159en\u00edch vedouc\u00edch k c\u00edlov\u00e9mu roku 2030 k dosa\u017een\u00ed c\u00edl\u016f udr\u017eiteln\u00e9ho rozvoje.\u201c<\/span><\/em><\/p>\n<p><span>Hohmann v\u0161ak vyj\u00e1d\u0159il skepticismus ohledn\u011b tohoto setk\u00e1n\u00ed.\u00a0Pouk\u00e1zal na to, \u017ee jeho na\u010dasov\u00e1n\u00ed m\u016f\u017ee b\u00fdt d\u016fle\u017eit\u00e9.\u00a0Jak\u00e9 dal\u0161\u00ed vytvo\u0159en\u00e9 krize by n\u00e1s mohly postihnout do poloviny z\u00e1\u0159\u00ed?\u00a0T\u0159et\u00ed sv\u011btov\u00e1 v\u00e1lka?\u00a0Nedostatek potravin a hladomor?\u00a0Ob\u010dansk\u00e9 nepokoje?<\/span><\/p>\n<p><em><span>\u201eJe opravdu z\u00e1bavn\u00e9 poslouchat, jak globalist\u00e9 \u0159e\u010d\u00ed o probl\u00e9mech sv\u011bta ao tom, jak jejich \u0159e\u0161en\u00ed zohledn\u00ed nejlep\u0161\u00ed z\u00e1jmy v\u0161ech,\u201c\u00a0<\/span><\/em><span>\u00a0pokra\u010doval.<\/span><\/p>\n<p><span>Hohmann pok\u00e1ral globalisty a \u0159ekl jim, aby p\u0159estali mluvit o ob\u010dansk\u00e9 participaci, udr\u017eitelnosti, lep\u0161\u00edm sv\u011bt\u011b a \u201ev\u0161ech ostatn\u00edch l\u017e\u00edch\u201c.\u00a0Novin\u00e1\u0159 nakonec poznamenal, \u017ee globalist\u016fm jde jen o dominanci a kontrolu nad lidstvem a dodal, \u017ee jsou ochotni lh\u00e1t a v podstat\u011b ud\u011blat cokoliv, aby dos\u00e1hli sv\u00fdch c\u00edl\u016f.<\/span><\/p>\n<p><em><span>\u201eA div\u00ed se, pro\u010d do\u0161lo k naru\u0161en\u00ed d\u016fv\u011bry.\u00a0Lid\u00e9 na cel\u00e9m sv\u011bt\u011b u\u017e maj\u00ed dost neust\u00e1l\u00fdch l\u017e\u00ed, vykonstruovan\u00fdch kriz\u00ed, arogance a nesn\u00e1\u0161enlivosti v\u016f\u010di odli\u0161n\u00fdm n\u00e1zor\u016fm, kter\u00e9 poch\u00e1zej\u00ed od globalist\u016f a jejich elit\u00e1\u0159sk\u00fdch instituc\u00ed.\u201c<\/span><\/em><\/p>\n<h2><span>Z\u00e1v\u011br<\/span><\/h2>\n<p><span>Prohl\u00e9dn\u011bte si Alexe Jonese, zakladatele port\u00e1lu InfoWars, jak\u00a0<\/span><a href=\"https:\/\/www.brighteon.com\/1135bffd-c0cc-4b30-a082-7384aeb97d07\" target=\"_blank\" rel=\"noopener\"><span>diskutuje<\/span><\/a><span>\u00a0o ozn\u00e1men\u00ed kr\u00e1le Karla III.\u00a0ohledn\u011b Velk\u00e9ho resetu na konferenci COP26 v roce 2021:<\/span><\/p>\n<p><iframe loading=\"lazy\" src=\"https:\/\/www.brighteon.com\/embed\/1135bffd-c0cc-4b30-a082-7384aeb97d07\" width=\"560\" height=\"315\" frameborder=\"0\" allowfullscreen=\"allowfullscreen\" data-mce-fragment=\"1\"><\/iframe><\/p>\n<p><span>Autor: Ramon Tomey, Zdroj:\u00a0<\/span><a href=\"https:\/\/www.naturalnews.com\/2023-05-04-king-charles-iii-plans-accelerate-globalist-goals.html\" target=\"_blank\" rel=\"noopener\"><span>naturalnews.com<\/span><\/a><span>\u00a0<\/span><\/p>\n<p>&nbsp;<\/p>\n<p>&nbsp;<\/p>\n<p><img decoding=\"async\" loading=\"lazy\" class=\"wp-image-19187 aligncenter\" src=\"http:\/\/www.infokuryr.cz\/n\/wp-content\/uploads\/2022\/12\/1-PRO-300x36.jpg\" alt=\"\" width=\"1233\" height=\"148\" srcset=\"https:\/\/www.infokuryr.cz\/n\/wp-content\/uploads\/2022\/12\/1-PRO-300x36.jpg 300w, https:\/\/www.infokuryr.cz\/n\/wp-content\/uploads\/2022\/12\/1-PRO.jpg 699w\" sizes=\"(max-width: 1233px) 100vw, 1233px\" \/><\/p>\n<p>&nbsp;<\/p>\n<p>&nbsp;<\/p>\n","protected":false},"excerpt":{"rendered":"<p>\u00a0Kr\u00e1l Karel III., kter\u00fd bude v sobotu 6. kv\u011btna korunov\u00e1n za britsk\u00e9ho panovn\u00edka, pl\u00e1nuje urychlit&#8230;<\/p>\n","protected":false},"author":2,"featured_media":27502,"comment_status":"closed","ping_status":"closed","sticky":false,"template":"","format":"standard","meta":[],"categories":[7],"tags":[279,3291,235],"_links":{"self":[{"href":"https:\/\/www.infokuryr.cz\/n\/wp-json\/wp\/v2\/posts\/27501"}],"collection":[{"href":"https:\/\/www.infokuryr.cz\/n\/wp-json\/wp\/v2\/posts"}],"about":[{"href":"https:\/\/www.infokuryr.cz\/n\/wp-json\/wp\/v2\/types\/post"}],"author":[{"embeddable":true,"href":"https:\/\/www.infokuryr.cz\/n\/wp-json\/wp\/v2\/users\/2"}],"replies":[{"embeddable":true,"href":"https:\/\/www.infokuryr.cz\/n\/wp-json\/wp\/v2\/comments?post=27501"}],"version-history":[{"count":0,"href":"https:\/\/www.infokuryr.cz\/n\/wp-json\/wp\/v2\/posts\/27501\/revisions"}],"wp:featuredmedia":[{"embeddable":true,"href":"https:\/\/www.infokuryr.cz\/n\/wp-json\/wp\/v2\/media\/27502"}],"wp:attachment":[{"href":"https:\/\/www.infokuryr.cz\/n\/wp-json\/wp\/v2\/media?parent=27501"}],"wp:term":[{"taxonomy":"category","embeddable":true,"href":"https:\/\/www.infokuryr.cz\/n\/wp-json\/wp\/v2\/categories?post=27501"},{"taxonomy":"post_tag","embeddable":true,"href":"https:\/\/www.infokuryr.cz\/n\/wp-json\/wp\/v2\/tags?post=27501"}],"curies":[{"name":"wp","href":"https:\/\/api.w.org\/{rel}","templated":true}]}}