{"id":27497,"date":"2023-05-06T06:47:51","date_gmt":"2023-05-06T04:47:51","guid":{"rendered":"http:\/\/www.infokuryr.cz\/n\/?p=27497"},"modified":"2023-05-06T06:47:51","modified_gmt":"2023-05-06T04:47:51","slug":"leonid-savin-chamtivost-g7","status":"publish","type":"post","link":"https:\/\/www.infokuryr.cz\/n\/2023\/05\/06\/leonid-savin-chamtivost-g7\/","title":{"rendered":"Leonid Savin: Chamtivost G7"},"content":{"rendered":"<div id=\"fb-root\"><\/div>\n<section class=\"perex\"><strong>Ve dnech 19.-21. kv\u011btna 2023 se v japonsk\u00e9 Hiro\u0161im\u011b uskute\u010dn\u00ed summit G7. Ji\u017e nyn\u00ed je jasn\u00e9, \u017ee se bude odehr\u00e1vat v atmosf\u00e9\u0159e z\u00e1padn\u00ed v\u00fdjime\u010dnosti, o \u010dem\u017e sv\u011bd\u010d\u00ed v\u00fdsledky posledn\u00edho ministersk\u00e9ho zased\u00e1n\u00ed ve m\u011bst\u011b Karuizawa, kde se k \u0159ad\u011b ot\u00e1zek vyj\u00e1d\u0159ili vysoce postaven\u00ed diplomat\u00e9 G7. Pat\u0159\u00ed mezi n\u011b nesouhlas \u0159ady zem\u00ed i zjevn\u011b nepodlo\u017een\u00e1 prohl\u00e1\u0161en\u00ed u\u010din\u011bn\u00e1 v nad\u011bji, \u017ee z\u00edskaj\u00ed body u z\u00e1stupc\u016f ostatn\u00edch zem\u00ed, proto\u017ee d\u016fv\u011bra v kolektivn\u00ed Z\u00e1pad rychle kles\u00e1.<\/strong><\/p>\n<\/section>\n<section class=\"clanek-obsah\">To v\u0161e se odrazilo v obs\u00e1hl\u00e9m dvacetistr\u00e1nkov\u00e9m komunik\u00e9 ministr\u016f zahrani\u010d\u00ed zem\u00ed G7 (+ z\u00e1stupce EU), kter\u00e9 bylo zve\u0159ejn\u011bno 18. dubna.<\/p>\n<p>Je t\u0159eba poznamenat, \u017ee minist\u0159i zahrani\u010d\u00ed Kanady, Francie, N\u011bmecka, It\u00e1lie, Japonska, Velk\u00e9 Brit\u00e1nie a Spojen\u00fdch st\u00e1t\u016f, jako\u017e i vysok\u00e1 p\u0159edstavitelka Evropsk\u00e9 unie, prohl\u00e1sili, \u017ee se zav\u00e1zali \u201eudr\u017eovat a posilovat svobodn\u00fd a otev\u0159en\u00fd mezin\u00e1rodn\u00ed \u0159\u00e1d zalo\u017een\u00fd na z\u00e1sad\u00e1ch pr\u00e1vn\u00edho st\u00e1tu\u201c \u2013 syst\u00e9m, kter\u00fd vznikl po druh\u00e9 sv\u011btov\u00e9 v\u00e1lce, v\u00fdrazn\u011b pos\u00edlil po rozpadu SSSR a jemu\u017e do zna\u010dn\u00e9 m\u00edry dominuj\u00ed Spojen\u00e9 st\u00e1ty. Doned\u00e1vna z\u016fst\u00e1val prakticky neporu\u0161en\u00fd, ale obrat k multipolarit\u011b postupn\u011b podkop\u00e1v\u00e1 jeho z\u00e1klady..<\/p>\n<p>V panick\u00e9 snaze udr\u017eet si hegemonii vym\u00fd\u0161l\u00ed Washington dal\u0161\u00ed zp\u016fsoby a d\u016fvody, jak tento unipol\u00e1rn\u00ed a parazitick\u00fd model ospravedlnit, a jeho satelity jsou nuceny k n\u011bmu p\u0159isp\u00edvat, i kdy\u017e jim to nen\u00ed ku prosp\u011bchu.<\/p>\n<p>Japonsk\u00fd ministr zahrani\u010d\u00ed Jo\u0161imasa Haja\u0161i v rozhovoru s novin\u00e1\u0159i v\u00fdslovn\u011b uvedl, \u017ee jedn\u00edm ze z\u00e1vazk\u016f skupiny G7 je \u201ed\u016frazn\u011b se postavit proti jednostrann\u00fdm pokus\u016fm o zm\u011bnu statu quo kdekoli na sv\u011bt\u011b\u201c, co\u017e je \u017e\u00e1douc\u00ed c\u00edl \u010c\u00edny a Ruska, kter\u00e9 usiluj\u00ed o vytvo\u0159en\u00ed jednotn\u00e9ho ekonomick\u00e9ho prostoru pro multipol\u00e1rn\u00ed sv\u011btov\u00fd \u0159\u00e1d.<\/p>\n<p>Pokud jde o r\u016fzn\u00e9 probl\u00e9my a hrozby, z\u00e1padn\u00ed politici uv\u00e1d\u011bj\u00ed Rusko na prvn\u00edm m\u00edst\u011b seznamu, a dokonce upozor\u0148uj\u00ed na \u201evyu\u017e\u00edv\u00e1n\u00ed potravin a energetick\u00fdch zdroj\u016f jako zbran\u011b\u201c. P\u0159esto\u017ee to byl Z\u00e1pad, kdo uvalil sankce, vyhodil do pov\u011bt\u0159\u00ed plynovod Nord Stream a uvalil \u0159adu z\u00e1kaz\u016f na r\u016fzn\u00e9 v\u00fdrobky z Ruska. Je z\u0159ejm\u00e9, \u017ee je to Z\u00e1pad v \u010dele s USA, kdo pou\u017e\u00edv\u00e1 jako zbra\u0148 v\u0161echny oblasti, kter\u00e9 m\u00e1 k dispozici, v\u010detn\u011b humanit\u00e1rn\u00edho pr\u00e1va. A s pomoc\u00ed sv\u00fdch m\u00e9di\u00ed se sna\u017e\u00ed v\u00e9st agresivn\u00ed propagandu, kde velk\u00e1 \u010d\u00e1st informac\u00ed jsou hrub\u00e9 dezinformace.<\/p>\n<p>Indo-pacifick\u00fd region a aktivity ASEAN jsou zm\u00edn\u011bny na druh\u00e9m m\u00edst\u011b, ale sp\u00ed\u0161e stru\u010dn\u011b.<\/p>\n<p>A pak jde rovnou do \u010c\u00edny, kter\u00e1 je stejn\u011b jako Rusko obvi\u0148ov\u00e1na z ni\u010den\u00ed.<\/p>\n<p>Skupina G7 se ob\u00e1v\u00e1 eskalace a nap\u011bt\u00ed kolem Tchaj-wanu, ale i dal\u0161\u00edch ot\u00e1zek. N\u011bkter\u00e1 ustanoven\u00ed jsou v\u0161ak vyj\u00e1d\u0159ena imperativn\u00edm zp\u016fsobem: \u201ezdr\u017eet se hrozeb, n\u00e1tlaku, zastra\u0161ov\u00e1n\u00ed nebo pou\u017eit\u00ed s\u00edly. Jsme i nad\u00e1le v\u00e1\u017en\u011b znepokojeni situac\u00ed ve V\u00fdchodo\u010d\u00ednsk\u00e9m a Jiho\u010d\u00ednsk\u00e9m mo\u0159i a v jejich okol\u00ed. &#8230; Pro expanzivn\u00ed n\u00e1mo\u0159n\u00ed n\u00e1roky \u010c\u00edny v Jiho\u010d\u00ednsk\u00e9m mo\u0159i neexistuje \u017e\u00e1dn\u00fd pr\u00e1vn\u00ed z\u00e1klad\u201c.<\/p>\n<p>Po \u010c\u00edn\u011b n\u00e1sleduje Severn\u00ed Korea, kde se hovo\u0159\u00ed nejen o programech jadern\u00fdch zbran\u00ed a balistick\u00fdch raket (na kter\u00e9 m\u00e1 Severn\u00ed Korea jako suver\u00e9nn\u00ed mocnost pln\u00e9 pr\u00e1vo), ale tak\u00e9 o jak\u00e9si \u201ehumanit\u00e1rn\u00ed krizi\u201c uvnit\u0159 zem\u011b a \u201esystematick\u00e9m poru\u0161ov\u00e1n\u00ed lidsk\u00fdch pr\u00e1v\u201c. Tato pas\u00e1\u017e m\u00e1 jednozna\u010dn\u011b charakter vm\u011b\u0161ov\u00e1n\u00ed do vnit\u0159n\u00edch z\u00e1le\u017eitost\u00ed zem\u011b.<\/p>\n<p>Veden\u00ed Myanmaru, Afgh\u00e1nist\u00e1nu a \u00cdr\u00e1nu jsou odsuzov\u00e1na se stejnou v\u00e1\u0161n\u00ed. \u00cdr\u00e1nu jsou rovn\u011b\u017e p\u0159i\u010d\u00edt\u00e1ny \u201edestabilizuj\u00edc\u00ed aktivity, v\u010detn\u011b transfer\u016f balistick\u00fdch raket, jako\u017e i bezpilotn\u00edch letoun\u016f (UAV), tj. dron\u016f, a souvisej\u00edc\u00edch technologi\u00ed st\u00e1tn\u00edm i nest\u00e1tn\u00edm akt\u00e9r\u016fm\u201c. Odsouzena je rovn\u011b\u017e \u00edr\u00e1nsk\u00e1 podpora Ruska a samoz\u0159ejm\u011b zadr\u017eov\u00e1n\u00ed v r\u00e1mci zem\u011b.<\/p>\n<p>Velk\u00fd blok je v\u011bnov\u00e1n odzbrojen\u00ed, kter\u00e9 G7 \u00fadajn\u011b podporuje. Pro\u010d tedy roz\u0161i\u0159ovat NATO a dod\u00e1vat zbran\u011b kyjevsk\u00e9mu re\u017eimu a Tchaj-wanu? Pon\u011bkud pokryteck\u00e9 je tak\u00e9 prohl\u00e1\u0161en\u00ed o dodr\u017eov\u00e1n\u00ed pravidel OSN, v\u010detn\u011b rozhodnut\u00ed Valn\u00e9ho shrom\u00e1\u017ed\u011bn\u00ed a Rady bezpe\u010dnosti. G7 m\u00e1 zjevn\u011b kr\u00e1tkou pam\u011b\u0165 \u2013 invaze do Ir\u00e1ku v roce 2003, kterou provedly USA podporovan\u00e9 Velkou Brit\u00e1ni\u00ed, byla provedena bez souhlasu OSN. Stejn\u011b jako bombardov\u00e1n\u00ed a okupace Afgh\u00e1nist\u00e1nu, z n\u011bho\u017e USA a jejich komplicov\u00e9 o dvacet let pozd\u011bji s hanbou uprchli.<\/p>\n<p>Zaj\u00edmav\u00e9 je, \u017ee na toto sd\u011blen\u00ed okam\u017eit\u011b reagovala \u010c\u00edna. \u010c\u00ednsk\u00fd ministr zahrani\u010d\u00ed Wang Wenbin na sv\u00e9 pravideln\u00e9 tiskov\u00e9 konferenci prohl\u00e1sil, \u017ee zased\u00e1n\u00ed ministr\u016f zahrani\u010d\u00ed G7 \u201ehrub\u011b zasahuje do vnit\u0159n\u00edch z\u00e1le\u017eitost\u00ed \u010c\u00edny a zlovoln\u011b ji o\u010der\u0148uje a diskredituje\u201c. A samotn\u00e9 komunik\u00e9 odr\u00e1\u017e\u00ed \u201earoganci, p\u0159edsudky a z\u00e1m\u011brnou snahu skupiny blokovat a zadr\u017eovat \u010c\u00ednu. Odsuzujeme a odm\u00edt\u00e1me to a u\u010dinili jsme d\u016frazn\u00fd demar\u0161 v\u016f\u010di hostitelsk\u00e9mu Japonsku\u201c.<\/p>\n<p>Ministr zm\u00ednil, \u017ee G7 se sna\u017e\u00ed manipulovat s narativy, aby zm\u00e1tla ve\u0159ejnost. A v \u017e\u00e1dn\u00e9m p\u0159\u00edpad\u011b nem\u016f\u017ee mluvit jm\u00e9nem mezin\u00e1rodn\u00edho spole\u010denstv\u00ed.<\/p>\n<p>Wang Wenbin rovn\u011b\u017e pouk\u00e1zal na zjevn\u00e9 rozpory v dokumentu G7 a podal spravedlivou charakteristiku: \u201eG7 se stav\u00ed do role soudce a \u010din\u00ed bezohledn\u00e9 pozn\u00e1mky k politice strategick\u00e9 bezpe\u010dnosti a kontroly zbrojen\u00ed ostatn\u00edch zem\u00ed, p\u0159i\u010dem\u017e neust\u00e1le podkop\u00e1v\u00e1 mezin\u00e1rodn\u00ed syst\u00e9m jadern\u00e9ho odzbrojen\u00ed a ne\u0161\u00ed\u0159en\u00ed jadern\u00fdch zbran\u00ed. Jak si takov\u00e9 chov\u00e1n\u00ed m\u016f\u017ee z\u00edskat d\u016fv\u011bru mezin\u00e1rodn\u00edho spole\u010denstv\u00ed? USA disponuj\u00ed nejv\u011bt\u0161\u00edm a nejmodern\u011bj\u0161\u00edm jadern\u00fdm arzen\u00e1lem na sv\u011bt\u011b. Odstoupily od smluv a organizac\u00ed t\u00fdkaj\u00edc\u00edch se kontroly zbrojen\u00ed, uplat\u0148uj\u00ed politiku jadern\u00e9ho odstra\u0161ov\u00e1n\u00ed na prvn\u00ed pou\u017eit\u00ed, neust\u00e1le modernizuj\u00ed svou jadernou tri\u00e1du, posiluj\u00ed a pokou\u0161ej\u00ed se replikovat dohody o sd\u00edlen\u00ed jadern\u00fdch zbran\u00ed a pokra\u010duj\u00ed v p\u0159edsunut\u00e9m nasazen\u00ed strategick\u00fdch sil. Spojen\u00e9 st\u00e1ty se staly nejrozporupln\u011bj\u0161\u00edm prvkem a nejv\u011bt\u0161\u00edm zdrojem rizik pro mezin\u00e1rodn\u00ed m\u00edr a bezpe\u010dnost. USA a Spojen\u00e9 kr\u00e1lovstv\u00ed nav\u00edc otev\u0159en\u011b p\u0159ev\u00e1d\u011bj\u00ed do Austr\u00e1lie reaktory pro ponorky s jadern\u00fdm pohonem a vysoce obohacen\u00fd uran vhodn\u00fd pro v\u00fdrobu zbran\u00ed, co\u017e p\u0159edstavuje v\u00e1\u017en\u00e9 riziko \u0161\u00ed\u0159en\u00ed jadern\u00fdch zbran\u00ed a je v rozporu s p\u0159edm\u011btem a \u00fa\u010delem Smlouvy o ne\u0161\u00ed\u0159en\u00ed jadern\u00fdch zbran\u00ed (NPT).<\/p>\n<p>R\u00e1d bych zd\u016fraznil, \u017ee Japonsko, kter\u00e9 je rotuj\u00edc\u00edm p\u0159edsednick\u00fdm st\u00e1tem skupiny G7, zaujalo v oblasti kontroly zbrojen\u00ed velmi pokryteck\u00fd politick\u00fd postoj. Japonsko se dlouhodob\u011b charakterizuje jako ob\u011b\u0165 jadern\u00fdch v\u00fdbuch\u016f a zast\u00e1nce sv\u011bta bez jadern\u00fdch zbran\u00ed. Ve skute\u010dnosti v\u0161ak Japonsko pohodln\u011b sed\u00ed pod jadern\u00fdm de\u0161tn\u00edkem USA a je proti tomu, aby se USA z\u0159ekly prvn\u00edho pou\u017eit\u00ed jadern\u00fdch zbran\u00ed, a br\u00e1n\u00ed tomu. N\u011bkte\u0159\u00ed japon\u0161t\u00ed politici dokonce navrhuj\u00ed mo\u017enost sd\u00edlen\u00ed jadern\u00fdch zbran\u00ed s USA. Krom\u011b toho japonsk\u00e1 vl\u00e1da ignoruje z\u00e1jem mezin\u00e1rodn\u00ed ve\u0159ejnosti, kdy\u017e prosazuje vypou\u0161t\u011bn\u00ed jadern\u011b kontaminovan\u00e9 vody z Fuku\u0161imy do oce\u00e1nu. T\u00edmto krokem uvalila na lidi po cel\u00e9m sv\u011bt\u011b nep\u0159edv\u00eddateln\u00e9 riziko jadern\u00e9ho zamo\u0159en\u00ed.<\/p>\n<p>Znovu vyz\u00fdv\u00e1me skupinu G7, aby p\u0159estala o\u010der\u0148ovat a pomlouvat ostatn\u00ed zem\u011b a p\u0159estala podn\u011bcovat antagonismus a konfrontaci. Mus\u00ed se zamyslet nad svou vlastn\u00ed strategickou bezpe\u010dnostn\u00ed politikou, d\u016fsledn\u011b plnit p\u0159\u00edslu\u0161n\u00e9 mezin\u00e1rodn\u00ed z\u00e1vazky v oblasti kontroly zbrojen\u00ed a n\u00e9st n\u00e1le\u017eitou odpov\u011bdnost za sv\u011btov\u00fd m\u00edr a bezpe\u010dnost.\u201c<\/p>\n<p>Kritika z \u010c\u00edny p\u0159i\u0161la vhod. P\u0159i budov\u00e1n\u00ed multipol\u00e1rn\u00edho sv\u011bta je toti\u017e nutn\u00e9 vyvracet m\u00fdty a fale\u0161n\u00e1 vypr\u00e1v\u011bn\u00ed kolektivn\u00edho Z\u00e1padu.<\/p>\n<p>Mimochodem, je G7 opravdu \u201eskv\u011bl\u00fd\u201c? V\u017edy\u0165 v dob\u011b vzniku tohoto klubu byl pod\u00edl t\u011bchto zem\u00ed na sv\u011btov\u00e9 ekonomice velmi odli\u0161n\u00fd. A nyn\u00ed se HDP \u010c\u00edny t\u00e9m\u011b\u0159 bl\u00ed\u017e\u00ed HDP USA a ostatn\u00ed \u010dlenov\u00e9 G7 maj\u00ed dohromady p\u0159ibli\u017en\u011b stejn\u00fd HDP jako \u010cLR. Asi bychom m\u011bli zav\u00e9st nov\u00fd term\u00edn \u201echamtiv\u00e1 sedmi\u010dka\u201c, nebo\u0165 odpov\u00edd\u00e1 realit\u011b, nem\u016f\u017ee b\u00fdt velk\u00e1 v prav\u00e9m slova smyslu, a zkratka z\u016fstane stejn\u00e1.<\/p>\n<div class=\"podcarou\">\n<p><a href=\"https:\/\/orientalreview.org\/2023\/05\/05\/greedy-7\/\" target=\"_blank\" rel=\"external noopener\">Greedy 7<\/a> vy\u0161el 5.5.2023 na Oriental Review. P\u0159eklad\u00a0 Zv\u011bdavec.<\/p>\n<p>P\u0159evzato\u00a0<a href=\"https:\/\/zvedavec.news\/komentare\/2023\/05\/9628-chamtivost-g7.htm\">Zvedavec.org<\/a><\/p>\n<\/div>\n<\/section>\n<p>&nbsp;<\/p>\n<p>&nbsp;<\/p>\n<p><img decoding=\"async\" loading=\"lazy\" class=\"wp-image-19187 aligncenter\" src=\"http:\/\/www.infokuryr.cz\/n\/wp-content\/uploads\/2022\/12\/1-PRO-300x36.jpg\" alt=\"\" width=\"1267\" height=\"152\" srcset=\"https:\/\/www.infokuryr.cz\/n\/wp-content\/uploads\/2022\/12\/1-PRO-300x36.jpg 300w, https:\/\/www.infokuryr.cz\/n\/wp-content\/uploads\/2022\/12\/1-PRO.jpg 699w\" sizes=\"(max-width: 1267px) 100vw, 1267px\" \/><\/p>\n<p>&nbsp;<\/p>\n<p>&nbsp;<\/p>\n","protected":false},"excerpt":{"rendered":"<p>Ve dnech 19.-21. kv\u011btna 2023 se v japonsk\u00e9 Hiro\u0161im\u011b uskute\u010dn\u00ed summit G7. Ji\u017e nyn\u00ed je&#8230;<\/p>\n","protected":false},"author":2,"featured_media":1592,"comment_status":"closed","ping_status":"closed","sticky":false,"template":"","format":"standard","meta":[],"categories":[7],"tags":[323,29,365],"_links":{"self":[{"href":"https:\/\/www.infokuryr.cz\/n\/wp-json\/wp\/v2\/posts\/27497"}],"collection":[{"href":"https:\/\/www.infokuryr.cz\/n\/wp-json\/wp\/v2\/posts"}],"about":[{"href":"https:\/\/www.infokuryr.cz\/n\/wp-json\/wp\/v2\/types\/post"}],"author":[{"embeddable":true,"href":"https:\/\/www.infokuryr.cz\/n\/wp-json\/wp\/v2\/users\/2"}],"replies":[{"embeddable":true,"href":"https:\/\/www.infokuryr.cz\/n\/wp-json\/wp\/v2\/comments?post=27497"}],"version-history":[{"count":0,"href":"https:\/\/www.infokuryr.cz\/n\/wp-json\/wp\/v2\/posts\/27497\/revisions"}],"wp:featuredmedia":[{"embeddable":true,"href":"https:\/\/www.infokuryr.cz\/n\/wp-json\/wp\/v2\/media\/1592"}],"wp:attachment":[{"href":"https:\/\/www.infokuryr.cz\/n\/wp-json\/wp\/v2\/media?parent=27497"}],"wp:term":[{"taxonomy":"category","embeddable":true,"href":"https:\/\/www.infokuryr.cz\/n\/wp-json\/wp\/v2\/categories?post=27497"},{"taxonomy":"post_tag","embeddable":true,"href":"https:\/\/www.infokuryr.cz\/n\/wp-json\/wp\/v2\/tags?post=27497"}],"curies":[{"name":"wp","href":"https:\/\/api.w.org\/{rel}","templated":true}]}}