{"id":27495,"date":"2023-05-06T06:45:13","date_gmt":"2023-05-06T04:45:13","guid":{"rendered":"http:\/\/www.infokuryr.cz\/n\/?p=27495"},"modified":"2023-05-06T06:45:13","modified_gmt":"2023-05-06T04:45:13","slug":"vietnamci-zaplavili-prahu-drogami-hipsterske-duo-ohromilo-novym-videem","status":"publish","type":"post","link":"https:\/\/www.infokuryr.cz\/n\/2023\/05\/06\/vietnamci-zaplavili-prahu-drogami-hipsterske-duo-ohromilo-novym-videem\/","title":{"rendered":"\u201eVietnamci zaplavili Prahu drogami\u201c, hipstersk\u00e9 duo ohromilo nov\u00fdm videem"},"content":{"rendered":"<div id=\"fb-root\"><\/div>\n<h2 class=\"entry-title\">Policii a politiky to nezaj\u00edm\u00e1. Boj\u00ed se obvin\u011bn\u00ed z rasismu, nebo si je plat\u00ed asijsk\u00e9 drogov\u00e9 mafie?<\/h2>\n<p><strong>Hipstersk\u00e9 duo \u201ekluci z Prahy\u201c\u00a0<a href=\"https:\/\/www.youtube.com\/watch?v=wBjIIeklA_U\">nato\u010dilo report\u00e1\u017e o dostupnosti marihuany<\/a>\u00a0a opi\u00e1tov\u00fdch produkt\u016f v centru Prahy. K jejich p\u0159ekvapen\u00ed jim v\u011bt\u0161ina majitel\u016f obchod\u016f prod\u00e1vaj\u00edc\u00ed \u201eweed\u201c (tr\u00e1vu) tvrdila, \u017ee se podle obsahu THC jedn\u00e1 o b\u011b\u017enou marihuanu, kter\u00e1 je v \u010cR pova\u017eov\u00e1na za drogu a jej\u00ed prodej je trestn\u00fd \u010din.\u00a0<\/strong>Nepochybn\u011b se tak\u00e9 o prodej marihuany jedn\u00e1, p\u0159i s\u00edle dne\u0161n\u00edch soci\u00e1ln\u00edch s\u00edt\u00ed by si turist\u00e9 brzy vz\u00e1jemn\u011b sd\u011blili, \u017ee se jedn\u00e1 o podvod.<\/p>\n<p><strong>Co v report\u00e1\u017ei p\u0159\u00edmo nezazn\u011blo, ale je to jasn\u011b vid\u011bt, je skute\u010dnost, \u017ee se jedn\u00e1 o prodejce Vietnamce. Pro lidi pracuj\u00edc\u00ed s drogov\u011b z\u00e1visl\u00fdmi to p\u0159ekvapen\u00ed nen\u00ed, proto\u017ee Vietnamci dnes ovl\u00e1daj\u00ed skoro 80% celkov\u00e9ho trhu s drogami v \u010cR<\/strong>\u00a0a velmi aktivn\u00ed jsou i v p\u0159ehrani\u010dn\u00edm exportu do N\u011bmecka, Rakouska, Polska a i Slovenska a Ma\u010farska.<\/p>\n<p><strong>Vietnamci v report\u00e1\u017ei mluv\u00ed o marihuan\u011b zcela otev\u0159en\u011b a to m\u011b p\u0159iv\u00e1d\u00ed k z\u00e1sadn\u00ed ot\u00e1zce. Pro\u010d si to mohou dovolit? Pro\u010d je policie nest\u00edh\u00e1, pro\u010d na policii netla\u010d\u00ed \u010de\u0161t\u00ed politici atd<\/strong>. ? V\u017edy\u0165 dnes m\u00e1me v\u00a0<strong>\u010cR skoro 100 tis\u00edc narkoman\u016f v pln\u00e9 z\u00e1vislosti, vesm\u011bs z\u00e1kazn\u00edci vietnamsk\u00fdch ve\u010derk\u00e1\u0159\u016f a majitel\u016f asia bister<\/strong>\u00a0\u2013 drogov\u00fdch dealer\u016f.<\/p>\n<p><strong>Boj\u00ed se policie obvin\u011bn\u00ed z rasismu? Nebo se snad policie boj\u00ed politik\u016f, kte\u0159\u00ed vietnamsk\u00e9<\/strong>\u00a0(ale i arabsk\u00e9, \u010d\u00ednsk\u00e9, \u010derno\u0161sk\u00e9 atd)\u00a0<strong>drogov\u00e9 mafie kryj\u00ed?<\/strong>\u00a0V\u017edy\u0165 podle politik\u016f je\u00a0<a href=\"https:\/\/www.idnes.cz\/zpravy\/domaci\/lubomir-zaoralek-vietnam-demonstrace-omluva.A180625_102431_domaci_linv\">do narco obchod\u016f zapojen\u00e1 cel\u00e1 vietnamsk\u00e1 komunita\u00a0<\/a>a zn\u00e1m\u00ed policist\u00e9 mi to potvrzuj\u00ed.\u00a0<strong>Vietnamsk\u00e9 drogov\u00e9 mafie a jimi placen\u00ed \u201e\u010de\u0161t\u00ed\u201c politici p\u0159edstavuj\u00ed\u00a0<a href=\"https:\/\/www.idnes.cz\/zpravy\/domaci\/lubomir-zaoralek-vietnam-demonstrace-omluva.A180625_102431_domaci_linv\">bezpe\u010dnostn\u00ed riziko prvn\u00edho \u0159\u00e1du<\/a>, ale nic se ned\u011bje. N\u011bkte\u0159\u00ed politici vl\u00e1dn\u00edch stran se dokonce ve\u0159ejn\u011b obklopuj\u00ed vietnamsk\u00fdmi \u201easistentami\u201c a n\u011bkter\u00e9 st\u00e1tn\u00ed instituce ovl\u00e1dan\u00e9 politiky vl\u00e1dn\u00edch stran instaluj\u00ed ostentativn\u011b Vietnamce do medi\u00e1ln\u011b viditeln\u00fdch funkc\u00ed.<\/strong>\u00a0Politici se proman\u00e1duj\u00ed na multikulturn\u00edch show Miss Vietnam, kde sed\u00ed vedle pochybn\u00fdch vietnamsk\u00fdch podnikatel\u016f, V\u00fdsledkem je ostentativn\u00ed demonstrace beztrestnosti vietnamsk\u00e9 krimin\u00e1ln\u00ed komunity, jako ve v\u00fd\u0161e uveden\u00e9m videu.\u00a0<strong>To video vid\u011blo 600 tis\u00edc lid\u00ed, je pln\u00e9 p\u0159\u00edm\u00fdch d\u016fkaz\u016f a svedky -autory videa tak\u00e9 maj\u00ed (a jist\u011b ho vid\u011bli i n\u011bjac\u00ed policist\u00e9), kter\u00e9 by sta\u010dily na zah\u00e1jen\u00ed trestn\u00edho \u0159\u00edzen\u00ed s drogov\u00fdmi dealery (v\u010detn\u011b zakoupen\u00ed produkt\u016f). Jen\u017ee ned\u011bje se nic!<\/strong><\/p>\n<figure class=\"wp-block-image size-large is-resized\"><img decoding=\"async\" loading=\"lazy\" class=\"wp-image-1553 aligncenter\" src=\"https:\/\/ceskavec.com\/wp-content\/uploads\/2019\/05\/zahradil-miss-vietnam-1024x682.jpg\" sizes=\"(max-width: 630px) 100vw, 630px\" srcset=\"https:\/\/ceskavec.com\/wp-content\/uploads\/2019\/05\/zahradil-miss-vietnam.jpg 1024w, https:\/\/ceskavec.com\/wp-content\/uploads\/2019\/05\/zahradil-miss-vietnam-300x200.jpg 300w, https:\/\/ceskavec.com\/wp-content\/uploads\/2019\/05\/zahradil-miss-vietnam-768x512.jpg 768w, https:\/\/ceskavec.com\/wp-content\/uploads\/2019\/05\/zahradil-miss-vietnam-600x400.jpg 600w\" alt=\"\" width=\"630\" height=\"419\" \/><figcaption class=\"wp-element-caption\">Europoslanec J. Zahradil z ODS na Miss Vietnam, Zahradil pat\u0159\u00ed dlouhodob\u011b mezi hlavn\u00ed bojovn\u00edky za z\u00e1jmy vietnamsk\u00e9 men\u0161iny<\/figcaption><\/figure>\n<figure class=\"wp-block-image size-full is-resized\"><img decoding=\"async\" loading=\"lazy\" class=\"wp-image-1565 aligncenter\" src=\"https:\/\/ceskavec.com\/wp-content\/uploads\/2019\/04\/schwarzenberg-misss-vuetnam.jpg\" sizes=\"(max-width: 459px) 100vw, 459px\" srcset=\"https:\/\/ceskavec.com\/wp-content\/uploads\/2019\/04\/schwarzenberg-misss-vuetnam.jpg 310w, https:\/\/ceskavec.com\/wp-content\/uploads\/2019\/04\/schwarzenberg-misss-vuetnam-300x157.jpg 300w\" alt=\"\" width=\"459\" height=\"240\" \/><\/figure>\n<p><strong>Vl\u00e1d\u011b je to jedno, medi\u00edm, policii je to jedno\u2026. ve\u0159ejnost be se m\u011bla nahlas za\u010d\u00edt pt\u00e1t pro\u010d?!<\/strong>\u00a0<strong>Je snad c\u00edlem p\u0159em\u011bnit \u010cesko na narco st\u00e1t a m\u00edt tu zna\u010dnou \u010d\u00e1st populace na drog\u00e1ch jako v dob\u011b v \u010c\u00edn\u011b v 18. a 19. stolet\u00ed?<\/strong>\u00a0Tehdy za importem a podporou konzumace opia st\u00e1la globalistick\u00e1 Velk\u00e1 Brit\u00e1nie (pod\u00edl m\u011bli i portugal\u0161t\u00ed a holand\u0161t\u00ed obchodn\u00edci) a s drogovou pohromou zato\u010dili a\u017e \u010d\u00edn\u0161t\u00ed komunist\u00e9 po roce 1949, mezi jin\u00fdm t\u00edm, \u017ee popravili bez rozd\u00edlu v\u0161echny drogov\u00e9 dealery. Snaha vl\u00e1dy o legalizaci marihuany t\u00edmto sm\u011brem jde.\u00a0<strong>Legalizace \u201etr\u00e1vy\u201c povede k v\u011bt\u0161\u00ed spt\u0159eb\u011b a k dal\u0161\u00edmu n\u00e1r\u016fstu drogov\u011b z\u00e1visl\u00fdch a rozvratu jejich rodin a t\u00edm i cel\u00e9 spole\u010dnosti, V s\u00e1zce je \u010desk\u00e1 mlad\u00e1 generace a jej\u00ed budoucnost. Chceme m\u00edt z mlad\u00fdch \u010cech\u016f huli\u010de a fe\u0165aky?<\/strong>\u00a0Skoro to vypad\u00e1, \u017ee si to Fialova vl\u00e1da dala za jeden ze sv\u00fdch c\u00edl\u016f.<\/p>\n<p><a href=\"https:\/\/ceskavec.com\/2023\/05\/vietnamci-zaplavili-prahu-drogami-hispterske-duo-ohromilo-novym-videem-policii-a-politiky-to-nezajima-boji-se-obvineni-z-rasismu-nebo-si-je-plati-asijske-drogove-mafie\">\u010cesk\u00e1 v\u011bc<\/a><\/p>\n<p>&nbsp;<\/p>\n<p>&nbsp;<\/p>\n<p><img decoding=\"async\" loading=\"lazy\" class=\"wp-image-19187 aligncenter\" src=\"http:\/\/www.infokuryr.cz\/n\/wp-content\/uploads\/2022\/12\/1-PRO-300x36.jpg\" alt=\"\" width=\"1217\" height=\"146\" srcset=\"https:\/\/www.infokuryr.cz\/n\/wp-content\/uploads\/2022\/12\/1-PRO-300x36.jpg 300w, https:\/\/www.infokuryr.cz\/n\/wp-content\/uploads\/2022\/12\/1-PRO.jpg 699w\" sizes=\"(max-width: 1217px) 100vw, 1217px\" \/><\/p>\n<p>&nbsp;<\/p>\n<p>&nbsp;<\/p>\n","protected":false},"excerpt":{"rendered":"<p>Policii a politiky to nezaj\u00edm\u00e1. Boj\u00ed se obvin\u011bn\u00ed z rasismu, nebo si je plat\u00ed asijsk\u00e9&#8230;<\/p>\n","protected":false},"author":2,"featured_media":27496,"comment_status":"closed","ping_status":"closed","sticky":false,"template":"","format":"standard","meta":[],"categories":[6],"tags":[289,35,1237],"_links":{"self":[{"href":"https:\/\/www.infokuryr.cz\/n\/wp-json\/wp\/v2\/posts\/27495"}],"collection":[{"href":"https:\/\/www.infokuryr.cz\/n\/wp-json\/wp\/v2\/posts"}],"about":[{"href":"https:\/\/www.infokuryr.cz\/n\/wp-json\/wp\/v2\/types\/post"}],"author":[{"embeddable":true,"href":"https:\/\/www.infokuryr.cz\/n\/wp-json\/wp\/v2\/users\/2"}],"replies":[{"embeddable":true,"href":"https:\/\/www.infokuryr.cz\/n\/wp-json\/wp\/v2\/comments?post=27495"}],"version-history":[{"count":0,"href":"https:\/\/www.infokuryr.cz\/n\/wp-json\/wp\/v2\/posts\/27495\/revisions"}],"wp:featuredmedia":[{"embeddable":true,"href":"https:\/\/www.infokuryr.cz\/n\/wp-json\/wp\/v2\/media\/27496"}],"wp:attachment":[{"href":"https:\/\/www.infokuryr.cz\/n\/wp-json\/wp\/v2\/media?parent=27495"}],"wp:term":[{"taxonomy":"category","embeddable":true,"href":"https:\/\/www.infokuryr.cz\/n\/wp-json\/wp\/v2\/categories?post=27495"},{"taxonomy":"post_tag","embeddable":true,"href":"https:\/\/www.infokuryr.cz\/n\/wp-json\/wp\/v2\/tags?post=27495"}],"curies":[{"name":"wp","href":"https:\/\/api.w.org\/{rel}","templated":true}]}}