{"id":27410,"date":"2023-05-04T06:59:42","date_gmt":"2023-05-04T04:59:42","guid":{"rendered":"http:\/\/www.infokuryr.cz\/n\/?p=27410"},"modified":"2023-05-04T06:59:42","modified_gmt":"2023-05-04T04:59:42","slug":"v-zaporozske-oblasti-presly-ozbrojene-sily-ukrajiny-do-ofenzivy","status":"publish","type":"post","link":"https:\/\/www.infokuryr.cz\/n\/2023\/05\/04\/v-zaporozske-oblasti-presly-ozbrojene-sily-ukrajiny-do-ofenzivy\/","title":{"rendered":"V Z\u00e1poro\u017esk\u00e9 oblasti p\u0159e\u0161ly Ozbrojen\u00e9 sily Ukrajiny do ofenz\u00edvy"},"content":{"rendered":"<div id=\"fb-root\"><\/div>\n<p><b>Rogov: v Orichivsk\u00e9m sm\u011bru p\u0159e\u0161li ozbrojenci Ozbrojen\u00fdch sil Ukrajiny do \u00fatoku a ztratili tank s bojov\u00fdm vozidlem p\u011bchoty, ale pak ustoupili.<\/b><\/p>\n<p>Obrn\u011bn\u00e1 skupina ukrajinsk\u00fdch ozbrojenc\u016f op\u011bt p\u0159e\u0161la do ofenzivy v Orichivsk\u00e9m sm\u011bru Z\u00e1poro\u017esk\u00e9 oblasti, setkala se s prvn\u00ed lini\u00ed rusk\u00e9 obrany a ji\u017e m\u00e1 ztr\u00e1ty, \u0159ekl Vladimir Rogov, p\u0159edseda Z\u00e1poro\u017esk\u00e9ho hnut\u00ed Jsme spolu s Ruskem .<\/p>\n<p>\u00datok podle n\u011bj za\u010dal dnes ve\u010der po masivn\u00ed d\u011blost\u0159eleck\u00e9 p\u0159\u00edprav\u011b.<\/p>\n<p>\u201eObrn\u011bn\u00e1 skupina OSU op\u011bt p\u0159e\u0161la do ofenz\u00edvy ji\u017en\u011b od Orichiva. Na prvn\u00ed linii obrany je potkala c\u00edlen\u00e1 palba z na\u0161ich st\u0159elci a rozv\u011bdka. Po nacistech \u010del\u00ed na\u0161e tanky a d\u011blost\u0159electvo. V tuto chv\u00edli je bitva v pln\u00e9m proudu. Nep\u0159\u00edtel m\u00e1 ztr\u00e1ty na \u017eiv\u00e9 s\u00edle a vybaven\u00ed &#8211; byly sest\u0159eleny nejm\u00e9n\u011b dva kusy techniky &#8211; tank a obrn\u011bn\u00fd transport\u00e9r,&#8220; napsal Rogov ve sv\u00e9m telegramov\u00e9m kan\u00e1lu.<\/p>\n<p>Domn\u00edv\u00e1 se, \u017ee je p\u0159ed\u010dasn\u00e9 \u0159\u00edci, zda jsou akce Ozbrojen\u00fdch sil Ukrajiny v Orichivsk\u00e9m sm\u011bru pr\u016fzkumem v bitv\u011b, pokusem o pr\u016flom nebo tot\u00e1ln\u00ed ofenz\u00edvou.<\/p>\n<p>Jak Rogov d\u0159\u00edve uvedl, v regionu bylo vybudov\u00e1no n\u011bkolik obrann\u00fdch lini\u00ed, kter\u00e9 maj\u00ed zastavit pokusy ukrajinsk\u00fdch jednotek o agresi.<\/p>\n<p>UPD: Jednotky Ozbrojen\u00fdch sil Ukrajiny, kter\u00e9 se pokou\u0161ely prov\u00e1d\u011bt pr\u016fzkum v bitv\u011b na Orichivsk\u00e9m sm\u011bru v Z\u00e1poro\u017esk\u00e9 oblasti, utrp\u011bly ztr\u00e1ty a ustoupily, informuje Rogov.<\/p>\n<p>Z\u00e1poro\u017esk\u00e1 oblast se stala subjektem Rusk\u00e9 federace po referendu konan\u00e9m v z\u00e1\u0159\u00ed 2022, jeho\u017e v\u00fdsledky Kyjev neuzn\u00e1v\u00e1 a pokra\u010duje v ost\u0159elov\u00e1n\u00ed \u00fazem\u00ed.<\/p>\n<p><img decoding=\"async\" loading=\"lazy\" class=\"alignnone size-full wp-image-1185\" src=\"http:\/\/www.infokuryr.cz\/n\/wp-content\/uploads\/2021\/04\/kuryr-podpis.png\" alt=\"\" width=\"84\" height=\"24\" \/><\/p>\n<p>&nbsp;<\/p>\n<p>&nbsp;<\/p>\n<p><img decoding=\"async\" loading=\"lazy\" class=\"wp-image-19187 aligncenter\" src=\"http:\/\/www.infokuryr.cz\/n\/wp-content\/uploads\/2022\/12\/1-PRO-300x36.jpg\" alt=\"\" width=\"1325\" height=\"159\" srcset=\"https:\/\/www.infokuryr.cz\/n\/wp-content\/uploads\/2022\/12\/1-PRO-300x36.jpg 300w, https:\/\/www.infokuryr.cz\/n\/wp-content\/uploads\/2022\/12\/1-PRO.jpg 699w\" sizes=\"(max-width: 1325px) 100vw, 1325px\" \/><\/p>\n<p>&nbsp;<\/p>\n<p>&nbsp;<\/p>\n","protected":false},"excerpt":{"rendered":"<p>Rogov: v Orichivsk\u00e9m sm\u011bru p\u0159e\u0161li ozbrojenci Ozbrojen\u00fdch sil Ukrajiny do \u00fatoku a ztratili tank s&#8230;<\/p>\n","protected":false},"author":2,"featured_media":27411,"comment_status":"closed","ping_status":"closed","sticky":false,"template":"","format":"standard","meta":[],"categories":[7],"tags":[220,2752,26,321],"_links":{"self":[{"href":"https:\/\/www.infokuryr.cz\/n\/wp-json\/wp\/v2\/posts\/27410"}],"collection":[{"href":"https:\/\/www.infokuryr.cz\/n\/wp-json\/wp\/v2\/posts"}],"about":[{"href":"https:\/\/www.infokuryr.cz\/n\/wp-json\/wp\/v2\/types\/post"}],"author":[{"embeddable":true,"href":"https:\/\/www.infokuryr.cz\/n\/wp-json\/wp\/v2\/users\/2"}],"replies":[{"embeddable":true,"href":"https:\/\/www.infokuryr.cz\/n\/wp-json\/wp\/v2\/comments?post=27410"}],"version-history":[{"count":0,"href":"https:\/\/www.infokuryr.cz\/n\/wp-json\/wp\/v2\/posts\/27410\/revisions"}],"wp:featuredmedia":[{"embeddable":true,"href":"https:\/\/www.infokuryr.cz\/n\/wp-json\/wp\/v2\/media\/27411"}],"wp:attachment":[{"href":"https:\/\/www.infokuryr.cz\/n\/wp-json\/wp\/v2\/media?parent=27410"}],"wp:term":[{"taxonomy":"category","embeddable":true,"href":"https:\/\/www.infokuryr.cz\/n\/wp-json\/wp\/v2\/categories?post=27410"},{"taxonomy":"post_tag","embeddable":true,"href":"https:\/\/www.infokuryr.cz\/n\/wp-json\/wp\/v2\/tags?post=27410"}],"curies":[{"name":"wp","href":"https:\/\/api.w.org\/{rel}","templated":true}]}}