{"id":27405,"date":"2023-05-04T05:57:43","date_gmt":"2023-05-04T03:57:43","guid":{"rendered":"http:\/\/www.infokuryr.cz\/n\/?p=27405"},"modified":"2023-05-04T05:57:43","modified_gmt":"2023-05-04T03:57:43","slug":"michael-svatos-alandyizace-ceska-a-slovenska-neuveritelnych-851-miliard-czk-ktere-vyfuci-kominem","status":"publish","type":"post","link":"https:\/\/www.infokuryr.cz\/n\/2023\/05\/04\/michael-svatos-alandyizace-ceska-a-slovenska-neuveritelnych-851-miliard-czk-ktere-vyfuci-kominem\/","title":{"rendered":"Michael Svato\u0161: Alandyizace \u010ceska a Slovenska! Neuv\u011b\u0159iteln\u00fdch 851 miliard CZK, kter\u00e9 vyfu\u010d\u00ed kom\u00ednem!"},"content":{"rendered":"<div id=\"fb-root\"><\/div>\n<p><span style=\"font-size: 12pt;\">Dne\u0161n\u00ed anal\u00fdzu jsem rozd\u011blil na t\u0159i \u010d\u00e1sti. Kdo chce Alandyizaci, kter\u00e1 je nyn\u00ed hlavn\u00edm t\u00e9matem nejvy\u0161\u0161\u00edho velen\u00ed NATO, pochopit, mus\u00ed se cel\u00fdm textem doslova protrp\u011bt. Varuji!\u00a0<\/span><\/p>\n<p><span style=\"font-size: 18pt;\"><strong>\u010c\u00e1st prvn\u00ed \u2013 Bruselsk\u00fd finan\u010dn\u00ed bi\u010d na \u010cesko za 851 miliard CZK!<\/strong><\/span><\/p>\n<p>Abychom vysv\u011btlili, co je to Alandyizace \u010ceska i Slovenska, je t\u0159eba na za\u010d\u00e1tek nejprve dok\u00e1zat, \u017ee rozd\u00edl mezi dotacemi EU Recovery, platbami na Ukrajinu a vojensk\u00fdmi v\u00fddaji po p\u0159epo\u010dten\u00ed na hlavu ka\u017ed\u00e9ho \u010cecha v\u010detn\u011b nemluv\u0148at p\u0159edstavuje 81 019 CZK v neprosp\u011bch ka\u017ed\u00e9ho \u010cecha oproti ka\u017ed\u00e9mu Italovi v\u010detn\u011b nemluv\u0148at! Celkov\u00e1 suma, o kterou \u010ce\u0161i d\u00edky politice EU a Fialy p\u0159ich\u00e1zej\u00ed p\u0159edstavuje 851 miliard CZK!!!!!<\/p>\n<p>\u010cR se hrout\u00ed. Fiala prohospoda\u0159il za 4 m\u011bs\u00edce leto\u0161n\u00edho roku 200 miliard CZK. A nikdo si u\u017e ani netrouf\u00e1 p\u0159edpov\u011bd\u011bt, kolik stovek miliard si bude bude muset je\u0161t\u011b fialov\u00fd profesor u bank\u00e9\u0159\u016f za mastn\u00fd \u00farok do konce leto\u0161n\u00edho roku p\u016fj\u010dit na sv\u00e9 tureck\u00e9 hospoda\u0159en\u00ed v \u010cesku.<\/p>\n<p>B\u00edda \u010cech\u016f je d\u016fsledkem politiky EU, kter\u00e1 na\u0159izuje pro v\u0161echny stejn\u00e9 ceny, hlavn\u011b elekt\u0159iny a plynu. Ale pro vyvolen\u00e9 z\u00e1padn\u00ed zem\u011b vysok\u00e9 platy a vysok\u00e9 dotace. Z evropsk\u00e9ho fondu Recovery dostala It\u00e1lie<a href=\"https:\/\/www.politico.eu\/article\/melonis-main-problem-with-the-eu-is-spending-its-cash\/\">\u00a080 271 CZK na ka\u017ed\u00e9ho Itala<\/a>, aby se It\u00e1lie vzpamatovala z krize. \u010cesko dostalo ze stejn\u00e9ho fondu, aby se z krize vzpamatovalo jen\u00a0<a href=\"https:\/\/www.consilium.europa.eu\/en\/infographics\/recovery-fund-eu-delivers\/\">2 178 CZK na ka\u017ed\u00e9ho \u010cecha<\/a>! Italov\u00e9 dostali o 78 093 CZK na hlavu v\u00edce ne\u017e \u010ce\u0161i. D\u00edky tomu maj\u00ed levn\u00e9 dotovan\u00e9 potraviny, energie, bydlen\u00ed, a sni\u017euj\u00ed se jim dan\u011b!<a href=\"https:\/\/www.politico.eu\/article\/italy-football-fiorentina-gets-yellow-card-over-funding-stadiums-with-eu-cash\/\">\u00a0Dokonce si za ty dotace z Bruselu hodlaj\u00ed opravit fotbalov\u00fd stadion<\/a>\u00a0ve Florencii za 2,5 miliardy CZK, a postavit si nov\u00fd stadion v Ben\u00e1tk\u00e1ch za 7,5 miliardy CZK!<\/p>\n<p>O 820 miliard CZK v\u00edc by \u010ce\u0161i dostali do roku 2026 z fondu Recovery, kdyby se jim v Bruselu vym\u011b\u0159ila stejn\u00e1 dotace na jednoho \u010cecha, jako se vym\u011b\u0159ila na jednoho Itala!<\/p>\n<p>Ve\u0161ker\u00e1 italsk\u00e1 pomoc Ukrajin\u011b m\u00e1 hodnotu\u00a0<a href=\"https:\/\/www.ifw-kiel.de\/topics\/war-against-ukraine\/ukraine-support-tracker\/?cookieLevel=not-set\">428 CZK na jednoho Itala<\/a>! Ve\u0161ker\u00e1 \u010cesk\u00e1 pomoc Ukrajin\u011b m\u00e1 hodnotu<a href=\"https:\/\/www.ifw-kiel.de\/topics\/war-against-ukraine\/ukraine-support-tracker\/?cookieLevel=not-set\">\u00a02 230 CZK na jednoho \u010cecha<\/a>! Ka\u017ed\u00fd \u010cech tak u\u017e te\u010f d\u00edky Fialovi poslal Ukrajin\u011b o 52 CZK v\u00edce, ne\u017e dostane do roku 2026 z fondu EU Recovery! Naopak ka\u017ed\u00fd Ital dostane do roku 2026 z fondu Recovery celkem o 79 834 CZK v\u00edce, ne\u017e zat\u00edm d\u00edky premi\u00e9rce Meloni poslal na Ukrajinu!<\/p>\n<p>Celkem\u00a0<a href=\"https:\/\/www.milex.org\/2022\/12\/02\/italian-military-expenditure-to-rise-in-2023\/\">11 108 CZK<\/a>\u00a0p\u0159edstavuj\u00ed vojensk\u00e9 v\u00fddaje na ka\u017ed\u00e9ho Itala. Celkem\u00a0<a href=\"https:\/\/mocr.army.cz\/assets\/informacni-servis\/zpravodajstvi\/obrana-ceske-republiky-v-cislech-2023---2022-11-01-final.pdf\">10 646 CZK<\/a>\u00a0p\u0159edstavuj\u00ed vojensk\u00e9 v\u00fddaje na ka\u017ed\u00e9ho \u010cecha! Vzhledem k tomu, \u017ee podle MMF p\u0159edstavuje\u00a0<a href=\"https:\/\/www.imf.org\/en\/Publications\/WEO\/weo-database\/2023\/April\/weo-report?c=122,124,960,423,939,172,132,134,174,178,136,941,946,137,181,138,182,936,961,184,&amp;s=NGDPD,&amp;sy=2021&amp;ey=2028&amp;ssm=0&amp;scsm=1&amp;scc=0&amp;ssd=1&amp;ssc=0&amp;sic=0&amp;sort=country&amp;ds=.&amp;br=1\">\u010desk\u00e1 ekonomika jen 86% v\u00fdkonnosti italsk\u00e9 ekonomiky<\/a>\u00a0po p\u0159epo\u010dten\u00ed na hlavu, m\u011bl by ka\u017ed\u00fd \u010cech zaplatit ro\u010dn\u011b na vojensk\u00e9 v\u00fddaje jen 9 522 CZK, aby platil rovnocennou sumu, jako ka\u017ed\u00fd Ital!<\/p>\n<p><strong>V\u00fdsledn\u00e1 tabulka dotac\u00ed, pomoci Ukrajin\u011b a vojensk\u00fdch v\u00fddaj\u016f na hlavu ka\u017ed\u00e9ho Itala a \u010cecha!<\/strong><\/p>\n<ol>\n<li>Vojensk\u00e9 v\u00fddaje:\u00a0 \u00a0 \u00a0 \u00a0 \u00a0 \u00a0 \u00a0 \u00a0Ka\u017ed\u00fd \u010cech plat\u00ed ro\u010dn\u011b v\u00edc ne\u017e Ital o\u00a0 \u00a0 \u00a0 \u00a0 \u00a0 \u00a01 124 CZK!<\/li>\n<li>V\u00fddaje na Ukrajinu:\u00a0 \u00a0 \u00a0 \u00a0 \u00a0Ka\u017ed\u00fd \u010cech plat\u00ed ro\u010dn\u011b v\u00edc ne\u017e Ital o\u00a0 \u00a0 \u00a0 \u00a0 \u00a0 \u00a01 802 CZK!<\/li>\n<li>Dotace EU Recovery:\u00a0 \u00a0 \u00a0 \u00a0Ka\u017ed\u00fd \u010cech dost\u00e1v\u00e1 m\u00ed\u0148 ne\u017e Ital o\u00a0 \u00a0 \u00a0 \u00a0 \u00a0 \u00a0 78 093 CZK!<\/li>\n<li>Celkem rozd\u00edl:\u00a0 \u00a0 \u00a0 \u00a0 \u00a0 \u00a0 \u00a0 \u00a0 \u00a0 \u00a0 \u00a0 \u00a0 \u00a0 \u00a0 \u00a0 \u00a0 \u00a0 \u00a0 \u00a0 \u00a0 \u00a0 \u00a0 \u00a0 \u00a0 \u00a0 \u00a0 \u00a0 \u00a0 \u00a0 \u00a0 \u00a0 \u00a0 \u00a0 \u00a0 \u00a0 \u00a0 \u00a0 \u00a0 \u00a0 \u00a0 \u00a0 \u00a0 \u00a0 \u00a0 \u00a0 \u00a0 \u00a0 81 019 CZK!<\/li>\n<li>Celkov\u00e1 suma podle po\u010dtu v\u0161ech \u010cech\u016f:\u00a0 \u00a0 \u00a0 \u00a0 \u00a0 \u00a0 \u00a0 \u00a0 \u00a0 \u00a0 \u00a0 \u00a0 \u00a0 \u00a0 850 699 500 000 CZK!<\/li>\n<li>Fialovo tureck\u00e9 hospoda\u0159en\u00ed v \u010cesku 2023 zat\u00edm\u00a0 \u00a0 \u00a0 \u00a0 \u00a0 -200 000 000 000 CZK!<\/li>\n<\/ol>\n<p>V\u00fdsledn\u00e9 p\u0159epo\u010dty hovo\u0159\u00ed jasn\u011b \u2013 Italsk\u00e1 vl\u00e1da se star\u00e1 hlavn\u011b o Italy \u2013 A \u2013 \u010cesk\u00e1 vl\u00e1da se mus\u00ed nau\u010dit starat hlavn\u011b o \u010cechy!<\/p>\n<p><span style=\"font-size: 18pt;\"><strong>\u010c\u00e1st druh\u00e1 \u2013 \u010ce\u0161i si maj\u00ed zase ut\u00e1hnout opasky, aby Brusel, NATO a Fiala m\u011bli na rozhazov\u00e1n\u00ed, a na v\u00e1lku!<\/strong><\/span><\/p>\n<p>V\u010dera koment\u00e1tor Seznamu\u00a0<a href=\"https:\/\/www.novinky.cz\/clanek\/komentare-komentar-naucme-se-trpelivosti-neprinasi-jen-ruze-40430333\">Alex \u0160vamberk po\u017eadoval<\/a>\u00a0od \u010cech\u016f ob\u011bti a trp\u011blivost s drakonick\u00fdmi fialov\u00fdmi praktikami, proto\u017ee je t\u0159eba porazit \u010c\u00ednu i Rusko. A editor anal\u00fdz Seznamu<a href=\"https:\/\/www.seznamzpravy.cz\/clanek\/domaci-zivot-v-cesku-komentar-vitejme-migranty-pomohou-nam-k-bohatstvi-230282\">\u00a0Jan Str\u00e1sk\u00fd se rozpl\u00fdval<\/a>\u00a0nad imigrac\u00ed a tvrdil, \u017ee d\u00edky imigraci a uplat\u0148ov\u00e1n\u00ed politiky genderu na vysok\u00fdch \u0161kol\u00e1ch jsou nyn\u00ed USA na sam\u00e9m vrcholu v\u00fdvoje, a my se u nich mus\u00edme inspirovat!<\/p>\n<p>Pravda je bohu\u017eel jin\u00e1, ne\u017e ji oba novin\u00e1\u0159i v\u010dera p\u0159edlo\u017eili sv\u00fdm \u010dten\u00e1\u0159\u016fm. USA je\u0161t\u011b nikdy nebyly od konce ob\u010dansk\u00e9 v\u00e1lky na tom tak \u0161patn\u011b ve v\u011bd\u011b, a v dostate\u010dn\u00e9m mno\u017estv\u00ed vzd\u011blan\u00fdch lid\u00ed, jako jsou letos. Podle \u0161\u00e9fa nejv\u011bt\u0161\u00edho v\u00fdrobce \u010dip\u016f na sv\u011bt\u011b tchajwansk\u00e9ho obra TSMC, Morrise Changa,<a href=\"https:\/\/www.michalapetr.com\/map-1607-putinova-fire-karta-den-zuctovani-dil-druhy\/\">\u00a0nen\u00ed letos v USA dostatek kvalifikovan\u00fdch, technicky vzd\u011blan\u00fdch lid\u00ed, kte\u0159\u00ed by mohli nastoupit do tov\u00e1ren na v\u00fdrobu \u010dip\u016f<\/a>! A tento nedostatek zp\u016fsoben\u00fd podcen\u011bn\u00edm technick\u00e9ho vzd\u011bl\u00e1n\u00ed bude trvat cel\u00e1 l\u00e9ta.<\/p>\n<p>\u010c\u00edna p\u0159ed 6 dny ozn\u00e1mila, \u017ee u\u017e vybudovala bezkonkuren\u010dn\u011b nejv\u011bt\u0161\u00ed celo-\u010d\u00ednskou s\u00ed\u0165 5G, a\u00a0<a href=\"https:\/\/www.globaltimes.cn\/page\/202304\/1289951.shtml\">zahajuje experiment\u00e1ln\u00ed v\u00fdstavbu s\u00edt\u011b 6G<\/a>! Brusel a Washington se zat\u00edm sna\u017e\u00ed zabr\u00e1nit \u010c\u00edn\u011b, aby vybudovala v Evrop\u011b i v USA s\u00ed\u0165 5G! Bez \u010d\u00ednsk\u00e9 \u00fa\u010dasti se v\u00fdstavba 5G opo\u017e\u010fuje, a hroz\u00ed, \u017ee budeme st\u00e1le je\u0161t\u011b pou\u017e\u00edvat s\u00edt\u011b 4G, kdy\u017e u\u017e \u010c\u00edna bude m\u00edt pln\u011b rozvinutou funk\u010dn\u00ed s\u00ed\u0165 6G! Pro pr\u016fmysl USA i EU to bude katastrofa!<\/p>\n<p>\u00dapln\u00e1 \u0161ok ov\u0161em \u010c\u00edna vypustila 24. dubna, kdy\u017e ozn\u00e1mila, \u017ee p\u0159ikro\u010dila k f\u00e1zi technick\u00fdch p\u0159\u00edprav konstrukce kosmick\u00e9ho demonstr\u00e1toru p\u0159enosu sol\u00e1rn\u00ed energie ze satelitn\u00ed kosmick\u00e9 sol\u00e1rn\u00ed elektr\u00e1rny na zem. C\u00edlem je ov\u011b\u0159it p\u0159ipraven\u00e9 technologie, tak aby kolem roku 2040\u00a0<a href=\"https:\/\/www.globaltimes.cn\/page\/202304\/1289677.shtml\">sol\u00e1rn\u00ed elektr\u00e1rna s v\u00fdkonem jako maj\u00ed Temel\u00edn a Dukovany dohromady ob\u00edhala zemi, a pos\u00edlala vyrobenou elekt\u0159inu do \u010c\u00edny<\/a>! USA i EU jsou v tomto projektu zna\u010dn\u011b zpo\u017ed\u011bny, a Muskova raketov\u00e1 katastrofa uk\u00e1zala, \u017ee nemaj\u00ed ani raketu, kter\u00e1 by spolehliv\u011b vyn\u00e1\u0161ela tuny konstruk\u010dn\u00edch materi\u00e1l\u016f na ob\u011b\u017enou dr\u00e1hu!<\/p>\n<p>V roce 2040 mo\u017en\u00e1 \u010cesko dostav\u00ed jadernou elektr\u00e1rnu, kter\u00e1 mus\u00ed nahradit dosluhuj\u00edc\u00ed Dukovany! \u0160vamberk vyz\u00fdv\u00e1 k podpo\u0159e Ukrajiny, a ke zv\u00fd\u0161en\u00ed v\u00e1le\u010dn\u00fdch v\u00fddaj\u016f \u010ceska, kter\u00e9 v d\u016fsledku znamenaj\u00ed o\u017eebra\u010den\u00ed \u010cech\u016f a podfinancov\u00e1n\u00ed v\u00fdstavby modern\u00edho pr\u016fmyslu a modern\u00ed energetiky o biliony korun! Str\u00e1sk\u00fd vyz\u00fdv\u00e1, abychom se inspirovali v USA, kter\u00e9 si nechaly kulturn\u00edmi pomatenci a r\u016fzn\u00fdmi maoisty rozvr\u00e1tit svou chloubu \u2013 technick\u00e9 vysok\u00e9 a st\u0159edn\u00ed \u0161kolstv\u00ed, a te\u010f zoufale sh\u00e1n\u011bj\u00ed po cel\u00e9m sv\u011bt\u011b n\u011bjakou technicky vzd\u011blanou inteligenci, kter\u00e1 by mohla nastoupit do nejmodern\u011bj\u0161\u00edch tov\u00e1ren! V \u010cesku nen\u00ed dost m\u00edst ve \u0161kol\u00e1ch ani pro \u010cechy, ale my do nich m\u00e1me je\u0161t\u011b zv\u00e1t cizince? \u010c\u00edna ka\u017edoro\u010dn\u011b produkuje\u00a0<a href=\"https:\/\/www.statista.com\/statistics\/1174445\/china-number-of-bachelors-degrees-awarded-by-subject-area\/\">u\u017e 4,3 miliony vysoko\u0161kol\u00e1k\u016f<\/a>! Z nich je 53% \u017een! 3 miliony z nich jsou v\u011bdci, technici, dokto\u0159i, ekonomov\u00e9 a in\u017een\u00fd\u0159i! Jen 2,5 tis\u00edce jsou filozofov\u00e9 a podobn\u00ed humanitn\u00ed u\u010denci! Jenom samotn\u00fdch in\u017een\u00fdr\u016f je ro\u010dn\u011b vyprodukov\u00e1no 1.4 milionu! V \u010cesku p\u0159edstavuj\u00ed humanitn\u00ed obory 75% vysoko\u0161kol\u00e1k\u016f, kde\u017eto technick\u00e9 jen 25%! Filosof\u016f studuje v \u010cesku 23 704! To je skoro 5 kr\u00e1t v\u00edce ne\u017e v cel\u00e9 \u010c\u00edn\u011b!! Kdyby v \u010c\u00edn\u011b studovalo stejn\u011b filosof\u016f jako v \u010cesku, muselo by jich studovat 3.2 milionu! Jak vid\u00edte, koment\u00e1to\u0159i a analytici Seznamu, jsou \u00fapln\u011b mimo realitu.<\/p>\n<p>Realita je prost\u00e1. S Ruskem a \u010c\u00ednou nem\u016f\u017eeme v\u00e1l\u010dit, ale mus\u00edme jim za\u010d\u00edt konkurovat. Konkurence ov\u0161em znamen\u00e1 p\u0159esm\u011brovat biliony z v\u00e1lky, z v\u00e1l\u010den\u00ed a z dotac\u00ed medi\u00e1ln\u00edm kazatel\u016fm a z dotac\u00ed neziskovk\u00e1m p\u0159esm\u011brovat do technick\u00e9ho \u0161kolstv\u00ed, do technologick\u00e9 infrastruktury a do energetiky. Kdy\u017e to neud\u011bl\u00e1me ihned a r\u00e1zn\u011b, dopadneme, jak napsal v\u010dera \u0160vamberk o \u010c\u00edn\u011b,\u00a0<em>trvalo j\u00ed 100 let, ne\u017e op\u011bt z\u00edskala velmocensk\u00e9 postaven\u00ed<\/em>!<\/p>\n<p>Co \u0160vamberk nenapsal by n\u00e1s m\u011blo d\u011bsit v\u00edc \u2013 90 ze 100 let, po kter\u00e9 se \u010c\u00edna dr\u00e1pala zp\u011bt mezi velmoci, \u017eilo jej\u00edch 90% obyvatel pod hranic\u00ed chudoby, kter\u00e1 p\u0159edstavovala jen p\u00e1r misek r\u00fd\u017ee a kolo k doprav\u011b! Chcete, aby Va\u0161e d\u011bti, Va\u0161e vnou\u010data, d\u011bti Va\u0161ich vnou\u010dat, vnou\u010data Va\u0161ich vnou\u010dat, a dokonce je\u0161t\u011b d\u011bti vnou\u010dat Va\u0161ich vnou\u010dat \u017eili stejn\u011b b\u00eddn\u011b, jako ti neboz\u00ed \u010c\u00ed\u0148an\u00e9 \u017eili posledn\u00edch 100 let!<\/p>\n<p><span style=\"font-size: 18pt;\"><strong>\u010c\u00e1st t\u0159et\u00ed \u2013 Alandyizace!<\/strong><\/span><\/p>\n<p>V bruselsk\u00e9m hlavn\u00edm doup\u011bti NATO vypukla p\u0159ed p\u00e1r dny panika,\u00a0<a href=\"https:\/\/www.err.ee\/1608965062\/harri-tiido-mida-teha-nato-sse-kuuluva-soome-ahvenamaaga\">proto\u017ee se zjistilo<\/a>, \u017ee na z\u00e1klad\u011b mezin\u00e1rodn\u00edch smluv, a na z\u00e1klad\u011b podm\u00ednek kapitulace Finska v roce 1944, maj\u00ed Rusov\u00e9 pr\u00e1vo um\u00edstit ve Finsku trvale vojensk\u00e9 \u0161piony a diplomaty, kte\u0159\u00ed budou kontrolovat, zda je dodr\u017eov\u00e1na mezin\u00e1rodn\u00ed demilitariza\u010dn\u00ed smlouva, kter\u00e1 zakazuje v oblasti Aland Finska, jak\u00e9koli vojensk\u00e9 aktivity, rozm\u00eds\u0165ov\u00e1n\u00ed zbran\u00ed a aktivity jin\u00fdch vojensk\u00fdch \u0161pion\u016f, ne\u017e Rus\u016f! Pokud by do\u0161lo k vypov\u011bzen\u00ed smlouvy, dojde k poru\u0161en\u00ed podm\u00ednek kapitulace Finska SSSR, a Rusko m\u00e1 leg\u00e1ln\u00ed v\u00e1le\u010dn\u00fd d\u016fvod vyhl\u00e1sit v\u00e1lku Finsku. Podle \u010dl\u00e1nku 5 smlouvy NATO, mus\u00ed aliance p\u0159ij\u00edt Finsku na pomoc, a sv\u011btov\u00e1 v\u00e1lka je tady!<\/p>\n<p>Generalita NATO zjistila, \u017ee koupila zaj\u00edce v pytli, a\u00a0<a href=\"https:\/\/www.hs.fi\/politiikka\/art-2000009510547.html\">te\u010f nev\u00ed, co si po\u010d\u00edt<\/a>\u00a0s demilitarizovan\u00fdmi\u00a0<a href=\"https:\/\/cs.wikipedia.org\/wiki\/Alandy\">Alandsk\u00fdmi ostrovy<\/a>, kter\u00e9 jsou mezi Finskem a Estonskem! A na kter\u00fdch si Rusov\u00e9 maj\u00ed pr\u00e1vo udr\u017eovat \u0161pion\u00e1\u017en\u00ed z\u00e1kladnu, aby mohli kontrolovat, \u017ee tam nikdo nem\u00e1 ani voj\u00e1ky, ani zbran\u011b!<\/p>\n<p>Pro n\u00e1s je zaj\u00edmav\u00e9, \u017ee NATO p\u0159ijalo Finsko za sv\u00e9ho \u010dlena, a\u010dkoli na jeho \u00fazem\u00ed je demilitarizovan\u00e1 z\u00f3na, a leg\u00e1ln\u00ed rusk\u00e1 \u0161pion\u00e1\u017en\u00ed z\u00e1kladna!<\/p>\n<p>Z konstrukce tzv. Alandsk\u00e9 demilitariza\u010dn\u00ed smlouvy je z\u0159ejm\u00e9, \u017ee \u010cesko i Slovensko, by se mohly tak\u00e9 demilitarizovat, a p\u0159itom z\u016fstat \u010dleny NATO! \u010cesko by t\u00edm u\u0161et\u0159ilo 200 miliard ro\u010dn\u011b, a bylo by na modernizaci ekonomiky. Pro\u010d m\u00e1me b\u00fdt neust\u00e1le znev\u00fdhod\u0148ov\u00e1ni Bruselem. Pro\u010d maj\u00ed m\u00edt Italov\u00e9 na z\u00e1klad\u011b bruselsk\u00fdch rozhodnut\u00ed o 81 019 CZK na hlavu v\u00edce ne\u017e \u010ce\u0161i! Italov\u00e9 si za ty pen\u00edze modernizuj\u00ed It\u00e1lii, stejn\u011b jako \u0160pan\u011bl\u00e9 \u0160pan\u011blsko, Portugalci Portugalsko! Kdy\u017e tyto pen\u00edze na rozd\u00edl od nich nedost\u00e1v\u00e1me, prove\u010fme demilitarizaci \u010ceska i Slovenska, podle vzoru Aland! U\u0161et\u0159\u00edme jen tolik, kolik oni dost\u00e1vaj\u00ed nav\u00edc! A budeme m\u00edt zdroje na modernizaci \u010ceska!<\/p>\n<p>Alandyizace \u010ceska by tak mohla b\u00fdt prvn\u00edm krokem k cest\u011b \u010ceska k neutralit\u011b! Neutr\u00e1ln\u00ed \u0160v\u00fdcarsko nikdo od vyhl\u00e1\u0161en\u00ed jeho neutrality nep\u0159epadl, a stejn\u011b i \u0160v\u00e9dsko. Ve sv\u011bt\u011b rozd\u011blen\u00e9m na sv\u00e1rliv\u00e9 bloky, nem\u00e1 cenu b\u00fdt sou\u010d\u00e1st\u00ed bloku, kter\u00fd n\u00e1s pouze vys\u00e1v\u00e1, zneu\u017e\u00edv\u00e1 a o\u017eebra\u010duje!<\/p>\n<p>Ostatn\u011b pr\u00e1v\u011b proto soud\u00edm, \u017ee Bruxelae mus\u00ed b\u00fdt zni\u010deno!<\/p>\n<p><a href=\"https:\/\/www.michalapetr.com\/map-1567-nato-alandyzace-ceska-a-slovenska-neuveritelnych-851-miliard-czk-ktere-vyfuci-kominem\/\">Michael Svato\u0161<\/a><\/p>\n<p>&nbsp;<\/p>\n<p>&nbsp;<\/p>\n<p><img decoding=\"async\" loading=\"lazy\" class=\"wp-image-19187 aligncenter\" src=\"http:\/\/www.infokuryr.cz\/n\/wp-content\/uploads\/2022\/12\/1-PRO-300x36.jpg\" alt=\"\" width=\"1283\" height=\"154\" srcset=\"https:\/\/www.infokuryr.cz\/n\/wp-content\/uploads\/2022\/12\/1-PRO-300x36.jpg 300w, https:\/\/www.infokuryr.cz\/n\/wp-content\/uploads\/2022\/12\/1-PRO.jpg 699w\" sizes=\"(max-width: 1283px) 100vw, 1283px\" \/><\/p>\n<p>&nbsp;<\/p>\n<p>&nbsp;<\/p>\n","protected":false},"excerpt":{"rendered":"<p>Dne\u0161n\u00ed anal\u00fdzu jsem rozd\u011blil na t\u0159i \u010d\u00e1sti. Kdo chce Alandyizaci, kter\u00e1 je nyn\u00ed hlavn\u00edm t\u00e9matem&#8230;<\/p>\n","protected":false},"author":2,"featured_media":14256,"comment_status":"closed","ping_status":"closed","sticky":false,"template":"","format":"standard","meta":[],"categories":[6],"tags":[1042,1497,90,26,99],"_links":{"self":[{"href":"https:\/\/www.infokuryr.cz\/n\/wp-json\/wp\/v2\/posts\/27405"}],"collection":[{"href":"https:\/\/www.infokuryr.cz\/n\/wp-json\/wp\/v2\/posts"}],"about":[{"href":"https:\/\/www.infokuryr.cz\/n\/wp-json\/wp\/v2\/types\/post"}],"author":[{"embeddable":true,"href":"https:\/\/www.infokuryr.cz\/n\/wp-json\/wp\/v2\/users\/2"}],"replies":[{"embeddable":true,"href":"https:\/\/www.infokuryr.cz\/n\/wp-json\/wp\/v2\/comments?post=27405"}],"version-history":[{"count":0,"href":"https:\/\/www.infokuryr.cz\/n\/wp-json\/wp\/v2\/posts\/27405\/revisions"}],"wp:featuredmedia":[{"embeddable":true,"href":"https:\/\/www.infokuryr.cz\/n\/wp-json\/wp\/v2\/media\/14256"}],"wp:attachment":[{"href":"https:\/\/www.infokuryr.cz\/n\/wp-json\/wp\/v2\/media?parent=27405"}],"wp:term":[{"taxonomy":"category","embeddable":true,"href":"https:\/\/www.infokuryr.cz\/n\/wp-json\/wp\/v2\/categories?post=27405"},{"taxonomy":"post_tag","embeddable":true,"href":"https:\/\/www.infokuryr.cz\/n\/wp-json\/wp\/v2\/tags?post=27405"}],"curies":[{"name":"wp","href":"https:\/\/api.w.org\/{rel}","templated":true}]}}