{"id":27401,"date":"2023-05-04T05:46:11","date_gmt":"2023-05-04T03:46:11","guid":{"rendered":"http:\/\/www.infokuryr.cz\/n\/?p=27401"},"modified":"2023-05-04T05:46:11","modified_gmt":"2023-05-04T03:46:11","slug":"jindrich-kulhavy-utrhnuli-se-ze-retezu","status":"publish","type":"post","link":"https:\/\/www.infokuryr.cz\/n\/2023\/05\/04\/jindrich-kulhavy-utrhnuli-se-ze-retezu\/","title":{"rendered":"Jind\u0159ich Kulhav\u00fd: Utrhnuli se ze \u0159et\u011bzu"},"content":{"rendered":"<div id=\"fb-root\"><\/div>\n<p><span class=\"anotation\">\u00a0Jsme sv\u011bdky \u00fakazu, kter\u00fd se naz\u00fdv\u00e1 utrhnut\u00ed se ze \u0159et\u011bzu. Jeho \u00fa\u010dastn\u00edkem je vl\u00e1dn\u00ed koalice. To, co p\u0159edv\u00e1d\u00ed vl\u00e1da a prezident jinak nazvat nelze. Zd\u00e1 se, \u017ee u\u017e se \u00fapln\u011b pom\u00e1tnuli. A m\u00e9dia je v tom je\u0161t\u011b podporuj\u00ed.<\/span><\/p>\n<div id=\"pagetext\">\n<p>\u00a0 Prezident Petr Pavel jezdil po Ukrajin\u011b, ukazoval svou state\u010dnost v\u00fdletem sm\u011b\u0159uj\u00edc\u00edm o n\u011bco bl\u00ed\u017ee bojov\u00e9 linii a u \u017elutomod\u0159e uva\u017euj\u00edc\u00ed \u010d\u00e1sti n\u00e1roda sb\u00edral body. U n\u00e1s ostatn\u00edch nikoliv, proto\u017ee je vcelku jasn\u00e9, \u017ee \u0161lo op\u011bt o solidn\u00ed divadlo. Mo\u017en\u00e1 dok\u00e1zal z\u00edskat l\u00e1skypln\u00e9 pohledy slovensk\u00e9 kolegyn\u011b \u010caputov\u00e9, ale jinak sv\u00fdm horov\u00e1n\u00edm za dal\u0161\u00ed dod\u00e1vky munice ukrajinsk\u00e9 arm\u00e1d\u011b op\u011bt potvrdil, \u017ee pr\u00e1v\u011b on je spolu s\u00a0\u010dleny na\u0161\u00ed vl\u00e1dy t\u00edm posledn\u00edm, kdo by si p\u0159\u00e1l ukon\u010den\u00ed vojensk\u00fdch man\u00e9vr\u016f na Ukrajin\u011b. P\u0159esto\u017ee je naprosto jasn\u00e9, \u017ee Ukrajina souboj s\u00a0Ruskou federac\u00ed nem\u016f\u017ee ani s\u00a0podporou Z\u00e1padu vyhr\u00e1t. Rusov\u00e9 zat\u00edm zdaleka neuk\u00e1zali v\u0161e, co maj\u00ed, a kdy\u017e u\u017e pot\u0159ebovali n\u011bco zlikvidovat, t\u0159eba podzemn\u00ed velitelstv\u00ed NATO na Ukrajin\u011b, ud\u011blali to. Cesta Petra Pavla st\u00e1la na\u0161e da\u0148ov\u00e9 poplatn\u00edky mnoho pen\u011bz, co\u017e v\u0161ak vl\u00e1du ani v\u00a0kritick\u00e9 situaci netr\u00e1p\u00ed, proto\u017ee Fiala si t\u011bsn\u011b p\u0159ed t\u00edm u\u017e\u00edval podobn\u011b n\u00e1kladn\u00fdch cest po Jihov\u00fdchodn\u00ed Asii. Se sm\u011b\u0161n\u00fdmi v\u00fdsledky.<\/p>\n<p>Evropsk\u00e1 unie si od roku 2027 schv\u00e1lila emisn\u00ed povolenky na vyt\u00e1p\u011bn\u00ed budov a na dopravu. Oboj\u00ed bude znamenat dal\u0161\u00ed zdra\u017een\u00ed \u00fapln\u011b v\u0161eho, p\u0159i\u010dem\u017e zisky z\u00a0tohoto k\u0161eftu s\u00a0blbost\u00ed p\u016fjdou do kapes t\u011bch nejbohat\u0161\u00edch. Na\u0161e vl\u00e1da op\u011bt z\u00e1m\u011brn\u011b zaspala a nep\u0159idala se k\u00a0vzep\u0159en\u00ed se Ma\u010far\u016f a Pol\u00e1k\u016f. Cel\u00fd ten p\u0159ipitom\u011bl\u00fd Green Deal vytvo\u0159en\u00fd chor\u00fdmi mozky liber\u00e1l\u016f se stal hrozbou pro ka\u017ed\u00e9ho rozumn\u011b uva\u017euj\u00edc\u00edho \u010dlov\u011bka. Euro 7 a emisn\u00ed povolenky na cokoliv u\u017e hrani\u010d\u00ed s\u00a0naprost\u00fdm nepochopen\u00edm fyzik\u00e1ln\u00edch a p\u0159\u00edrodn\u00edch z\u00e1kon\u016f. V\u00fdrok, \u017ee ekologie v\u00edt\u011bz\u00ed nad ekonomikou, by se dal vykonstruovat i jinak. Hloupost, neznalost a naivita por\u00e1\u017e\u00ed rozum, znalosti a realitu. Rozpolcenost vl\u00e1dy je evidentn\u00ed. Fiala se podepsal pod vra\u017edu spalovac\u00edch motor\u016f a chv\u00e1stal se t\u00edm, \u017ee jsme byli u toho v\u00a0prvn\u00ed linii (v dob\u011b p\u0159edsednictv\u00ed EU), vz\u00e1p\u011bt\u00ed se stav\u011bl za jejich \u010d\u00e1ste\u010dnou udr\u017eitelnost, p\u0159esto\u017ee p\u0159ed p\u00e1r roky v\u00e1\u0161niv\u011b zat\u00ednal p\u011bst sm\u011brem k\u00a0Bruselu s\u00a0t\u00edm, \u017ee nebudeme sk\u00e1kat dle v\u0161ech nesmysl\u016f, kter\u00e9 tam vymysl\u00ed. A nyn\u00ed se vl\u00e1da p\u0159idala k\u00a0t\u011bm, kte\u0159\u00ed zavedou dal\u0161\u00ed \u0161ikanu prost\u00fdch Evropan\u016f. Bez ohledu na dopad po\u0161kozuj\u00edc\u00ed cel\u00fd n\u00e1\u0161 pr\u016fmysl a obyvatelstvo.<\/p>\n<p>Trend, kter\u00fd si P\u011btikoalice nasadila zv\u00fd\u0161en\u00edm plat\u016f v\u00a0obou komor\u00e1ch Parlamentu v\u00a0dob\u011b, kdy polovina n\u00e1roda ryje bradou v\u00a0bahnu, pokra\u010duje. Pl\u00e1novan\u00e9 zav\u00edr\u00e1n\u00ed po\u0161t a jejich rychl\u00fd rozprodej m\u00e1 dvoun\u00e1sobn\u00fd efekt. St\u00e1tu je \u00fapln\u011b jedno, jak bude zbytek otev\u0159en\u00fdch pobo\u010dek zahlcen\u00fd, lid\u00e9 u\u017e nyn\u00ed stoj\u00edc\u00ed ve front\u00e1ch a\u0165 se klidn\u011b zbl\u00e1zn\u00ed a trh postupn\u011b p\u0159ejde do rukou jin\u00fdch subjekt\u016f. Z\u00e1rove\u0148 se uvoln\u00ed stovky objekt\u016f vhodn\u00fdch k\u00a0rozprod\u00e1n\u00ed. Takov\u00e1 mal\u00e1 dal\u0161\u00ed privatizace. U t\u00e9 prvn\u00ed se nakapsovali ti l\u00e9pe informovan\u00ed, u t\u00e9to to budou zase bu\u010f bohat\u00ed, nebo dob\u0159e obezn\u00e1men\u00ed s\u00a0mo\u017enostmi vyveden\u00ed st\u00e1tn\u00edho majetku do soukrom\u00fdch rukou. N\u00e1sledovat bude samoz\u0159ejm\u011b dal\u0161\u00ed prodej, tentokr\u00e1t ji\u017e zahrani\u010dn\u00edm z\u00e1jemc\u016fm. V\u00a0t\u00e9to zemi u\u017e nebude mimo dluh\u016f nic \u010desk\u00e9. A kdy\u017e u\u017e jsme u vnitra, mus\u00edme se je\u0161t\u011b zeptat. Nen\u00ed 50 mld korun ,,investovan\u00fdch\u201c do nov\u00fdch ob\u010dansk\u00fdch pr\u016fkaz\u016f m\u00e1lo? Nejsou to pen\u00edze, kter\u00e9 by pomohly stotis\u00edc\u016fm senior\u016f pro\u017e\u00edt l\u00e9pe konec \u017eivota. Opravdu nutn\u011b pot\u0159ebujeme kv\u016fli nov\u00fdm pohlav\u00edm zru\u0161it rodn\u00e1 \u010d\u00edsla a m\u00edsto nich nap\u011bchovat nov\u00e9 pr\u016fkazy dal\u0161\u00edmi k\u00f3dy a \u010dipy?<\/p>\n<p>Jas\u00e1nek Lip\u00e1nek, neboli ministr zahrani\u010d\u00ed, rozd\u00e1v\u00e1 zase rozumy. Toto diplomatick\u00e9 p\u00edskle, kter\u00e9 absolutn\u011b nen\u00ed schopno pochopit svou mezin\u00e1rodn\u00ed bezcennost, si dovoluje pou\u010dovat rusk\u00e9ho ministra zahrani\u010d\u00ed Lavrova, naz\u00fdvat prezidenta Putina dikt\u00e1torem, kter\u00e9mu bylo omylem povoleno vl\u00e1dnout v\u00a0Rusku a vystupovat proti nacismu na Ukrajin\u011b, z\u00e1rove\u0148 je rozhodnuto zabr\u00e1nit \u010c\u00edn\u011b v\u00a0n\u00e1sledov\u00e1n\u00ed Ruska v\u00a0boji proti Z\u00e1padu, a p\u0159edev\u0161\u00edm proti USA. P\u0159itom zmi\u0148uje Taiwan, o jeho\u017e statusu jako\u017eto \u010d\u00ednsk\u00e9m \u00fazem\u00ed moc zem\u00ed ve sv\u011bt\u011b nepochybuje. Ne tak Lipovsk\u00fd. Tento diletant je sol\u00ed v\u00a0o\u010d\u00edch zku\u0161en\u00fdm diplomat\u016fm a \u0161kody po n\u011bm z\u016fstanou obrovsk\u00e9. \u0158ad\u00ed se tak po bok Fialy, Stanjury, Raku\u0161ana, Pekarov\u00e9 Adamov\u00e9 \u010di \u010cernochov\u00e9, tedy elitn\u00edch samo\u017eer\u016f mysl\u00edc\u00edch si o sob\u011b, jak elegantn\u011b proplouvaj\u00ed kriz\u00ed. Bohu\u017eel jim v\u0161ak netlesk\u00e1 jen arogantn\u00ed \u0159eporyjsk\u00fd provokat\u00e9r Novotn\u00fd, ale i velk\u00e1 \u010d\u00e1st ve\u0159ejnosti.<\/p>\n<p>Na konci dubna m\u00e1me 200miliardov\u00fd schodek st\u00e1tn\u00edho rozpo\u010dtu, dluh rozpo\u010d\u00edtan\u00fd na ka\u017ed\u00e9ho ob\u010dana v\u010detn\u011b kojenc\u016f se za posledn\u00ed 3 roky zdvojn\u00e1sobil, p\u0159esto se pl\u00e1nuje n\u00e1kup dal\u0161\u00ed p\u0159edra\u017een\u00e9 vojensk\u00e9 techniky v\u010detn\u011b nepot\u0159ebn\u00fdch letadel. To jsou za n\u00e1mi 4 m\u011bs\u00edce z\u00a0roku. M\u00e1me nejvy\u0161\u0161\u00ed inflaci, nejdra\u017e\u0161\u00ed elekt\u0159inu a plyn, skokov\u011b narostly ceny potravin, slu\u017eeb, valorizace d\u016fchod\u016f byla p\u0159epracov\u00e1na k\u00a0pl\u00e1\u010di a tr\u00e1pen\u00ed senior\u016f. Val\u00ed se na n\u00e1s dopady Green Dealu, vl\u00e1da za zav\u0159en\u00fdmi dve\u0159mi p\u0159ipravuje nav\u00fd\u0161en\u00ed dan\u00ed a st\u00e1le nem\u00e1 pl\u00e1n, jak st\u00e1t vyv\u00e9st z\u00a0pasti. Smutn\u00e9 je, \u017ee ho ani nehled\u00e1. Nesna\u017e\u00ed se sni\u017eovat n\u00e1klady, sp\u00ed\u0161e d\u011bl\u00e1 v\u0161e proto, aby za ka\u017edou cenu nav\u00fd\u0161ila p\u0159\u00edjmy od prost\u00fdch ob\u010dan\u016f, kter\u00e9 by vz\u00e1p\u011bt\u00ed mohla rozto\u010dit. Chovaj\u00ed se jako utr\u017een\u00ed a bez kontroly. Bohu\u017eel, opozice m\u011bla u\u017e d\u00e1vno vyvolat protesty po cel\u00e9 zemi. Nic takov\u00e9ho se ned\u011bje a je tedy mo\u017eno se pt\u00e1t, nakolik v\u00a0tom jedou v\u0161ichni spolu. To u\u017e ale nech\u00e1me na V\u00e1s. Je to tu na\u2026opravdu nevezmeme cepy do ruky d\u0159\u00edve, ne\u017e se tu zabydl\u00ed americk\u00e1 provl\u00e1dn\u00ed ochranka?<\/p>\n<p><a href=\"https:\/\/www.inadhled.live\/uvaha-dne\/utrhnuli-se-ze-retezu\/\">Jind\u0159ich Kulhav\u00fd<\/a><\/p>\n<p><img decoding=\"async\" loading=\"lazy\" class=\"alignnone size-medium wp-image-22653\" src=\"http:\/\/www.infokuryr.cz\/n\/wp-content\/uploads\/2023\/02\/jindra-kulhavy-221x300.jpg\" alt=\"\" width=\"221\" height=\"300\" srcset=\"https:\/\/www.infokuryr.cz\/n\/wp-content\/uploads\/2023\/02\/jindra-kulhavy-221x300.jpg 221w, https:\/\/www.infokuryr.cz\/n\/wp-content\/uploads\/2023\/02\/jindra-kulhavy.jpg 311w\" sizes=\"(max-width: 221px) 100vw, 221px\" \/><\/p>\n<p>_____________________<\/p>\n<\/div>\n<p>&nbsp;<\/p>\n<p>&nbsp;<\/p>\n<p><img decoding=\"async\" loading=\"lazy\" class=\"wp-image-19187 aligncenter\" src=\"http:\/\/www.infokuryr.cz\/n\/wp-content\/uploads\/2022\/12\/1-PRO-300x36.jpg\" alt=\"\" width=\"1267\" height=\"152\" srcset=\"https:\/\/www.infokuryr.cz\/n\/wp-content\/uploads\/2022\/12\/1-PRO-300x36.jpg 300w, https:\/\/www.infokuryr.cz\/n\/wp-content\/uploads\/2022\/12\/1-PRO.jpg 699w\" sizes=\"(max-width: 1267px) 100vw, 1267px\" \/><\/p>\n<p>&nbsp;<\/p>\n<p>&nbsp;<\/p>\n","protected":false},"excerpt":{"rendered":"<p>\u00a0Jsme sv\u011bdky \u00fakazu, kter\u00fd se naz\u00fdv\u00e1 utrhnut\u00ed se ze \u0159et\u011bzu. Jeho \u00fa\u010dastn\u00edkem je vl\u00e1dn\u00ed koalice&#8230;.<\/p>\n","protected":false},"author":2,"featured_media":27402,"comment_status":"closed","ping_status":"closed","sticky":false,"template":"","format":"standard","meta":[],"categories":[6],"tags":[29,535,122,99],"_links":{"self":[{"href":"https:\/\/www.infokuryr.cz\/n\/wp-json\/wp\/v2\/posts\/27401"}],"collection":[{"href":"https:\/\/www.infokuryr.cz\/n\/wp-json\/wp\/v2\/posts"}],"about":[{"href":"https:\/\/www.infokuryr.cz\/n\/wp-json\/wp\/v2\/types\/post"}],"author":[{"embeddable":true,"href":"https:\/\/www.infokuryr.cz\/n\/wp-json\/wp\/v2\/users\/2"}],"replies":[{"embeddable":true,"href":"https:\/\/www.infokuryr.cz\/n\/wp-json\/wp\/v2\/comments?post=27401"}],"version-history":[{"count":0,"href":"https:\/\/www.infokuryr.cz\/n\/wp-json\/wp\/v2\/posts\/27401\/revisions"}],"wp:featuredmedia":[{"embeddable":true,"href":"https:\/\/www.infokuryr.cz\/n\/wp-json\/wp\/v2\/media\/27402"}],"wp:attachment":[{"href":"https:\/\/www.infokuryr.cz\/n\/wp-json\/wp\/v2\/media?parent=27401"}],"wp:term":[{"taxonomy":"category","embeddable":true,"href":"https:\/\/www.infokuryr.cz\/n\/wp-json\/wp\/v2\/categories?post=27401"},{"taxonomy":"post_tag","embeddable":true,"href":"https:\/\/www.infokuryr.cz\/n\/wp-json\/wp\/v2\/tags?post=27401"}],"curies":[{"name":"wp","href":"https:\/\/api.w.org\/{rel}","templated":true}]}}