{"id":27383,"date":"2023-05-04T05:03:24","date_gmt":"2023-05-04T03:03:24","guid":{"rendered":"http:\/\/www.infokuryr.cz\/n\/?p=27383"},"modified":"2023-05-04T05:03:24","modified_gmt":"2023-05-04T03:03:24","slug":"petr-michalu-vite-co-je-to-sokujici-pravda-ne-tak-prosim-ctete","status":"publish","type":"post","link":"https:\/\/www.infokuryr.cz\/n\/2023\/05\/04\/petr-michalu-vite-co-je-to-sokujici-pravda-ne-tak-prosim-ctete\/","title":{"rendered":"Petr Michal\u016f: V\u00edte, co je to \u0160OKUJ\u00cdC\u00cd PRAVDA? \u2013 Ne\u2026? Tak, pros\u00edm, \u010dt\u011bte\u2026"},"content":{"rendered":"<div id=\"fb-root\"><\/div>\n<p>Proti manipulativn\u00edm agresivn\u00edm l\u017e\u00edm a v\u0161ude vlezl\u00fdm vnucovan\u00fdm n\u00e1m dezinformac\u00edm je nutn\u00e9 se \u00fa\u010dinn\u011b br\u00e1nit. Mysl\u00edm, \u017ee <strong>jedin\u00e1 takov\u00e1 \u00fa\u010dinn\u00e1 obrana je \u0160OKUJ\u00cdC\u00cd PRAVDA!!<\/strong><\/p>\n<p><strong>\u0160okuj\u00edc\u00ed pravda<\/strong> je sebeobrann\u00fd n\u00e1stroj, prost\u0159edek, jak \u00fa\u010dinn\u011b \u010delit val\u00edc\u00edm se na n\u00e1s tsunami z\u00e1padn\u00edch\/americk\u00fdch\/proamerick\u00fdch\/anglosask\u00fdch l\u017e\u00ed, dezinformac\u00ed, nepravd, v\u00fdmysl\u016f, fal\u0161ov\u00e1n\u00ed, manipulac\u00ed a maten\u00ed lid\u00ed. Abyste byli schopn\u00ed a um\u011bli se nejen adekv\u00e1tn\u011b, n\u00fdbr\u017e v\u00edt\u011bzn\u011b, br\u00e1nit <strong><em>\u0161okuj\u00edc\u00ed pravdou<\/em><\/strong>, je nezbytn\u00e9 <strong>neb\u00e1t se p\u0159em\u00fd\u0161let vlastn\u00ed hlavou<\/strong>, hodn\u011b zn\u00e1t, v\u011bd\u011bt, mnoho \u010d\u00edst, um\u011bt si d\u00e1t do souvislost\u00ed ud\u00e1losti t\u0159eba i jen z\u00a0ned\u00e1vn\u00e9 historie, orientovat se v\u00a0cel\u00e9m tom informa\u010dn\u00edm z\u00e1m\u011brn\u011b chaotick\u00e9m d\u011bn\u00ed. Pak do sebe p\u0159esn\u011b v\u0161e zapad\u00e1 jako kam\u00ednky mozaiky a uvid\u00edte po slo\u017een\u00ed cel\u00fd obraz. <u>Na z\u00e1klad\u011b toho v\u0161eho prohla\u0161uji a dovoluji si V\u00e1m sd\u011blit <strong>\u0161okuj\u00edc\u00ed pravdu:<\/strong><\/u><\/p>\n<p><strong><span style=\"font-size: 18pt;\">V\u0160ICHNI TI, <\/span><\/strong><span style=\"font-size: 18pt;\"><strong>kte\u0159\u00ed v\u00a0m\u00e1jov\u00fdch dnech slav\u00ed s\u00a0Ameri\u010dany osvobozen\u00ed, ve skute\u010dnosti oslavuj\u00ed v\u00edt\u011bzstv\u00ed fa\u0161ist\u016f\/nacist\u016f! Nebo\u0165 pr\u00e1v\u011b Ameri\u010dan\u00e9 zachra\u0148ovali, ukr\u00fdvali fa\u0161isty, spolupracovali s\u00a0nimi, \u201evyr\u00e1b\u011bli\u201c jim novou identitu.<\/strong><\/span><\/p>\n<p><img decoding=\"async\" loading=\"lazy\" class=\"wp-image-27393 alignright\" src=\"http:\/\/www.infokuryr.cz\/n\/wp-content\/uploads\/2023\/05\/CESTNE-KLICE-218x300.jpg\" alt=\"\" width=\"514\" height=\"707\" srcset=\"https:\/\/www.infokuryr.cz\/n\/wp-content\/uploads\/2023\/05\/CESTNE-KLICE-218x300.jpg 218w, https:\/\/www.infokuryr.cz\/n\/wp-content\/uploads\/2023\/05\/CESTNE-KLICE-743x1024.jpg 743w, https:\/\/www.infokuryr.cz\/n\/wp-content\/uploads\/2023\/05\/CESTNE-KLICE-1024x1411.jpg 1024w, https:\/\/www.infokuryr.cz\/n\/wp-content\/uploads\/2023\/05\/CESTNE-KLICE.jpg 1184w\" sizes=\"(max-width: 514px) 100vw, 514px\" \/><\/p>\n<p><strong>A<\/strong><strong>no, je to tak!!<\/strong> S\u00a0Ameri\u010dany oslavuj\u00ed v\u00edt\u011bzstv\u00ed jednak ti hloup\u00ed a naivn\u00ed, neznaj\u00edc\u00ed absolutn\u011b v\u016fbec nic, nepol\u00edben\u00ed znalostmi historie <em>(jsou jen prost\u011b fanaticky osln\u011bn\u00ed Amerikou, ani\u017e v\u011bd\u00ed pro\u010d; nebo si st\u00e1le cht\u011bj\u00ed r\u00fdpnout do Ruska, pop\u00edchnout Rusko, ubl\u00ed\u017eit Rusku v\u00a0jeho nejcitliv\u011bj\u0161\u00edm m\u00edst\u011b, proto\u017ee v\u011bd\u00ed, \u017ee to Rusku vad\u00ed; anebo t\u00edm i demonstrovat sv\u016fj chorobn\u011b nen\u00e1vistn\u00fd postoj k\u00a0n\u011bjak\u00fdm \u010deskoslovensk\u00fdm komunist\u016fm, kte\u0159\u00ed, mimochodem, z\u00a0pov\u00e1le\u010dn\u00e9 zni\u010den\u00e9 N\u011bmci a americk\u00fdm spojeneck\u00fdm bombardov\u00e1n\u00edm zem\u011b, ud\u011blali vysoce rozvinutou, sob\u011bsta\u010dnou zemi).<\/em> <strong>D\u00e1le, a to je z\u00e1sadn\u00ed \u2013<\/strong><\/p>\n<p><strong>s\u00a0Ameri\u010dany oslavuj\u00ed osvobozen\u00ed a v\u00edt\u011bzstv\u00ed <\/strong><strong>dne\u0161n\u00ed nefal\u0161ovan\u00ed fa\u0161ist\u00e9\/nacist\u00e9<\/strong><strong> \u2013 a to jsou v\u0161ichni ti opravdov\u00ed potomci a pohrobci \u010desk\u00fdch a \u010desko-n\u011bmeck\u00fdch nacist\u016f\/fa\u0161ist\u016f a v\u0161ech t\u011bch udava\u010d\u016f gestapa, p\u0159isluhova\u010d\u016f, kolaborant\u016f n\u011bmeck\u00e9ho nacistick\u00e9ho protektor\u00e1tn\u00edho re\u017eimu u n\u00e1s, nebo\u0165 p\u0159\u00edjezd Ameri\u010dan\u016f je pro n\u011b opravdu osvobozen\u00edm, z\u00e1chranou a sp\u00e1sou!<\/strong><\/p>\n<p><strong>V\u011bt\u0161ina v\u00e1le\u010dn\u00fdch zlo\u010dinc\u016f \u2013 N\u011bmc\u016f\/hitlerovc\u016f\/fa\u0161ist\u016f a jejich kolaborant\u016f, p\u0159isluhova\u010d\u016f a udava\u010d\u016f gestapu a nacistick\u00fdm protektor\u00e1tn\u00edm \u00fa\u0159ad\u016fm tak d\u00edky shov\u00edvavosti a c\u00edlen\u00e9mu zachra\u0148ov\u00e1n\u00ed fa\u0161ist\u016f Ameri\u010dany unikla zaslou\u017een\u00e9mu, spravedliv\u00e9mu trestu.<\/strong><\/p>\n<p>Ameri\u010dan\u00e9 \u010desk\u00fd n\u00e1rod z\u00a0poroby n\u011bmeck\u00fdch nacistick\u00fdch okupant\u016f NEOSVOBOZOVALI! Ameri\u010dan\u00e9 pouze, v\u00a0podstat\u011b nekomplikovan\u011b, DOJELI na p\u0159edem se Sov\u011bty\/Rusy\/se Stalinem domluvenou, dohodnutou, ur\u010denou tak zvanou demarka\u010dn\u00ed linii. <strong>Ameri\u010dan\u00e9 brali k\u00a0sob\u011b do bezpe\u010d\u00ed a ZACHRA\u0147OVALI n\u011bmeck\u00e9 fa\u0161isty\/nacisty, ale tak\u00e9 ukrajinsk\u00e9 banderovce\/p\u0159\u00edslu\u0161n\u00edky UPA a rusk\u00e9 vlastizr\u00e1dce \u2013 vlasovce\/ROA.<\/strong> Ameri\u010dan\u00e9 OSVOBOZOVALI fa\u0161istickou\/nacistickou svolo\u010d! <u>A znovu<\/u> &#8211; proto ti, kte\u0159\u00ed v\u00a0tyto m\u00e1jov\u00e9 dny oslavuj\u00ed <strong>spole\u010dn\u011b s\u00a0Ameri\u010dany<\/strong> osvobozen\u00ed a v\u00edt\u011bzstv\u00ed, <strong>ve skute\u010dnosti oslavuj\u00ed osvobozen\u00ed a v\u00edt\u011bzstv\u00ed fa\u0161ist\u016f\/nacist\u016f<\/strong> <em>(a\u0165 ji\u017e n\u011bmeck\u00fdch, ukrajinsk\u00fdch, \u010desk\u00fdch) <\/em>a jejich kolaborant\u016f!<\/p>\n<p><em>O tom, jak prob\u00edhalo \u201eosvobozov\u00e1n\u00ed\u201c Plzn\u011b Ameri\u010dany a jak to bylo v\u00a0Plzni v\u00a0dubnu 1945, o tom, jak se Ameri\u010dan\u00e9 za\u010dali paktovat a p\u0159\u00edtel\u00ed\u010dkovat s\u00a0fa\u0161isty\/N\u011bmci jsem ji\u017e napsal pom\u011brn\u011b rozs\u00e1hl\u00e9, vysv\u011btluj\u00edc\u00ed \u010dl\u00e1nky, doporu\u010duji p\u0159e\u010d\u00edst, jist\u011b budou pro V\u00e1s zaj\u00edmav\u00e9, zde jsou na n\u011b odkazy: <\/em><a href=\"http:\/\/www.infokuryr.cz\/n\/2023\/05\/01\/petr-michalu-jak-to-bylo-s-osvobozenim-plzne-americany\/\">ZDE <\/a>a <a href=\"http:\/\/www.infokuryr.cz\/n\/2023\/04\/20\/petr-michalu-jak-to-bylo-v-plzni-1945\/\">ZDE<\/a><\/p>\n<p><strong><u>Mnohokr\u00e1t jsem o tom r\u016fzn\u011b psal a mus\u00edm znovu a znovu <\/u><\/strong><em>(nebo\u0165 tak mi vel\u00ed moje \u010dest, mor\u00e1lka, sv\u011bdom\u00ed, smysl pro pravdu, mor\u00e1ln\u00ed dluh a vd\u011bk skute\u010dn\u00fdm osvoboditel\u016fm \u2013 Rud\u00e9 arm\u00e1d\u011b, rusk\u00e9mu n\u00e1rodu, tehdy SSSR, dnes Rusku)<\/em><\/p>\n<p><img decoding=\"async\" loading=\"lazy\" class=\"wp-image-27385 alignleft\" src=\"http:\/\/www.infokuryr.cz\/n\/wp-content\/uploads\/2023\/05\/OSVOBODITELE-300x227.jpg\" alt=\"\" width=\"626\" height=\"473\" srcset=\"https:\/\/www.infokuryr.cz\/n\/wp-content\/uploads\/2023\/05\/OSVOBODITELE-300x227.jpg 300w, https:\/\/www.infokuryr.cz\/n\/wp-content\/uploads\/2023\/05\/OSVOBODITELE-1024x774.jpg 1024w, https:\/\/www.infokuryr.cz\/n\/wp-content\/uploads\/2023\/05\/OSVOBODITELE-768x581.jpg 768w, https:\/\/www.infokuryr.cz\/n\/wp-content\/uploads\/2023\/05\/OSVOBODITELE.jpg 1280w\" sizes=\"(max-width: 626px) 100vw, 626px\" \/><span style=\"font-size: 18pt;\"><strong>Pro\u010d je nyn\u00ed nejen Evropa fa\u0161isty a nacisty tak zamo\u0159en\u00e1, zane\u0159\u00e1d\u011bn\u00e1, okupovan\u00e1, hn\u011bd\u00e1\u2026?<\/strong><\/span><\/p>\n<p>\u2026 proto\u017ee kdysi t\u00edm \u201eslavn\u00fdm\u201c vylod\u011bn\u00edm \u201espojenc\u016f\u201c v\u00a0Normandii <em>(6. \u010dervna 1944, tak zvan\u00fd den D)<\/em>, p\u0159ipluli \u201espojenci\u201c &#8211; tj. Ameri\u010dan\u00e9 a Britov\u00e9 <em>(t\u00e9\u017e Kana\u010fan\u00e9, Francouzi a dal\u0161\u00ed)<\/em> <strong>ZACHRA\u0147OVAT fa\u0161isty a n\u00e1cky<\/strong> do Evropy. <strong>To byl hlavn\u00ed c\u00edl a smysl cel\u00e9 t\u00e9 vylo\u010fovac\u00ed operace a samoz\u0159ejm\u011b znemo\u017enit a zabr\u00e1nit rychle postupuj\u00edc\u00ed Rud\u00e9 arm\u00e1d\u011b osvobozovat od fa\u0161ismu\/nacismu z\u00e1padn\u00ed \u00fazem\u00ed Evropy a zastavit <\/strong>\u201ea\u0165 to stoj\u00ed, co to stoj\u00ed\u201c<strong> Sov\u011bty\/Rusy pokud mo\u017eno co nejd\u00e1le ve st\u0159edn\u00ed, nebo dokonce v\u00fdchodn\u00ed Evrop\u011b, nepustit Rusy d\u00e1le do Evropy (do t\u00e9 jejich \u2013 z\u00e1padn\u00ed)!<\/strong> Ale p\u0159ed vlastn\u00edmi n\u00e1rody to, pochopiteln\u011b, museli maskovat jako, \u017ee te\u010f u\u017e rozhodn\u011b a odhodlan\u011b nastupuj\u00ed bojovat proti fa\u0161ist\u016fm a n\u00e1ck\u016fm a tak pom\u00e1hat bok po boku Sov\u011btsk\u00e9mu svazu. Sami ale vid\u011bli a byli ji\u017e t\u00e9\u017e p\u0159esv\u011bd\u010deni, \u017ee Rud\u00e1 arm\u00e1da (SSSR) je schopn\u00e1 SAMA osvobodit a obsadit celou Evropu a <strong>\u00fapln\u011b tak zni\u010dit fa\u0161ismus\/nacismus v Evrop\u011b!!<\/strong> To nemohli dopustit. Proto a\u017e nyn\u00ed a tak najednou a tak urychlen\u011b a o p\u0159ekot <strong><em>(a p\u0159ece a\u017e tak pozd\u011b!!)<\/em><\/strong> se vylo\u010fovali v Evrop\u011b. Stalin je o to \u017e\u00e1dal a p\u0159emlouval cel\u00e9 3 roky!! Pro\u010d tedy tak najednou a o p\u0159ekot?!! \u2013 No proto\u017ee Rusov\u00e9 u\u017e byli prakticky p\u0159ed branami Berl\u00edna.<\/p>\n<p>Skute\u010dn\u011b t\u00e9m\u011b\u0159 cel\u00e9 dlouh\u00e9 t\u0159i roky hitlerovsk\u00e9ho \u0159\u00e1d\u011bn\u00ed, vra\u017ed\u011bn\u00ed, b\u011bsn\u011bn\u00ed, vypalov\u00e1n\u00ed m\u011bst a vesnic i za \u017eiva s\u00a0jejich obyvateli na \u00fazem\u00ed SSSR \u201espojenci\u201c &#8211; Ameri\u010dan\u00e9 + Britov\u00e9 a dal\u0161\u00ed &#8211; odol\u00e1vali \u201estate\u010dn\u011b\u201c \u00famysln\u011b zdr\u017eenliv\u011b nal\u00e9hav\u00fdm \u017e\u00e1dostem Stalina o otev\u0159en\u00ed druh\u00e9 fronty!! Churchill se neust\u00e1le vymlouval, lhal jako mal\u00fd kluk, pro\u010d se je\u0161t\u011b nem\u016f\u017eou vylodit. Nakonec to jejich \u00famysln\u00e9 ot\u00e1len\u00ed dosp\u011blo a\u017e do t\u00e9 f\u00e1ze, \u017ee kdyby se \u201espojenci\u201c cht\u011bli vylo\u010fovat jen o p\u00e1r m\u011bs\u00edc\u016f pozd\u011bji, ani by se ji\u017e vylo\u010fovat nemuseli. Sov\u011bti\/Rusov\u00e9 by vy\u010distili celou Evropu od fa\u0161ismu\/nacismu sami! Tak siln\u00ed u\u017e v\u00a0t\u00e9 dob\u011b byli!! Proto \u201espojenci\u201c okolnostmi, to je bleskurychl\u00fdm postupem Rud\u00e9 arm\u00e1dy k\u00a0bran\u00e1m Berl\u00ednu, byli kone\u010dn\u011b donuceni vstoupit do hry a otev\u0159\u00edt t\u0159i roky slibovanou druhou frontu. Nakonec Churchill trval na druh\u00e9 front\u011b \u2013 ne kv\u016fli \u201espojeneck\u00e9 odpov\u011bdnosti\u201c, ale proto\u017ee \u201eSov\u011btsk\u00e9 Rusko za\u010dalo b\u00fdt smrteln\u011b nebezpe\u010dn\u00e9. Je t\u0159eba okam\u017eit\u011b vytvo\u0159it novou frontu proti jeho bleskov\u00e9 ofenz\u00edv\u011b, aby ru\u0161t\u00ed barba\u0159i z\u016fstali pokud mo\u017eno co nejd\u00e1l na v\u00fdchod\u011b.\u201c<\/p>\n<p>Vylod\u011bn\u00ed v Normandii (krvav\u00fd masakr sotva dvacetilet\u00fdch kluk\u016f) m\u011blo z vojensk\u00e9ho hlediska minim\u00e1ln\u00ed vojensk\u00fd strategick\u00fd v\u00fdznam. Hlavn\u00ed c\u00edl toho jejich \u201emasakru na pl\u00e1\u017e\u00edch Normandie\u201c byl <em>(a\u0165 se to l\u00edb\u00ed, nebo nel\u00edb\u00ed)<\/em> POLITICK\u00dd!! Na posledn\u00ed chv\u00edli, tedy ji\u017e za p\u011bt minut dvan\u00e1ct, \u010di mo\u017en\u00e1 u\u017e dokonce za minutu dvan\u00e1ct si urvat v Evrop\u011b je\u0161t\u011b pokud mo\u017eno co nejv\u011bt\u0161\u00ed kol\u00e1\u010d politick\u00e9ho vlivu a \u201eoh\u0159\u00e1t si tak tu svou politickou pol\u00edv\u010di\u010dku\u201c a jak jsem psal \u2013 zabr\u00e1nit proniknut\u00ed Rud\u00e9 arm\u00e1dy d\u00e1le na z\u00e1pad, d\u00e1le do z\u00e1padn\u00ed Evropy, p\u0159\u00edpadn\u00e9 obsazen\u00ed Evropy a\u017e k\u00a0Atlantiku, kam by jist\u011b Rud\u00e1 arm\u00e1da do\u0161la p\u0159i o\u010di\u0161\u0165ov\u00e1n\u00ed Evropy od moru fa\u0161ismu.<\/p>\n<p><span style=\"font-size: 18pt;\"><strong><u>Pokra\u010duji vysv\u011btlen\u00edm toho, pro\u010d je nyn\u00ed nejen Evropa fa\u0161isty a nacisty tak zamo\u0159en\u00e1, zane\u0159\u00e1d\u011bn\u00e1, okupovan\u00e1, hn\u011bd\u00e1\u2026<\/u><\/strong><\/span><\/p>\n<p><u>Proto\u017ee<\/u> \u201espojenci\u201c, tj. Ameri\u010dan\u00e9 a Britov\u00e9, vylod\u011bn\u00edm v Normandii <em>(6. \u010dervna 1944, tak zvan\u00fd den D)<\/em> p\u0159ipluli <strong>ZACHRA\u0147OVAT fa\u0161isty a n\u00e1cky do Evropy<\/strong>. \u201eSpojenci\u201c zachr\u00e1nili des\u00edtky tis\u00edc fa\u0161ist\u016f, n\u00e1ck\u016f. Hlavn\u011b t\u011bch nejvy\u0161\u0161\u00edch pohlav\u00e1r\u016f, hodnost\u00e1\u0159\u016f, funkcion\u00e1\u0159\u016f, gener\u00e1l\u016f, d\u00e1le pak m\u011bli obrovsk\u00fd z\u00e1jem o jejich v\u011bdce, in\u017een\u00fdry, l\u00e9ka\u0159e, inteligenci, ale i dal\u0161\u00ed, kter\u00e9 hodlali pozd\u011bji upot\u0159ebit pro sv\u00e9 vlastn\u00ed z\u00e1jmy \u2013 v\u00fdzv\u011bdnou a zpravodajskou slu\u017ebu, z\u00e1\u0161kodnictv\u00ed, sabot\u00e1\u017ee, teror, zastra\u0161ov\u00e1n\u00ed obyvatelstva na \u00fazem\u00edch osvobozen\u00e9m Sov\u011btsk\u00fdm svazem a tak d\u00e1le.<\/p>\n<p><img decoding=\"async\" loading=\"lazy\" class=\"wp-image-27386 alignright\" src=\"http:\/\/www.infokuryr.cz\/n\/wp-content\/uploads\/2023\/05\/osvobozeni-mapa-250x300.jpg\" alt=\"\" width=\"602\" height=\"722\" srcset=\"https:\/\/www.infokuryr.cz\/n\/wp-content\/uploads\/2023\/05\/osvobozeni-mapa-250x300.jpg 250w, https:\/\/www.infokuryr.cz\/n\/wp-content\/uploads\/2023\/05\/osvobozeni-mapa.jpg 710w\" sizes=\"(max-width: 602px) 100vw, 602px\" \/><\/p>\n<p>Tis\u00edce, des\u00edtky tis\u00edc n\u011bmeck\u00fdch fa\u0161ist\u016f\/nacist\u016f (ale i ukrajinsk\u00fdch banderovc\u016f, \u010dlen\u016f UPA, zrovna tak rusk\u00fdch vlastizr\u00e1dc\u016f \u2013 vlasovc\u016f, \u010dlen\u016f ROA, aj.) takto Ameri\u010dan\u00e9 zachr\u00e1nili p\u0159ed spravedliv\u00fdm zaslou\u017een\u00fdm trestem za sp\u00e1chan\u00e1 zv\u011brstva, kter\u00fd by je \u010dekal, pokud by se dostali do rukou sov\u011bt\u016f. \u201eSpojenci\u201c (hlavn\u011b USA) je ukr\u00fdvali, \u201evyr\u00e1b\u011bli\u201c jim novou identitu. Ukr\u00fdvali je po cel\u00e9m sv\u011bt\u011b. Nejv\u00edce v Ji\u017en\u00ed Americe (Argentina, Chile, Paraguay, Uraguay, Bol\u00edvie, Braz\u00edlie a jinde), t\u00e9\u017e ve st\u0159edn\u00ed Americe (Honduras, Panama, Nikaragua), ale tak\u00e9 klidn\u011b i u sebe &#8211; v\u00a0USA, i v Kanad\u011b. Ukr\u00fdvali je v Austr\u00e1lii a na Nov\u00e9m Z\u00e9lendu, dokonce i v t\u00e9 Evrop\u011b, p\u0159\u00edmo v NSR, Rakousku, \u0160v\u00fdcarsku, v\u0161ude, v\u0161ude. Zabezpe\u010dili je, \u0161kolili a vy\u0161kolili, vycvi\u010dili, p\u0159ipravovali je i jejich potomky pro pozd\u011bj\u0161\u00ed pou\u017eit\u00ed. <strong>To, \u017ee je dnes sv\u011bt fa\u0161isty a n\u00e1cky tak hn\u011bd\u00fd, je pr\u00e1v\u011b v\u00fdsledek jejich \u201ehou\u017eevnat\u00e9\u201c pr\u00e1ce, jejich zachra\u0148ov\u00e1n\u00ed fa\u0161ismu\/nacismu, toho, \u017ee se vylodili v\u00a0Normandii v\u00a0\u010dervnu 1944.<\/strong><\/p>\n<p><strong>Ameri\u010dany zachr\u00e1n\u011bn\u00ed, ukryt\u00ed, zabezpe\u010den\u00ed a s\u00a0novou identitou N\u011bmci\/fa\u0161ist\u00e9\/n\u00e1ckov\u00e9 st\u00e1li tak\u00e9 u zrodu Evropsk\u00e9 unie!! A to pod p\u0159\u00edm\u00fdm dohledem, dozorem USA a s\u00a0jejich v\u011bdom\u00edm a c\u00edlen\u00fdm \u00famyslem. S\u00a0radami, \u201edoporu\u010den\u00edmi\u201c USA (= na\u0159\u00edzen\u00edmi) i tak vznikala Evropsk\u00e1 unie, zprvu pod nejr\u016fzn\u011bj\u0161\u00edmi n\u00e1zvy a\u017e k\u00a0tomu dne\u0161n\u00edmu.<\/strong><\/p>\n<p>Nen\u00e1vid\u011bn\u00e1 v\u0161emi p\u016fvodn\u00edmi n\u00e1rody Evropy, a zbo\u017e\u0148ovan\u00e1 zaprodan\u00fdmi velezr\u00e1dn\u00fdmi politiky vlastn\u00edch n\u00e1rod\u016f, tak zvan\u00e1 <strong>Evropsk\u00e1 unie<\/strong> &#8211; tato fa\u0161istick\u00e1 kolonie pln\u011b pod dikt\u00e1tem a ve vleku zlo\u010dineck\u00fdch, fa\u0161istick\u00fdch USA se chov\u00e1 naprosto stejn\u011b agresivn\u011b, podle a z\u00e1ke\u0159n\u011b a \u00fapln\u011b p\u0159esn\u011b tak, jako se chovala t\u011bsn\u011b v\u00a0dob\u011b p\u0159ed druhou sv\u011btovou v\u00e1lkou nacistick\u00e1 n\u011bmeck\u00e1 <strong>\u201eT\u0159et\u00ed \u0159\u00ed\u0161e\u201c<\/strong> <em>(\u201eDrittes Reich\u201d),<\/em> pozd\u011bji pak na doporu\u010den\u00ed vynikaj\u00edc\u00edho lh\u00e1\u0159e a manipul\u00e1tora \u2013 ministra nacistick\u00e9 n\u011bmeck\u00e9 propagandy, nejbli\u017e\u0161\u00edho a nejv\u011brn\u011bj\u0161\u00edho spolupracovn\u00edka f\u00fchrera Adolfa Hitlera, fanatick\u00e9ho nacisty Josepha Goebbelse p\u0159ejmenovan\u00e1 na <strong>\u201eVelkon\u011bmeckou \u0159\u00ed\u0161i\u201c<\/strong> <em>(\u201eGro\u00dfdeutsches Reich\u201c)<\/em>. Jak skon\u010dil tento nechvaln\u011b sv\u011btov\u011b proslul\u00fd \u201evelkon\u011bmec\u201c, lh\u00e1\u0159, manipul\u00e1tor a demagog v\u00edme v\u0161ichni \u2013 1. kv\u011btna 1945 se svou man\u017eelkou nejprve otr\u00e1vili v\u0161ech \u0161est sv\u00fdch vlastn\u00edch d\u011bt\u00ed <em>(ve v\u011bku 5, 7, 8, 10, 11 a 13 let)<\/em>, potom i sebe. Ono toti\u017e \u017e\u00edt se l\u017e\u00ed a v\u00a0neust\u00e1l\u00e9m lhan\u00ed, \u017e\u00edt s\u00a0manipulac\u00ed a neust\u00e1le manipulovat <em>(oblbovat)<\/em> druh\u00e9 nen\u00ed mo\u017en\u00e9 a \u00fanosn\u00e9<em>! \u2013 <strong>To jen, jako memento, p\u0159ipom\u00edn\u00e1m t\u011bm sou\u010dasn\u00fdm lh\u00e1\u0159\u016fm, manipul\u00e1tor\u016fm a demagog\u016fm!<\/strong> &#8211; <\/em>Pravda, a\u0165 se tomu mnoz\u00ed br\u00e1n\u00ed, v\u017edy vyleze na povrch, by\u0165 i draze zaplacen\u00e1!<\/p>\n<p>Jin\u00e9, m\u00e9n\u011b zn\u00e1m\u00e9 n\u00e1zvy, ale p\u0159esto pou\u017e\u00edvan\u00e9, zejm\u00e9na v\u00a0pov\u00e1le\u010dn\u00e9, n\u011bmeck\u00e9, v\u011bdeck\u00e9 literatu\u0159e se nacistick\u00e9 N\u011bmecko ozna\u010duje i n\u00e1zvy jako <strong>\u201eV\u016fdcovsk\u00fd st\u00e1t\u201c<\/strong>\u00a0 <em>(\u201eF\u00fchrerstaat\u201c)<\/em> nebo <strong>\u201eTis\u00edcilet\u00e1 \u0159\u00ed\u0161e\u201c<\/strong> <em>(\u201eTausendj\u00e4hriges Reich\u201c)<\/em>. Hovorov\u011b je <strong>nacistick\u00e9 N\u011bmecko <\/strong>ozna\u010dov\u00e1no <em>Nazi-Deutschland<\/em> nebo tak\u00e9 <strong>Hitlerovo N\u011bmecko<\/strong> <em>(Hitlerdeutschland).<\/em><\/p>\n<p>I v\u00a0t\u00e9 pestrosti, rozmanitosti <em>(ale nejen v\u00a0n\u00ed)<\/em> n\u00e1zvoslov\u00ed <strong>\u201eVelkon\u011bmeck\u00e9 \u0159\u00ed\u0161e\u201c<\/strong> je vid\u011bt ne n\u00e1hodn\u00e1 paralela se sou\u010dasnou Evropskou uni\u00ed! Jak\u00e9 byly ty jin\u00e9, prvopo\u010d\u00e1te\u010dn\u00ed n\u00e1zvy sou\u010dasn\u00e9 Evropsk\u00e9 unie? &#8211; Nap\u0159\u00edklad <strong>ESUO <em>(Evropsk\u00e9 spole\u010denstv\u00ed uhl\u00ed a ocele),<\/em><\/strong> pak t\u0159eba <strong>ESVO <em>(Evropsk\u00e9 sdru\u017een\u00ed voln\u00e9ho obchodu)<\/em><\/strong>, pak <strong>EHS <em>(Evropsk\u00e9 hospod\u00e1\u0159sk\u00e9 spole\u010denstv\u00ed)<\/em><\/strong><em>, <\/em>d\u00e1le <strong>EURATOM <em>(Evropsk\u00e9 spole\u010denstv\u00ed pro atomovou energii)<\/em><\/strong><em>,<\/em> pak jen <strong>ES <em>(Evropsk\u00e9 spole\u010denstv\u00ed),<\/em><\/strong> a\u017e dne\u0161n\u00ed nen\u00e1vid\u011bn\u00e1 <em>(jen zr\u00e1dci vlastn\u00edch n\u00e1rod\u016f a poskoky USA a fa\u0161isty\/nacisty milovan\u00e1)<\/em> <strong>EU <em>(Evropsk\u00e1 unie).<\/em><\/strong><\/p>\n<p>Div\u00edte se? P\u0159ipad\u00e1 v\u00e1m to podivn\u00e9? \u2013 Ne, pro\u010d\u2026? <strong>Evropsk\u00e1 unie je pouze dal\u0161\u00edm pokra\u010dov\u00e1n\u00edm Velkon\u011bmeck\u00e9 t\u0159et\u00ed \u0159\u00ed\u0161e <em>(ale nyn\u00ed ji\u017e pln\u011b pod kontrolou USA!!)<\/em>.<\/strong> V\u017edy\u0165 fanati\u010dt\u00ed, zan\u00edcen\u00ed nacist\u00e9 a fa\u0161ist\u00e9, p\u0159esto\u017ee byli rozdrcen\u00ed sov\u011btskou Rudou arm\u00e1dou, byli od sam\u00e9ho po\u010d\u00e1tku u vzniku dal\u0161\u00ed okam\u017eit\u011b jimi tvo\u0159en\u00e9 spojovan\u00e9 a spole\u010dn\u00e9 evropsk\u00e9 \u0159\u00ed\u0161e, kter\u00e1 r\u016fzn\u00fdmi t\u011bmi kryc\u00edmi, maskovac\u00edmi, man\u00e9vrovac\u00edmi a z\u00e1m\u011brn\u011b matouc\u00edmi p\u0159ejmenov\u00e1v\u00e1n\u00edmi dostala a\u017e nyn\u011bj\u0161\u00ed n\u00e1zev \u2013 <strong>Evropsk\u00e1 unie. <\/strong>Jedna \u0159\u00ed\u0161e kon\u010dila, byla pora\u017eena, rozdrcena <em>(Velkon\u011bmeck\u00e1 \u0159\u00ed\u0161e),<\/em> a na jej\u00edch trosk\u00e1ch okam\u017eit\u011b fa\u0161ist\u00e9 osnovali \u0159\u00ed\u0161i dal\u0161\u00ed <em>(Evropskou unii<strong>)<\/strong><\/em><strong>! Pod kontrolou, pod dohledem a za pln\u00e9 pomoci a \u00fa\u010dasti USA! V\u017edy\u0165 kdo zachra\u0148oval pora\u017een\u00e9 fa\u0161isty a nacisty, p\u0159ed spravedlnost\u00ed a hn\u011bvem Sov\u011btsk\u00e9ho svazu a Rud\u00e9 arm\u00e1dy, p\u0159ed mezin\u00e1rodn\u00edm pr\u00e1vem, kdo je ukr\u00fdval a \u201evyr\u00e1b\u011bl\u201c jim novou identitu?! \u2013 Ano, USA!!<\/strong><\/p>\n<p><img decoding=\"async\" loading=\"lazy\" class=\"wp-image-27387 aligncenter\" src=\"http:\/\/www.infokuryr.cz\/n\/wp-content\/uploads\/2023\/05\/SOVETSKE-TANKY-300x216.jpg\" alt=\"\" width=\"735\" height=\"529\" srcset=\"https:\/\/www.infokuryr.cz\/n\/wp-content\/uploads\/2023\/05\/SOVETSKE-TANKY-300x216.jpg 300w, https:\/\/www.infokuryr.cz\/n\/wp-content\/uploads\/2023\/05\/SOVETSKE-TANKY-1024x737.jpg 1024w, https:\/\/www.infokuryr.cz\/n\/wp-content\/uploads\/2023\/05\/SOVETSKE-TANKY-768x553.jpg 768w, https:\/\/www.infokuryr.cz\/n\/wp-content\/uploads\/2023\/05\/SOVETSKE-TANKY-1536x1106.jpg 1536w, https:\/\/www.infokuryr.cz\/n\/wp-content\/uploads\/2023\/05\/SOVETSKE-TANKY.jpg 1572w\" sizes=\"(max-width: 735px) 100vw, 735px\" \/><\/p>\n<p><strong>D\u00e1le n\u011bco zaj\u00edmav\u00e9ho\u2026 <\/strong>Trouf\u00e1m si tvrdit, ba co v\u00edce, jsem p\u0159esv\u011bd\u010den <em>(a asi mi to nikdo nikdy nevyvr\u00e1t\u00ed, nebo\u0165 vyvr\u00e1tit to nelze),<\/em> \u017ee Ameri\u010dan\u00e9, jejich speci\u00e1ln\u00ed slu\u017eby se tajn\u011b zmocnili a ukradli na jimi <em>(Ameri\u010dany)<\/em> obsazen\u00e9m\/\u201cosvobozen\u00e9m\u201c \u010deskoslovensk\u00e9m \u00fazem\u00ed <strong>dosud st\u00e1le marn\u011b hledan\u00fd a \u201enenalezen\u00fd\u201c tak zvan\u00fd \u0160t\u011bchovick\u00fd poklad<\/strong>. Jeho obsah \u2013 velk\u00e9 mno\u017estv\u00ed beden p\u0159ev\u00e1\u017en\u011b s\u00a0tajn\u00fdmi slo\u017ekami,\u00a0dokumenty \u2013 seznamy eses\u00e1k\u016f, gestap\u00e1k\u016f, \u010dlen\u016f NSDAP, \u010dlen\u016f Sudeton\u011bmeck\u00e9 strany aj., v\u0161ech jejich kolaborant\u016f, udava\u010d\u016f gestapa, zr\u00e1dc\u016f, zaprodanc\u016f apod. a to nejen \u010deskoslovensk\u00fdch, n\u00fdbr\u017e z\u00a0cel\u00e9 Evropy. Takto z\u00edskan\u00e9 informace \u201eoperativn\u011b\u201c, vhodn\u011b, pou\u017e\u00edvali, vyu\u017e\u00edvali a zneu\u017e\u00edvali, samoz\u0159ejm\u011b, pro sv\u00e9 z\u00e1jmy, a dosud vyu\u017e\u00edvaj\u00ed!! Jsem p\u0159esv\u011bd\u010den, \u017ee pr\u00e1v\u011b v\u00a0t\u011bchto seznamech bychom na\u0161li i v\u0161echna jm\u00e9na sou\u010dasn\u00fdch \u010desk\u00fdch, slovensk\u00fdch a v\u016fbec evropsk\u00fdch politik\u016f a aktivist\u016f \u2013 tj. potomk\u016f a pohrobk\u016f lid\u00ed uveden\u00fdch v Ameri\u010dany\u00a0ukraden\u00fdch seznamech \u2013 dosazen\u00fdch pak Ameri\u010dany zmanipulovan\u00fdmi jakoby volbami na sv\u00e1 m\u00edsta ve st\u00e1tn\u00ed spr\u00e1v\u011b, v\u00a0\u010dele st\u00e1t\u016f, v\u00a0\u010dele v\u0161ech t\u011bch nemo\u017en\u00fdch instituc\u00ed EU, v\u00a0\u010dele r\u016fzn\u00fdch politick\u00fdch stran, hnut\u00ed, proamerick\u00fdch neziskovek, v\u0161ech t\u011bch americk\u00fdch \u201easpen\u016f\u201c, \u201ethink-tank\u016f\u201c a podobn\u00fdch hr\u016fz a svinstev. Mnoz\u00ed potomci lid\u00ed uveden\u00fdch v \u201eseznamech\u201c jist\u011b byli vy\u0161koleni, pro\u0161koleni, p\u0159ipraveni americk\u00fdmi slu\u017ebami, americk\u00fdmi \u201easpeny\u201c, \u201ethink-tanky\u201c apod. Ve v\u0161ech st\u00e1tech Evropy, a i mimo Evropu, v\u0161e toti\u017e prob\u00edh\u00e1 naprosto stejn\u011b, jako p\u0159es kop\u00edr\u00e1k, podle americk\u00e9ho sc\u00e9n\u00e1\u0159e.<\/p>\n<p><strong>Nev\u011b\u0159\u00edte? T\u011b\u017eko uv\u011b\u0159iteln\u00e9?<\/strong> \u2013 Rozhl\u00e9dn\u011bte se kolem sebe a po sv\u011bt\u011b. Hitlerem kdysi sjednocen\u00e1 (podman\u011bn\u00e1) Evropa, tentokr\u00e1t nazvan\u00e1 Evropsk\u00e1 unie, znovu sjednocen\u00e1 fa\u0161istick\u00fdmi vl\u00e1dami, v\u00a0zem\u00edch s nastolen\u00fdm fa\u0161ismem a fanatickou nen\u00e1vist\u00ed k\u00a0Rusku a v\u0161emu rusk\u00e9mu. I toto je \u201epr\u00e1ce\u201c a v\u00fdsledek onoho \u201eslavn\u00e9ho\u201c vylod\u011bn\u00ed \u201espojenc\u016f\u201c v\u00a0Normandii 6. \u010dervna 1944 a skute\u010dn\u00e9ho zachra\u0148ov\u00e1n\u00ed fa\u0161ist\u016f\/nacist\u016f Ameri\u010dany!! <strong><em>A pravd\u011bpodobn\u011b<\/em><\/strong> na tom m\u00e1 i nemal\u00fd pod\u00edl zneu\u017eit\u00ed informac\u00ed z\u00a0dokument\u016f ukraden\u00e9ho \u0160t\u011bchovick\u00e9ho pokladu. Viz cel\u00e1 ta sou\u010dasn\u00e1, ano, hn\u011bd\u00e1 fa\u0161istick\u00e1 Evropsk\u00e1 unie! Co\u017epak EU nen\u00ed koloni\u00ed Spojen\u00fdch st\u00e1t\u016f? Co\u017epak EU nen\u00ed n\u00e1stroj USA, jak znovu poslat sjednocen\u00e9 fa\u0161ismem st\u00e1ty Evropy do agresivn\u00ed v\u00e1lky proti Rusku jako za Hitlera?!<\/p>\n<p><span style=\"font-size: 18pt;\"><strong>AMERI\u010cAN\u00c9 NEOSVOBOZOVALI! AMERI\u010cAN\u00c9 \u0160KODILI! ZAB\u00cdJELI!<\/strong><\/span><\/p>\n<p><strong>Na cel\u00e9m \u00fazem\u00ed \u010ceskoslovenska Ameri\u010dan\u00e9 t\u00edm jejich zp\u016fsobem \u201eosvobozov\u00e1n\u00ed\u201c, tedy bombami, zabili v\u00edce ne\u017e 20.000 \u010deskoslovensk\u00fdch obyvatel. I cel\u00e9 \u0161koln\u00ed t\u0159\u00eddy s\u00a0jejich u\u010ditelkami (viz Plze\u0148 17. dubna 1945)<\/strong><\/p>\n<p><span style=\"font-size: 18pt;\"><strong>\u010cESKOSLOVENSKO OSVOBODILA RUD\u00c1 ARM\u00c1DA, SSSR<\/strong><\/span><\/p>\n<p><img decoding=\"async\" loading=\"lazy\" class=\"alignnone  wp-image-27388 alignleft\" src=\"http:\/\/www.infokuryr.cz\/n\/wp-content\/uploads\/2023\/05\/DAREK-KONEVOVI-244x300.jpg\" alt=\"\" width=\"536\" height=\"659\" srcset=\"https:\/\/www.infokuryr.cz\/n\/wp-content\/uploads\/2023\/05\/DAREK-KONEVOVI-244x300.jpg 244w, https:\/\/www.infokuryr.cz\/n\/wp-content\/uploads\/2023\/05\/DAREK-KONEVOVI-833x1024.jpg 833w, https:\/\/www.infokuryr.cz\/n\/wp-content\/uploads\/2023\/05\/DAREK-KONEVOVI-768x944.jpg 768w, https:\/\/www.infokuryr.cz\/n\/wp-content\/uploads\/2023\/05\/DAREK-KONEVOVI.jpg 908w\" sizes=\"(max-width: 536px) 100vw, 536px\" \/><\/p>\n<p>Rud\u00e1 arm\u00e1da rozhodla druhou sv\u011btovou v\u00e1lku, Rud\u00e1 arm\u00e1da p\u0159esv\u011bd\u010div\u011b zv\u00edt\u011bzila a osvobodila od n\u011bmeck\u00e9ho fa\u0161ismu st\u00e1ty v\u00fdchodn\u00ed a st\u0159edn\u00ed Evropy. Teprve a\u017e rychl\u00fd postup v\u00edt\u011bz\u00edc\u00ed Rud\u00e9 arm\u00e1dy na Berl\u00edn donutil \u201espojence\u201c urychlen\u011b se vylodit v Normandii a za\u010d\u00edt osvobozovat z\u00e1pad Evropy. Kdyby se toti\u017e \u201espojenci\u201c hodlali vylodit jen o p\u00e1r m\u011bs\u00edc\u016f pozd\u011bji, ji\u017e by se ani vylo\u010fovat nemuseli, nebo\u0165 Rud\u00e1 arm\u00e1da by do\u0161la a\u017e k Atlantiku, \u010demu\u017e cht\u011bli \u201espojenci\u201c zabr\u00e1nit za ka\u017edou cenu.<\/p>\n<p>Jak Velkon\u011bmeck\u00e1 \u0159\u00ed\u0161e se sv\u00fdmi v\u0161em nad\u0159azen\u00fdmi \u201evelkon\u011bmci\u201c skon\u010dila, v\u00edme v\u0161ichni dob\u0159e. Byla rozdrcena, rozpr\u00e1\u0161ena Sov\u011btsk\u00fdm svazem, Rudou arm\u00e1dou, Stalinem a jeho geni\u00e1ln\u00edmi vojev\u016fdci, ke kter\u00fdm se pak ke konci v\u00e1lky, tedy 11 m\u011bs\u00edc\u016f p\u0159ed v\u00edt\u011bzstv\u00edm Rud\u00e9 arm\u00e1dy, urychlen\u011b <em>(a p\u0159eci tak pozd\u011b)<\/em> p\u0159idali \u201espojenci\u201c sv\u00fdm vylod\u011bn\u00edm v\u00a0Normandii.<\/p>\n<p><strong>\u010ceskoslovensko bylo osvobozeno dne 9. Kv\u011btna 1945 sov\u011btskou Rudou arm\u00e1dou. <\/strong>Tento den jsme v\u017edy hrd\u011b slavili jako <strong>Den v\u00edt\u011bzstv\u00ed Sov\u011btsk\u00e9ho svazu nad fa\u0161istick\u00fdm N\u011bmeckem a osvobozen\u00ed \u010ceskoslovenska!<\/strong> A tento den takto i znovu slavit v\u017edy budeme! NEN\u00cd PRAVDA, \u017dE N\u00c1S OSVOBODILI AMERI\u010cAN\u00c9! AMERI\u010cAN\u00c9 POUZE DOJELI NA DEMARKA\u010cN\u00cd LINII. Proto se mi nel\u00edb\u00ed ani n\u00e1zory t\u011bch, kte\u0159\u00ed usm\u00ed\u0159en\u011b a jakoby pravdiv\u011b, aby se nedotkli a neurazili snad Ameri\u010dany, \u0159\u00edkaj\u00ed, \u017ee n\u00e1s osvobodili Rusov\u00e9 a Ameri\u010dan\u00e9, \u017ee n\u00e1s osvobodil SSSR a USA. Znovu \u2013 NEN\u00cd TO PRAVDA! Ameri\u010dan\u00e9 n\u00e1s NEOSVOBODILI! Ameri\u010dan\u00e9 n\u00e1m v\u017edy \u0161kodili!<\/p>\n<p><strong>Celkem padlo na \u00fazem\u00ed \u010cSR (\u010ceskoslovenska) 116 americk\u00fdch voj\u00e1k\u016f <em>(po\u010dty se m\u011bn\u00ed, ale v\u011bt\u0161ina badatel\u016f se shoduje na tomto \u010d\u00edsle, n\u011bkdo i tvrd\u00ed, \u017ee jen 90)<\/em> a 144. 000 sov\u011btsk\u00fdch voj\u00e1k\u016f Rud\u00e9 arm\u00e1dy! (D\u00e1le padlo p\u0159i osvobozov\u00e1n\u00ed \u010ceskoslovenska na 60.000 rumunsk\u00fdch voj\u00e1k\u016f, asi 1.000 polsk\u00fdch voj\u00e1k\u016f; jak vidno i ti Rumuni, ale i Pol\u00e1ci maj\u00ed n\u011bkolikan\u00e1sobn\u011b vy\u0161\u0161\u00ed z\u00e1sluhy na osvobozen\u00ed \u010ceskoslovenska, ne\u017e ti st\u00e1le adorovan\u00ed, tj. zbo\u017en\u011b uct\u00edvan\u00ed Ameri\u010dan\u00e9!) <\/strong>Zahynul\u00ed Ameri\u010dan\u00e9 (t\u011bch 119, mo\u017en\u00e1 jen 90) byli v\u00a0naprost\u00e9 v\u011bt\u0161in\u011b p\u0159\u00edpad\u016f ob\u011b\u0165mi tragick\u00fdch nehod, ne\u0161\u0165astn\u00fdch ud\u00e1lost\u00ed, vlastn\u00ed neopatrnosti, pouze ojedin\u011bl\u00fdch p\u0159est\u0159elek, ne\u017e skute\u010dn\u00e9ho boje s\u00a0po zuby ozbrojen\u00fdmi N\u011bmci. Ani jeden Ameri\u010dan nepadl v\u00a0Plzni. Ani jeden Ameri\u010dan nen\u00ed poh\u0159ben na \u010deskoslovensk\u00e9m \u00fazem\u00ed. N\u011bmci na Ameri\u010dany nest\u0159\u00edleli, nebojovali s\u00a0nimi, nebo\u0165 prchali v\u00a0panick\u00e9 hr\u016fze p\u0159ed postupuj\u00edc\u00ed Rudou arm\u00e1dou do americk\u00e9ho bezpe\u010d\u00ed, do americk\u00e9ho zajet\u00ed! &#8211; Vy byste st\u0159\u00edleli na n\u011bkoho, od koho chcete a o\u010dek\u00e1v\u00e1te z\u00e1chranu, pomoc, vysvobozen\u00ed, spasen\u00ed sv\u00e9ho \u017eivota?!!<\/p>\n<p><strong>Socialistick\u00e9 \u0161kolstv\u00ed m\u011b\/n\u00e1s\/moji generaci velice dob\u0159e nau\u010dilo! \u2013 Osvobodil n\u00e1s Sov\u011btsk\u00fd svaz, Rud\u00e1 arm\u00e1da a do z\u00e1padn\u00edch \u010cech na demarka\u010dn\u00ed linii, tedy i do Plzn\u011b, dojeli spojenci, Ameri\u010dan\u00e9! Neglorifikovali je, nebo\u0165 nebylo za co! Takto n\u00e1s u\u010dili.<\/strong><\/p>\n<p><span style=\"font-size: 18pt;\"><u>Na z\u00e1v\u011br znovu opakuji a zd\u016fraz\u0148uji<\/u><strong> <u>\u0161okuj\u00edc\u00ed pravdu:<\/u><\/strong><\/span><\/p>\n<p><strong>v\u00a0<\/strong><strong>m\u00e1jov\u00e9 dny s\u00a0Ameri\u010dany oslavuj\u00ed osvobozen\u00ed a v\u00edt\u011bzstv\u00ed zan\u00edcen\u00ed, fanati\u010dt\u00ed nacist\u00e9\/fa\u0161ist\u00e9 <\/strong>a s nimi ti nic neznaj\u00edc\u00ed, netu\u0161\u00edc\u00ed hlup\u00e1ci a tupci!<\/p>\n<p><strong>V\u0161ichni tito, kte\u0159\u00ed oslavuj\u00ed spole\u010dn\u011b s\u00a0Ameri\u010dany osvobozen\u00ed a v\u00edt\u011bzstv\u00ed s americk\u00fdmi vlajkami, oslavuj\u00ed i tehdej\u0161\u00ed hitlerovsk\u00fd nacistick\u00fd Protektor\u00e1t \u010cechy a Morava a z\u00e1rove\u0148 i ten sou\u010dasn\u00fd ukrajinsk\u00fd nacistick\u00fd Protektor\u00e1t \u010cechy a Morava!<\/strong><\/p>\n<p><img decoding=\"async\" loading=\"lazy\" class=\"wp-image-27389 aligncenter\" src=\"http:\/\/www.infokuryr.cz\/n\/wp-content\/uploads\/2023\/05\/MY-SE-VRATIME-300x211.jpg\" alt=\"\" width=\"690\" height=\"485\" srcset=\"https:\/\/www.infokuryr.cz\/n\/wp-content\/uploads\/2023\/05\/MY-SE-VRATIME-300x211.jpg 300w, https:\/\/www.infokuryr.cz\/n\/wp-content\/uploads\/2023\/05\/MY-SE-VRATIME-768x541.jpg 768w, https:\/\/www.infokuryr.cz\/n\/wp-content\/uploads\/2023\/05\/MY-SE-VRATIME.jpg 940w\" sizes=\"(max-width: 690px) 100vw, 690px\" \/><\/p>\n<p><img decoding=\"async\" loading=\"lazy\" class=\"wp-image-27390 aligncenter\" src=\"http:\/\/www.infokuryr.cz\/n\/wp-content\/uploads\/2023\/05\/VETERAN-1-300x275.jpg\" alt=\"\" width=\"679\" height=\"623\" srcset=\"https:\/\/www.infokuryr.cz\/n\/wp-content\/uploads\/2023\/05\/VETERAN-1-300x275.jpg 300w, https:\/\/www.infokuryr.cz\/n\/wp-content\/uploads\/2023\/05\/VETERAN-1-1024x938.jpg 1024w, https:\/\/www.infokuryr.cz\/n\/wp-content\/uploads\/2023\/05\/VETERAN-1-768x704.jpg 768w, https:\/\/www.infokuryr.cz\/n\/wp-content\/uploads\/2023\/05\/VETERAN-1.jpg 1436w\" sizes=\"(max-width: 679px) 100vw, 679px\" \/><\/p>\n<p><img decoding=\"async\" loading=\"lazy\" class=\" wp-image-27391 aligncenter\" src=\"http:\/\/www.infokuryr.cz\/n\/wp-content\/uploads\/2023\/05\/VETERAN-2-300x225.jpg\" alt=\"\" width=\"668\" height=\"501\" srcset=\"https:\/\/www.infokuryr.cz\/n\/wp-content\/uploads\/2023\/05\/VETERAN-2-300x225.jpg 300w, https:\/\/www.infokuryr.cz\/n\/wp-content\/uploads\/2023\/05\/VETERAN-2-1024x768.jpg 1024w, https:\/\/www.infokuryr.cz\/n\/wp-content\/uploads\/2023\/05\/VETERAN-2-768x576.jpg 768w, https:\/\/www.infokuryr.cz\/n\/wp-content\/uploads\/2023\/05\/VETERAN-2-1536x1152.jpg 1536w, https:\/\/www.infokuryr.cz\/n\/wp-content\/uploads\/2023\/05\/VETERAN-2.jpg 1600w\" sizes=\"(max-width: 668px) 100vw, 668px\" \/><\/p>\n<p><img decoding=\"async\" loading=\"lazy\" class=\"wp-image-27392 aligncenter\" src=\"http:\/\/www.infokuryr.cz\/n\/wp-content\/uploads\/2023\/05\/VETERAN-3-300x227.jpg\" alt=\"\" width=\"660\" height=\"499\" srcset=\"https:\/\/www.infokuryr.cz\/n\/wp-content\/uploads\/2023\/05\/VETERAN-3-300x227.jpg 300w, https:\/\/www.infokuryr.cz\/n\/wp-content\/uploads\/2023\/05\/VETERAN-3-1024x776.jpg 1024w, https:\/\/www.infokuryr.cz\/n\/wp-content\/uploads\/2023\/05\/VETERAN-3-768x582.jpg 768w, https:\/\/www.infokuryr.cz\/n\/wp-content\/uploads\/2023\/05\/VETERAN-3-1536x1164.jpg 1536w, https:\/\/www.infokuryr.cz\/n\/wp-content\/uploads\/2023\/05\/VETERAN-3.jpg 1650w\" sizes=\"(max-width: 660px) 100vw, 660px\" \/><\/p>\n<p><strong>Mgr. Petr Michal\u016f<\/strong><\/p>\n<p>&nbsp;<\/p>\n<p>&nbsp;<\/p>\n<p><img decoding=\"async\" loading=\"lazy\" class=\"wp-image-19187 aligncenter\" src=\"http:\/\/www.infokuryr.cz\/n\/wp-content\/uploads\/2022\/12\/1-PRO-300x36.jpg\" alt=\"\" width=\"1308\" height=\"157\" srcset=\"https:\/\/www.infokuryr.cz\/n\/wp-content\/uploads\/2022\/12\/1-PRO-300x36.jpg 300w, https:\/\/www.infokuryr.cz\/n\/wp-content\/uploads\/2022\/12\/1-PRO.jpg 699w\" sizes=\"(max-width: 1308px) 100vw, 1308px\" \/><\/p>\n<p>&nbsp;<\/p>\n<p>&nbsp;<\/p>\n","protected":false},"excerpt":{"rendered":"<p>Proti manipulativn\u00edm agresivn\u00edm l\u017e\u00edm a v\u0161ude vlezl\u00fdm vnucovan\u00fdm n\u00e1m dezinformac\u00edm je nutn\u00e9 se \u00fa\u010dinn\u011b br\u00e1nit&#8230;.<\/p>\n","protected":false},"author":2,"featured_media":27384,"comment_status":"closed","ping_status":"closed","sticky":false,"template":"","format":"standard","meta":[],"categories":[6],"tags":[898,230,231,40],"_links":{"self":[{"href":"https:\/\/www.infokuryr.cz\/n\/wp-json\/wp\/v2\/posts\/27383"}],"collection":[{"href":"https:\/\/www.infokuryr.cz\/n\/wp-json\/wp\/v2\/posts"}],"about":[{"href":"https:\/\/www.infokuryr.cz\/n\/wp-json\/wp\/v2\/types\/post"}],"author":[{"embeddable":true,"href":"https:\/\/www.infokuryr.cz\/n\/wp-json\/wp\/v2\/users\/2"}],"replies":[{"embeddable":true,"href":"https:\/\/www.infokuryr.cz\/n\/wp-json\/wp\/v2\/comments?post=27383"}],"version-history":[{"count":0,"href":"https:\/\/www.infokuryr.cz\/n\/wp-json\/wp\/v2\/posts\/27383\/revisions"}],"wp:featuredmedia":[{"embeddable":true,"href":"https:\/\/www.infokuryr.cz\/n\/wp-json\/wp\/v2\/media\/27384"}],"wp:attachment":[{"href":"https:\/\/www.infokuryr.cz\/n\/wp-json\/wp\/v2\/media?parent=27383"}],"wp:term":[{"taxonomy":"category","embeddable":true,"href":"https:\/\/www.infokuryr.cz\/n\/wp-json\/wp\/v2\/categories?post=27383"},{"taxonomy":"post_tag","embeddable":true,"href":"https:\/\/www.infokuryr.cz\/n\/wp-json\/wp\/v2\/tags?post=27383"}],"curies":[{"name":"wp","href":"https:\/\/api.w.org\/{rel}","templated":true}]}}