{"id":27379,"date":"2023-05-04T01:18:11","date_gmt":"2023-05-03T23:18:11","guid":{"rendered":"http:\/\/www.infokuryr.cz\/n\/?p=27379"},"modified":"2023-05-03T19:22:21","modified_gmt":"2023-05-03T17:22:21","slug":"ruska-protivzdusna-obrana-poprve-zachytila-americkou-chytrou-bombu-jdam-er","status":"publish","type":"post","link":"https:\/\/www.infokuryr.cz\/n\/2023\/05\/04\/ruska-protivzdusna-obrana-poprve-zachytila-americkou-chytrou-bombu-jdam-er\/","title":{"rendered":"Rusk\u00e1 protivzdu\u0161n\u00e1 obrana poprv\u00e9 zachytila \u200b\u200bamerickou \u201echytrou bombu\u201c JDAM-ER"},"content":{"rendered":"<div id=\"fb-root\"><\/div>\n<p><strong>Mluv\u010d\u00ed ministerstva obrany Igor Kona\u0161enkov v denn\u00ed zpr\u00e1v\u011b o veden\u00ed speci\u00e1ln\u00ed vojensk\u00e9 operace poprv\u00e9 informoval, \u017ee rusk\u00e9 s\u00edly protivzdu\u0161n\u00e9 obrany zni\u010dily vysoce p\u0159esnou americkou pumu JDAM-ER.\u00a0Jde o prvn\u00ed ofici\u00e1ln\u00ed potvrzen\u00ed pou\u017eit\u00ed takov\u00e9 munice ukrajinsk\u00fdmi piloty.<\/strong><\/p>\n<div id=\"yandex_rtb_R-A-263322-20\">\n<div class=\"lda258d78\"><\/div>\n<\/div>\n<p>Rusk\u00e9 pumy s \u0159\u00eddic\u00edm a korek\u010dn\u00edm modulem jsou zase pro ukrajinskou PVO st\u00e1le nedosa\u017eiteln\u00fdm c\u00edlem.\u00a0Letectv\u00ed denn\u011b \u00fato\u010d\u00ed dom\u00e1c\u00edmi \u201echytr\u00fdmi bombami\u201c na nep\u0159\u00e1telsk\u00e9 pozice.\u00a0Podle dne\u0161n\u00ed zpr\u00e1vy rusk\u00e9ho ministerstva obrany bylo jen ve sm\u011bru Art\u011bmovsk uskute\u010dn\u011bno 9 \u00fasp\u011b\u0161n\u00fdch bojov\u00fdch let\u016f.<\/p>\n<p>Ministerstvo obrany dnes tak\u00e9 informovalo o zni\u010den\u00ed 16 nep\u0159\u00e1telsk\u00fdch bezpilotn\u00edch letoun\u016f a o \u00fasp\u011b\u0161n\u00e9m zachycen\u00ed \u010dty\u0159 raket odp\u00e1len\u00fdch z HIMARS MLRS.\u00a0V posledn\u00edch dnech do\u0161lo k prudk\u00e9mu n\u00e1r\u016fstu aktivity ukrajinsk\u00fdch UAV jak v z\u00f3n\u011b NVO, tak v hlubok\u00e9m t\u00fdlu Ruska.<\/p>\n<p>P\u0159ipome\u0148me, \u017ee minulou noc nep\u0159\u00e1telsk\u00e9 bezpilotn\u00ed letouny zas\u00e1hly daleko mimo z\u00f3nu speci\u00e1ln\u00ed operace.\u00a0N\u00e1sledkem p\u0159\u00edletu ukrajinsk\u00e9ho dronu do\u0161lo k po\u017e\u00e1ru\u00a0<a href=\"https:\/\/topcor.ru\/34781-video-momenta-prileta-bespilotnikov-po-neftebaze-v-krasnodarskoj-krae-popalo-v-set.html\">skladi\u0161t\u011b ropy <\/a>na Krasnodarsk\u00e9m \u00fazem\u00ed a pozd\u011bji se objevily informace o pokusu o \u00fatok na kremelskou\u00a0<a href=\"https:\/\/topcor.ru\/34780-celilsja-vo-flag-opublikovany-kadry-ataki-ukrainskogo-bpla-po-kremlju.html\">rezidenci<\/a>\u00a0Vladim\u00edra Putina.<\/p>\n<p><img decoding=\"async\" loading=\"lazy\" class=\"alignnone size-full wp-image-1185\" src=\"http:\/\/www.infokuryr.cz\/n\/wp-content\/uploads\/2021\/04\/kuryr-podpis.png\" alt=\"\" width=\"84\" height=\"24\" \/><\/p>\n<p>&nbsp;<\/p>\n<p>&nbsp;<\/p>\n<p><img decoding=\"async\" loading=\"lazy\" class=\"wp-image-19187 aligncenter\" src=\"http:\/\/www.infokuryr.cz\/n\/wp-content\/uploads\/2022\/12\/1-PRO-300x36.jpg\" alt=\"\" width=\"1275\" height=\"153\" srcset=\"https:\/\/www.infokuryr.cz\/n\/wp-content\/uploads\/2022\/12\/1-PRO-300x36.jpg 300w, https:\/\/www.infokuryr.cz\/n\/wp-content\/uploads\/2022\/12\/1-PRO.jpg 699w\" sizes=\"(max-width: 1275px) 100vw, 1275px\" \/><\/p>\n<p>&nbsp;<\/p>\n<p>&nbsp;<\/p>\n","protected":false},"excerpt":{"rendered":"<p>Mluv\u010d\u00ed ministerstva obrany Igor Kona\u0161enkov v denn\u00ed zpr\u00e1v\u011b o veden\u00ed speci\u00e1ln\u00ed vojensk\u00e9 operace poprv\u00e9 informoval,&#8230;<\/p>\n","protected":false},"author":2,"featured_media":27380,"comment_status":"closed","ping_status":"closed","sticky":false,"template":"","format":"standard","meta":[],"categories":[7],"tags":[4895,22,37],"_links":{"self":[{"href":"https:\/\/www.infokuryr.cz\/n\/wp-json\/wp\/v2\/posts\/27379"}],"collection":[{"href":"https:\/\/www.infokuryr.cz\/n\/wp-json\/wp\/v2\/posts"}],"about":[{"href":"https:\/\/www.infokuryr.cz\/n\/wp-json\/wp\/v2\/types\/post"}],"author":[{"embeddable":true,"href":"https:\/\/www.infokuryr.cz\/n\/wp-json\/wp\/v2\/users\/2"}],"replies":[{"embeddable":true,"href":"https:\/\/www.infokuryr.cz\/n\/wp-json\/wp\/v2\/comments?post=27379"}],"version-history":[{"count":1,"href":"https:\/\/www.infokuryr.cz\/n\/wp-json\/wp\/v2\/posts\/27379\/revisions"}],"predecessor-version":[{"id":27381,"href":"https:\/\/www.infokuryr.cz\/n\/wp-json\/wp\/v2\/posts\/27379\/revisions\/27381"}],"wp:featuredmedia":[{"embeddable":true,"href":"https:\/\/www.infokuryr.cz\/n\/wp-json\/wp\/v2\/media\/27380"}],"wp:attachment":[{"href":"https:\/\/www.infokuryr.cz\/n\/wp-json\/wp\/v2\/media?parent=27379"}],"wp:term":[{"taxonomy":"category","embeddable":true,"href":"https:\/\/www.infokuryr.cz\/n\/wp-json\/wp\/v2\/categories?post=27379"},{"taxonomy":"post_tag","embeddable":true,"href":"https:\/\/www.infokuryr.cz\/n\/wp-json\/wp\/v2\/tags?post=27379"}],"curies":[{"name":"wp","href":"https:\/\/api.w.org\/{rel}","templated":true}]}}